{"id":55647,"date":"2025-11-21T19:35:11","date_gmt":"2025-11-21T19:35:11","guid":{"rendered":"https:\/\/www.europesays.com\/lv\/55647\/"},"modified":"2025-11-21T19:35:11","modified_gmt":"2025-11-21T19:35:11","slug":"augsti-patogena-putnu-gripa-konstateta-pieciem-mirusiem-gulbjiem","status":"publish","type":"post","link":"https:\/\/www.europesays.com\/lv\/55647\/","title":{"rendered":"Augsti patog\u0113n\u0101 putnu gripa konstat\u0113ta pieciem miru\u0161iem gulbjiem"},"content":{"rendered":"<p>Augsti patog\u0113n\u0101 putnu gripa H5N1 konstat\u0113ta pieciem miru\u0161iem gulbjiem, inform\u0113ja P\u0101rtikas un veterin\u0101raj\u0101 dienest\u0101 (PVD).<\/p>\n<p>Putnu gripa H5N1 konstat\u0113ta miru\u0161iem gulbjiem, kas atrasti C\u0113su novada M\u0101rsn\u0113nu un Prieku\u013cu pagastos, L\u012bv\u0101nu novada Jersikas pagast\u0101, \u0136ekavas novada \u0136ekavas pagast\u0101 un Balvu novada Sus\u0101ju pagast\u0101.<\/p>\n<p>Latvij\u0101 2025. gad\u0101 uz augsti patog\u0113no putnu gripu laboratoriski izmekl\u0113ti kopum\u0101 78 atrasti miru\u0161i savva\u013cas putni, 18 no tiem konstat\u0113ta augsti patog\u0113n\u0101 putnu gripa H5N1.<\/p>\n<p>PVD nor\u0101da, ka visi augsti patog\u0113n\u0101s putnu gripas gad\u012bjumi miru\u0161iem savva\u013cas putniem konstat\u0113ti ruden\u012b &#8211; laika posm\u0101 no septembra l\u012bdz novembra vidum vis\u0101 Latvijas teritorij\u0101, nevis k\u0101d\u0101 konkr\u0113t\u0101 re\u0123ion\u0101.<\/p>\n<p>Pag\u0101ju\u0161aj\u0101 ned\u0113\u013c\u0101 augsti patog\u0113n\u0101 putnu gripa tika konstat\u0113ta Dienvidkurzemes novada Durbes pagast\u0101 piem\u0101jas saimniec\u012bb\u0101 ar 93 m\u0101jputniem, bet \u0161\u012b gada pavasar\u012b &#8211; m\u0101jputnu novietn\u0113 Ogres novad\u0101.<\/p>\n","protected":false},"excerpt":{"rendered":"Augsti patog\u0113n\u0101 putnu gripa H5N1 konstat\u0113ta pieciem miru\u0161iem gulbjiem, inform\u0113ja P\u0101rtikas un veterin\u0101raj\u0101 dienest\u0101 (PVD). Putnu gripa H5N1&hellip;\n","protected":false},"author":2,"featured_media":55648,"comment_status":"","ping_status":"","sticky":false,"template":"","format":"standard","meta":{"footnotes":""},"categories":[5],"tags":[129,6036,23,28,29,32,33,22,30,31,35,39,38,36,37,34,40,20,26,27,6037,6038,24,25,21],"class_list":{"0":"post-55647","1":"post","2":"type-post","3":"status-publish","4":"format-standard","5":"has-post-thumbnail","7":"category-aktualitates","8":"tag-__typenameadvicekeyword","9":"tag-id740","10":"tag-aktualitates","11":"tag-breaking-news","12":"tag-breakingnews","13":"tag-featured-news","14":"tag-featurednews","15":"tag-headlines","16":"tag-latest-news","17":"tag-latestnews","18":"tag-latvia","19":"tag-latvian","20":"tag-latviesu","21":"tag-latviesu-valoda","22":"tag-latviesuvaloda","23":"tag-latvija","24":"tag-lv","25":"tag-news","26":"tag-popularakas-zinas","27":"tag-popularakaszinas","28":"tag-slugdzivnieki","29":"tag-titledzivnieki","30":"tag-top-stories","31":"tag-topstories","32":"tag-zinas"},"share_on_mastodon":{"url":"https:\/\/pubeurope.com\/@lv\/115589370619463459","error":""},"_links":{"self":[{"href":"https:\/\/www.europesays.com\/lv\/wp-json\/wp\/v2\/posts\/55647","targetHints":{"allow":["GET"]}}],"collection":[{"href":"https:\/\/www.europesays.com\/lv\/wp-json\/wp\/v2\/posts"}],"about":[{"href":"https:\/\/www.europesays.com\/lv\/wp-json\/wp\/v2\/types\/post"}],"author":[{"embeddable":true,"href":"https:\/\/www.europesays.com\/lv\/wp-json\/wp\/v2\/users\/2"}],"replies":[{"embeddable":true,"href":"https:\/\/www.europesays.com\/lv\/wp-json\/wp\/v2\/comments?post=55647"}],"version-history":[{"count":0,"href":"https:\/\/www.europesays.com\/lv\/wp-json\/wp\/v2\/posts\/55647\/revisions"}],"wp:featuredmedia":[{"embeddable":true,"href":"https:\/\/www.europesays.com\/lv\/wp-json\/wp\/v2\/media\/55648"}],"wp:attachment":[{"href":"https:\/\/www.europesays.com\/lv\/wp-json\/wp\/v2\/media?parent=55647"}],"wp:term":[{"taxonomy":"category","embeddable":true,"href":"https:\/\/www.europesays.com\/lv\/wp-json\/wp\/v2\/categories?post=55647"},{"taxonomy":"post_tag","embeddable":true,"href":"https:\/\/www.europesays.com\/lv\/wp-json\/wp\/v2\/tags?post=55647"}],"curies":[{"name":"wp","href":"https:\/\/api.w.org\/{rel}","templated":true}]}}