{"id":55655,"date":"2025-11-21T19:53:10","date_gmt":"2025-11-21T19:53:10","guid":{"rendered":"https:\/\/www.europesays.com\/lv\/55655\/"},"modified":"2025-11-21T19:53:10","modified_gmt":"2025-11-21T19:53:10","slug":"ja-regioni-netiks-atbalstiti-tas-var-nozimet-valdibas-galu-uzskata-krauze","status":"publish","type":"post","link":"https:\/\/www.europesays.com\/lv\/55655\/","title":{"rendered":"Ja re\u0123ioni netiks atbalst\u012bti, tas var noz\u012bm\u0113t vald\u012bbas galu, uzskata Krauze"},"content":{"rendered":"<p>Vaic\u0101ts, vai ZZS var\u0113tu Saeim\u0101 rosin\u0101t uztic\u012bbas balsojumu premjerei, Krauze sac\u012bja, ka pa\u0161laik \u0161\u0101ds jaut\u0101jums netiek apspriests.<\/p>\n<p>Iepriek\u0161 zi\u0146ots, ka ceturtdienas Saeimas s\u0113d\u0113 notika uztic\u012bbas balsojums satiksmes ministram \u0160vinkam, divi no ZZS deput\u0101tiem &#8211; Uldis Augulis un J\u0101nis Vuc\u0101ns -ministra demisiju atbalst\u012bja.<\/p>\n<p>Koal\u012bcijas l\u012bgum\u0101 gan ir teikts, ka sadarb\u012bbas partneru frakcijas un pie frakcij\u0101m piedero\u0161ie deput\u0101ti neierosina un neatbalsta Saeimas l\u0113mumprojektu par neuztic\u012bbas izteik\u0161anu Ministru kabinetam, Ministru prezidentam vai k\u0101dam no ministriem.<\/p>\n<p>Augulis, a\u0123ent\u016brai LETA skaidrojot savu balsojumu Saeim\u0101, iepriek\u0161 nor\u0101d\u012bja, ka ministrs, tiekoties ar frakciju un uzst\u0101joties Saeim\u0101, nav pied\u0101v\u0101jis p\u0101rliecino\u0161u risin\u0101jumu n\u0101kamajam gadam, tikai cer\u012bbu uz Finan\u0161u ministrijas pal\u012bdz\u012bbu. Sarunas ar pa\u0161vald\u012bb\u0101m nav notiku\u0161as, un pa\u0161vald\u012bbu vad\u012bt\u0101ji gatavo v\u0113stuli Saeimai, Ministru prezidentei un komisij\u0101m, uzsverot, ka tik strauj\u0161 reisu samazin\u0101jums nav pie\u013caujams.<\/p>\n<p>Augulis ar\u012b kritiz\u0113ja idejas par jaunu uz\u0146\u0113mumu izveidi Autotransporta direkcijas pasp\u0101rn\u0113 un par &#8220;transportu p\u0113c piepras\u012bjuma&#8221;, jo \u0161iem pl\u0101niem tr\u016bkstot seguma un pamatojuma.<\/p>\n<p>Vi\u0146\u0161 pauda uzskatu, ka ministrs nep\u0101rvalda nozari, un tuv\u0101kaj\u0101 laik\u0101 paredz\u0113tas tik\u0161an\u0101s ar p\u0101rvad\u0101t\u0101jiem un arodbiedr\u012bbu, lai situ\u0101ciju izv\u0113rt\u0113tu prec\u012bz\u0101k.<\/p>\n<p>Tikm\u0113r &#8220;Progres\u012bvo&#8221; Saeimas frakcijas vad\u012bt\u0101js Andris \u0160uvajevs pauda viedokli, ka tas ir saist\u012bts &#8220;tikai un vien\u012bgi ar jaut\u0101jumu par Ventspils ostas par\u0101diem&#8221;. &#8220;Tas apliecina, ka m\u016bsu partijas un ministra principi\u0101l\u0101 nost\u0101ja pret \u0161auru intere\u0161u lob\u0113\u0161anu ir ne\u0113rta,&#8221; pauda deput\u0101ts.<\/p>\n","protected":false},"excerpt":{"rendered":"Vaic\u0101ts, vai ZZS var\u0113tu Saeim\u0101 rosin\u0101t uztic\u012bbas balsojumu premjerei, Krauze sac\u012bja, ka pa\u0161laik \u0161\u0101ds jaut\u0101jums netiek apspriests. Iepriek\u0161&hellip;\n","protected":false},"author":2,"featured_media":55656,"comment_status":"","ping_status":"","sticky":false,"template":"","format":"standard","meta":{"footnotes":""},"categories":[5],"tags":[23,665,28,29,32,33,22,30,31,35,39,38,36,37,34,40,20,26,27,11631,24,25,1524,21],"class_list":{"0":"post-55655","1":"post","2":"type-post","3":"status-publish","4":"format-standard","5":"has-post-thumbnail","7":"category-aktualitates","8":"tag-aktualitates","9":"tag-armands-krauze","10":"tag-breaking-news","11":"tag-breakingnews","12":"tag-featured-news","13":"tag-featurednews","14":"tag-headlines","15":"tag-latest-news","16":"tag-latestnews","17":"tag-latvia","18":"tag-latvian","19":"tag-latviesu","20":"tag-latviesu-valoda","21":"tag-latviesuvaloda","22":"tag-latvija","23":"tag-lv","24":"tag-news","25":"tag-popularakas-zinas","26":"tag-popularakaszinas","27":"tag-regioni","28":"tag-top-stories","29":"tag-topstories","30":"tag-valdiba","31":"tag-zinas"},"share_on_mastodon":{"url":"https:\/\/pubeurope.com\/@lv\/115589441334044026","error":""},"_links":{"self":[{"href":"https:\/\/www.europesays.com\/lv\/wp-json\/wp\/v2\/posts\/55655","targetHints":{"allow":["GET"]}}],"collection":[{"href":"https:\/\/www.europesays.com\/lv\/wp-json\/wp\/v2\/posts"}],"about":[{"href":"https:\/\/www.europesays.com\/lv\/wp-json\/wp\/v2\/types\/post"}],"author":[{"embeddable":true,"href":"https:\/\/www.europesays.com\/lv\/wp-json\/wp\/v2\/users\/2"}],"replies":[{"embeddable":true,"href":"https:\/\/www.europesays.com\/lv\/wp-json\/wp\/v2\/comments?post=55655"}],"version-history":[{"count":0,"href":"https:\/\/www.europesays.com\/lv\/wp-json\/wp\/v2\/posts\/55655\/revisions"}],"wp:featuredmedia":[{"embeddable":true,"href":"https:\/\/www.europesays.com\/lv\/wp-json\/wp\/v2\/media\/55656"}],"wp:attachment":[{"href":"https:\/\/www.europesays.com\/lv\/wp-json\/wp\/v2\/media?parent=55655"}],"wp:term":[{"taxonomy":"category","embeddable":true,"href":"https:\/\/www.europesays.com\/lv\/wp-json\/wp\/v2\/categories?post=55655"},{"taxonomy":"post_tag","embeddable":true,"href":"https:\/\/www.europesays.com\/lv\/wp-json\/wp\/v2\/tags?post=55655"}],"curies":[{"name":"wp","href":"https:\/\/api.w.org\/{rel}","templated":true}]}}