{"id":55659,"date":"2025-11-21T20:13:21","date_gmt":"2025-11-21T20:13:21","guid":{"rendered":"https:\/\/www.europesays.com\/lv\/55659\/"},"modified":"2025-11-21T20:13:21","modified_gmt":"2025-11-21T20:13:21","slug":"izdara-spiedienu-un-iesaista-legendu-krievija-izmisigi-censas-biatlonistus-atgriezt-sacensibas","status":"publish","type":"post","link":"https:\/\/www.europesays.com\/lv\/55659\/","title":{"rendered":"Izdara spiedienu un iesaista le\u0123endu \u2013 Krievija izmis\u012bgi cen\u0161as biatlonistus atgriezt sacens\u012bb\u0101s"},"content":{"rendered":"<p>Krievija p\u0113d\u0113jos m\u0113ne\u0161os arvien agres\u012bv\u0101k mekl\u0113 veidus, k\u0101 pirms 2026. gada Mil\u0101nas-Kort\u012bnas olimpiskaj\u0101m sp\u0113l\u0113m pan\u0101kt savu biatlonistu atgrie\u0161anos starptautiskaj\u0101s sacens\u012bb\u0101s. Kam\u0113r Starptautisk\u0101 Biatlona savien\u012bba (IBU) kategoriski turas pie l\u0113muma ne\u013caut krieviem sacensties, kam\u0113r turpin\u0101s kar\u0161 Ukrain\u0101, Maskava ir uzs\u0101kusi jaunu diplom\u0101tisko ofens\u012bvu.<\/p>\n<p class=\"m-0\">Seko &#8220;Delfi&#8221; ar\u012b  <a target=\"_blank\" href=\"https:\/\/www.instagram.com\/delfi.lv\/\" rel=\"nofollow noopener\">Instagram<\/a>  un <a target=\"_blank\" href=\"https:\/\/www.youtube.com\/channel\/UCw5foWtcJvAbUm64rv7jwUQ\" rel=\"nofollow noopener\">YouTube<\/a>  profil\u0101 \u2013 pievienojies, lai uzzin\u0101tu svar\u012bg\u0101ko un interesant\u0101ko pirmais!<\/p>\n<p>Publik\u0101cijas saturs vai t\u0101s jebk\u0101da apjoma da\u013ca ir aizsarg\u0101ts autorties\u012bbu objekts Autorties\u012bbu likuma izpratn\u0113, un t\u0101 izmanto\u0161ana bez izdev\u0113ja at\u013caujas ir aizliegta. Vair\u0101k lasi  <a target=\"_blank\" href=\"https:\/\/www.delfi.lv\/noteikumi#autortiesibas\" rel=\"nofollow noopener\">\u0161eit<\/a><script async src=\"\/\/www.instagram.com\/embed.js\"><\/script><\/p>\n","protected":false},"excerpt":{"rendered":"Krievija p\u0113d\u0113jos m\u0113ne\u0161os arvien agres\u012bv\u0101k mekl\u0113 veidus, k\u0101 pirms 2026. gada Mil\u0101nas-Kort\u012bnas olimpiskaj\u0101m sp\u0113l\u0113m pan\u0101kt savu biatlonistu atgrie\u0161anos&hellip;\n","protected":false},"author":2,"featured_media":55660,"comment_status":"","ping_status":"","sticky":false,"template":"","format":"standard","meta":{"footnotes":""},"categories":[17],"tags":[1499,234,35,39,38,36,37,34,40,1500,67],"class_list":{"0":"post-55659","1":"post","2":"type-post","3":"status-publish","4":"format-standard","5":"has-post-thumbnail","7":"category-sports","8":"tag-biatlons","9":"tag-krievija","10":"tag-latvia","11":"tag-latvian","12":"tag-latviesu","13":"tag-latviesu-valoda","14":"tag-latviesuvaloda","15":"tag-latvija","16":"tag-lv","17":"tag-olimpiskas-speles","18":"tag-sports"},"share_on_mastodon":{"url":"https:\/\/pubeurope.com\/@lv\/115589519922447835","error":""},"_links":{"self":[{"href":"https:\/\/www.europesays.com\/lv\/wp-json\/wp\/v2\/posts\/55659","targetHints":{"allow":["GET"]}}],"collection":[{"href":"https:\/\/www.europesays.com\/lv\/wp-json\/wp\/v2\/posts"}],"about":[{"href":"https:\/\/www.europesays.com\/lv\/wp-json\/wp\/v2\/types\/post"}],"author":[{"embeddable":true,"href":"https:\/\/www.europesays.com\/lv\/wp-json\/wp\/v2\/users\/2"}],"replies":[{"embeddable":true,"href":"https:\/\/www.europesays.com\/lv\/wp-json\/wp\/v2\/comments?post=55659"}],"version-history":[{"count":0,"href":"https:\/\/www.europesays.com\/lv\/wp-json\/wp\/v2\/posts\/55659\/revisions"}],"wp:featuredmedia":[{"embeddable":true,"href":"https:\/\/www.europesays.com\/lv\/wp-json\/wp\/v2\/media\/55660"}],"wp:attachment":[{"href":"https:\/\/www.europesays.com\/lv\/wp-json\/wp\/v2\/media?parent=55659"}],"wp:term":[{"taxonomy":"category","embeddable":true,"href":"https:\/\/www.europesays.com\/lv\/wp-json\/wp\/v2\/categories?post=55659"},{"taxonomy":"post_tag","embeddable":true,"href":"https:\/\/www.europesays.com\/lv\/wp-json\/wp\/v2\/tags?post=55659"}],"curies":[{"name":"wp","href":"https:\/\/api.w.org\/{rel}","templated":true}]}}