{"id":55666,"date":"2025-11-21T20:34:12","date_gmt":"2025-11-21T20:34:12","guid":{"rendered":"https:\/\/www.europesays.com\/lv\/55666\/"},"modified":"2025-11-21T20:34:12","modified_gmt":"2025-11-21T20:34:12","slug":"tevzeme-un-briviba-jasarga-nevis-jaizlieto-spelem-lente-lv-2","status":"publish","type":"post","link":"https:\/\/www.europesays.com\/lv\/55666\/","title":{"rendered":"T\u0113vzeme un br\u012bv\u012bba j\u0101sarg\u0101, nevis j\u0101izlieto sp\u0113l\u0113m\u00a0\u2014\u00a0Lente.lv"},"content":{"rendered":"<p>Valsts prezidents uzsver tautas vienot\u012bbas un valstiskuma sarg\u0101\u0161anas noz\u012bmi<\/p>\n<p>Valsts prezidents Edgars Rink\u0113vi\u010ds, atz\u012bm\u0113jot Latvijas Republikas proklam\u0113\u0161anas 107. gadadienu pie Br\u012bv\u012bbas pieminek\u013ca, Latvijas tautai velt\u012bjis sp\u0113c\u012bgu aicin\u0101jumu. Vi\u0146\u0161 uzsv\u0113ris, ka dzimtene un br\u012bv\u012bba nav sp\u0113\u013cu laukums, bet gan sv\u0113ta v\u0113rt\u012bba, kas prasa nep\u0101rtrauktu sarg\u0101\u0161anu un godbij\u012bbu. \u0160ie v\u0101rdi skan \u012bpa\u0161i noz\u012bm\u012bgi laik\u0101, kad pasaule piedz\u012bvo nemit\u012bgas p\u0101rmai\u0146as un izaicin\u0101jumus.<\/p>\n<p>Br\u012bv\u012bbas ide\u0101la saglab\u0101\u0161ana paaudz\u0113m<\/p>\n<p>Prezidenta uzruna bija emocion\u0101ls atg\u0101din\u0101jums par to, cik d\u0101rgi izc\u012bn\u012bta m\u016bsu valsts neatkar\u012bba un cik svar\u012bgi ir apzin\u0101ties \u0161\u012bs br\u012bv\u012bbas v\u0113rt\u012bbu. Vi\u0146\u0161 mudin\u0101ja ikvienu pilsoni akt\u012bvi piedal\u012bties valsts veido\u0161an\u0101 un aizsardz\u012bb\u0101, jo tie\u0161i tautas vienot\u012bba un kop\u0113j\u0101 atbild\u012bbas saj\u016bta ir pamats stiprai un dro\u0161ai Latvijai. Rink\u0113vi\u010ds aicin\u0101ja neaizmirst tos upurus, kas tika veikti, lai \u0161odien var\u0113tu dz\u012bvot br\u012bv\u0101 valst\u012b, un aicin\u0101ja jaunatni iepaz\u012bt un kopt savas valsts v\u0113sturi un kult\u016bras mantojumu.<\/p>\n<p>Atbild\u012bba par kop\u012bgo mantojumu<\/p>\n<p>Valsts galva nor\u0101d\u012bja, ka br\u012bv\u012bba nav pa\u0161saprotama d\u0101vana, bet gan nep\u0101rtraukta r\u016bpe un darbs. K\u0101 piem\u0113ru var min\u0113t to, k\u0101 da\u017e\u0101das tautas un valstis c\u012bn\u0101s par savu identit\u0101ti un suverenit\u0101ti, liekot mums v\u0113l vair\u0101k nov\u0113rt\u0113t to, kas mums jau ir. Prezidenta v\u0101rdi bija k\u0101 ugunskurs, kas iededz cer\u012bbu un mudina uz akt\u012bvu r\u012bc\u012bbu, lai sarg\u0101tu un stiprin\u0101tu Latvijas valsti gan iek\u0161\u0113ji, gan \u0101r\u0113ji.<\/p>\n<blockquote>\n<p>&#8220;T\u0113vzeme un br\u012bv\u012bba ir m\u016bsu kop\u012bgais mantojums, kas j\u0101nes t\u0101l\u0101k ar godu un atbild\u012bbu. T\u0101s ir saknes, kas m\u016bs stiprina, un sp\u0101rni, kas \u013cauj lidot,&#8221; uzsv\u0113ra Valsts prezidents.<\/p>\n<\/blockquote>\n<p>Vienot\u012bba k\u0101 stipr\u0101kais valsts pamats<\/p>\n<p>\u0160ajos svin\u012bgajos br\u012b\u017eos \u012bpa\u0161i izkristaliz\u0113jas Valsts prezidenta paust\u0101 doma par nepiecie\u0161am\u012bbu apzin\u0101ties savu lomu valsts dz\u012bv\u0113. Prezidenta aicin\u0101jums ir gan mudin\u0101jums uz patriotismu, gan ar\u012b aicin\u0101jums uz kritisku dom\u0101\u0161anu un atbild\u012bgu r\u012bc\u012bbu ikdien\u0101. Tikai kop\u012bgiem sp\u0113kiem, godpr\u0101t\u012bgi pildot savus pien\u0101kumus un stiprinot savu valsti, m\u0113s varam nodro\u0161in\u0101t, ka Latvijas br\u012bv\u012bba un neatkar\u012bba tiks sarg\u0101ta ar\u012b n\u0101kamaj\u0101m paaudz\u0113m. \u0160\u012b ir m\u016bsu kop\u012bg\u0101 misija, kas prasa ap\u0146\u0113m\u012bbu un nelok\u0101mu tic\u012bbu savai valstij.<\/p>\n","protected":false},"excerpt":{"rendered":"Valsts prezidents uzsver tautas vienot\u012bbas un valstiskuma sarg\u0101\u0161anas noz\u012bmi Valsts prezidents Edgars Rink\u0113vi\u010ds, atz\u012bm\u0113jot Latvijas Republikas proklam\u0113\u0161anas 107.&hellip;\n","protected":false},"author":2,"featured_media":55667,"comment_status":"","ping_status":"","sticky":false,"template":"","format":"standard","meta":{"footnotes":""},"categories":[12],"tags":[23,28,29,14982,816,32,33,22,30,31,35,39,38,36,37,34,14981,40,20,26,27,14983,24,25,14984,21],"class_list":{"0":"post-55666","1":"post","2":"type-post","3":"status-publish","4":"format-standard","5":"has-post-thumbnail","7":"category-latvija","8":"tag-aktualitates","9":"tag-breaking-news","10":"tag-breakingnews","11":"tag-briviba","12":"tag-edgars-rinkevics","13":"tag-featured-news","14":"tag-featurednews","15":"tag-headlines","16":"tag-latest-news","17":"tag-latestnews","18":"tag-latvia","19":"tag-latvian","20":"tag-latviesu","21":"tag-latviesu-valoda","22":"tag-latviesuvaloda","23":"tag-latvija","24":"tag-latvijas-republika","25":"tag-lv","26":"tag-news","27":"tag-popularakas-zinas","28":"tag-popularakaszinas","29":"tag-tevzeme","30":"tag-top-stories","31":"tag-topstories","32":"tag-valstiskums","33":"tag-zinas"},"share_on_mastodon":{"url":"https:\/\/pubeurope.com\/@lv\/115589602534759942","error":""},"_links":{"self":[{"href":"https:\/\/www.europesays.com\/lv\/wp-json\/wp\/v2\/posts\/55666","targetHints":{"allow":["GET"]}}],"collection":[{"href":"https:\/\/www.europesays.com\/lv\/wp-json\/wp\/v2\/posts"}],"about":[{"href":"https:\/\/www.europesays.com\/lv\/wp-json\/wp\/v2\/types\/post"}],"author":[{"embeddable":true,"href":"https:\/\/www.europesays.com\/lv\/wp-json\/wp\/v2\/users\/2"}],"replies":[{"embeddable":true,"href":"https:\/\/www.europesays.com\/lv\/wp-json\/wp\/v2\/comments?post=55666"}],"version-history":[{"count":0,"href":"https:\/\/www.europesays.com\/lv\/wp-json\/wp\/v2\/posts\/55666\/revisions"}],"wp:featuredmedia":[{"embeddable":true,"href":"https:\/\/www.europesays.com\/lv\/wp-json\/wp\/v2\/media\/55667"}],"wp:attachment":[{"href":"https:\/\/www.europesays.com\/lv\/wp-json\/wp\/v2\/media?parent=55666"}],"wp:term":[{"taxonomy":"category","embeddable":true,"href":"https:\/\/www.europesays.com\/lv\/wp-json\/wp\/v2\/categories?post=55666"},{"taxonomy":"post_tag","embeddable":true,"href":"https:\/\/www.europesays.com\/lv\/wp-json\/wp\/v2\/tags?post=55666"}],"curies":[{"name":"wp","href":"https:\/\/api.w.org\/{rel}","templated":true}]}}