{"id":55694,"date":"2025-11-21T21:29:08","date_gmt":"2025-11-21T21:29:08","guid":{"rendered":"https:\/\/www.europesays.com\/lv\/55694\/"},"modified":"2025-11-21T21:29:08","modified_gmt":"2025-11-21T21:29:08","slug":"advokate-pazino-jaunumus-timmas-lieta","status":"publish","type":"post","link":"https:\/\/www.europesays.com\/lv\/55694\/","title":{"rendered":"Advok\u0101te pazi\u0146o jaunumus Timmas liet\u0101"},"content":{"rendered":"<p>&#8220;Draugi, atbalst\u012bt\u0101ji, nelabv\u0113\u013ci, nov\u0113rot\u0101ji, dal\u012bbnieki, kas seko l\u012bdzi notikumu att\u012bst\u012bbai J\u0101\u0146a Timmas liet\u0101&#8221; &#8211; ar t\u0101diem v\u0101rdiem savu video uzrunu s\u0101k Krievijas juriste Margarita Gavrilova. Vair\u0101kus m\u0113ne\u0161us bijis klusums, ta\u010du nu ir n\u0101ku\u0161i gaism\u0101 jauni fakti, kas liecina &#8211; latvie\u0161u basketbolista ASV nosl\u0113gtais laul\u012bbas l\u012bgums ar dzied\u0101t\u0101ju Annu Sedokovu bijis viltots.<\/p>\n","protected":false},"excerpt":{"rendered":"&#8220;Draugi, atbalst\u012bt\u0101ji, nelabv\u0113\u013ci, nov\u0113rot\u0101ji, dal\u012bbnieki, kas seko l\u012bdzi notikumu att\u012bst\u012bbai J\u0101\u0146a Timmas liet\u0101&#8221; &#8211; ar t\u0101diem v\u0101rdiem savu&hellip;\n","protected":false},"author":2,"featured_media":55695,"comment_status":"","ping_status":"","sticky":false,"template":"","format":"standard","meta":{"footnotes":""},"categories":[5],"tags":[23,1155,28,29,32,33,22,6622,30,31,35,39,38,36,37,34,40,20,26,27,1430,24,25,900,1994,21],"class_list":{"0":"post-55694","1":"post","2":"type-post","3":"status-publish","4":"format-standard","5":"has-post-thumbnail","7":"category-aktualitates","8":"tag-aktualitates","9":"tag-anna-sedokova","10":"tag-breaking-news","11":"tag-breakingnews","12":"tag-featured-news","13":"tag-featurednews","14":"tag-headlines","15":"tag-janis-timma","16":"tag-latest-news","17":"tag-latestnews","18":"tag-latvia","19":"tag-latvian","20":"tag-latviesu","21":"tag-latviesu-valoda","22":"tag-latviesuvaloda","23":"tag-latvija","24":"tag-lv","25":"tag-news","26":"tag-popularakas-zinas","27":"tag-popularakaszinas","28":"tag-slavenibas","29":"tag-top-stories","30":"tag-topstories","31":"tag-tvnet-cilvekstasti","32":"tag-video","33":"tag-zinas"},"share_on_mastodon":{"url":"https:\/\/pubeurope.com\/@lv\/115589818915570859","error":""},"_links":{"self":[{"href":"https:\/\/www.europesays.com\/lv\/wp-json\/wp\/v2\/posts\/55694","targetHints":{"allow":["GET"]}}],"collection":[{"href":"https:\/\/www.europesays.com\/lv\/wp-json\/wp\/v2\/posts"}],"about":[{"href":"https:\/\/www.europesays.com\/lv\/wp-json\/wp\/v2\/types\/post"}],"author":[{"embeddable":true,"href":"https:\/\/www.europesays.com\/lv\/wp-json\/wp\/v2\/users\/2"}],"replies":[{"embeddable":true,"href":"https:\/\/www.europesays.com\/lv\/wp-json\/wp\/v2\/comments?post=55694"}],"version-history":[{"count":0,"href":"https:\/\/www.europesays.com\/lv\/wp-json\/wp\/v2\/posts\/55694\/revisions"}],"wp:featuredmedia":[{"embeddable":true,"href":"https:\/\/www.europesays.com\/lv\/wp-json\/wp\/v2\/media\/55695"}],"wp:attachment":[{"href":"https:\/\/www.europesays.com\/lv\/wp-json\/wp\/v2\/media?parent=55694"}],"wp:term":[{"taxonomy":"category","embeddable":true,"href":"https:\/\/www.europesays.com\/lv\/wp-json\/wp\/v2\/categories?post=55694"},{"taxonomy":"post_tag","embeddable":true,"href":"https:\/\/www.europesays.com\/lv\/wp-json\/wp\/v2\/tags?post=55694"}],"curies":[{"name":"wp","href":"https:\/\/api.w.org\/{rel}","templated":true}]}}