{"id":55708,"date":"2025-11-21T21:43:08","date_gmt":"2025-11-21T21:43:08","guid":{"rendered":"https:\/\/www.europesays.com\/lv\/55708\/"},"modified":"2025-11-21T21:43:08","modified_gmt":"2025-11-21T21:43:08","slug":"ceru-ka-nakamajas-sacensibas-man-bus-treneris-ziemas-sports-sportacentrs-com","status":"publish","type":"post","link":"https:\/\/www.europesays.com\/lv\/55708\/","title":{"rendered":"&#8220;Ceru, ka n\u0101kamaj\u0101s sacens\u012bb\u0101s man b\u016bs treneris&#8221; \u2013 Ziemas sports \u2013 Sportacentrs.com"},"content":{"rendered":"<p>Pirms m\u0113ne\u0161a \u0136\u012bnas &#8220;Grand Prix&#8221; \u012bsaj\u0101 programm\u0101 Vasi\u013cjevs sakr\u0101ja vien <a href=\"https:\/\/sportacentrs.com\/ziemas_sports\/slidosana\/24102025-bez_trenera_palikusais_vasiljevs_sezonu_s\" target=\"_blank\" rel=\"nofollow noopener\">66.54<\/a>, savuk\u0101rt tagad Somijas &#8220;Grand Prix&#8221; san\u0101ca <a href=\"https:\/\/sportacentrs.com\/ziemas_sports\/slidosana\/21112025-vasiljevam_grand_prix_sacensibas_somija_d\" target=\"_blank\" rel=\"nofollow noopener\">75.45<\/a>.<\/p>\n<p>&#8220;Mans m\u0113r\u0137is ir stabiliz\u0113ties sezonas otraj\u0101 pus\u0113, atrast kaut k\u0101du b\u0101zes l\u012bniju. To uztveru diezgan viegli, kaut gan man bija da\u017eas gr\u016bt\u012bbas,&#8221; atz\u012bst bez trenera paliku\u0161ais Latvijas sportists, kur\u0161 p\u0113d\u0113j\u0101 laika treni\u0146os lielu akcentu lika uz griezieniem, iedz\u012bvojoties neliel\u0101 p\u0113cpuses savainojum\u0101.<\/p>\n<p>&#8220;Pa\u0161laik tren\u0113jos \u0160amper\u012b [\u0160veic\u0113]. Un cerams, ka treneris b\u016bs n\u0101kamaj\u0101s sacens\u012bb\u0101s. Liel\u0101k\u0101 lieta, ko dom\u0101ju, es iem\u0101c\u012bjos \u0161ajos tr\u012bs m\u0113ne\u0161os, kad tren\u0113jos piln\u012bgi viens pats, ir m\u0113r\u0137tiec\u012bba. V\u0113l viena lieta, ko noteikti iem\u0101c\u012bjos, ir tas, cik daudz administrat\u012bv\u0101 un atbalsta darba j\u0101veic, lai sasniegtu rezult\u0101tu &#8211; tas prasa iev\u0113rojamus resursus. Un es teiktu, ka to neiesaku nevienam, kur\u0161 sacen\u0161as, jo koncentr\u0113\u0161an\u0101s uz rezult\u0101tu jau t\u0101 ir izaicin\u0101jums,&#8221; saka Deniss Vasi\u013cejevs. &#8220;Man patika laiks, ko pavad\u012bju, to darot. Kaut kas noteikti ir main\u012bjies kop\u0161 \u0161\u012bs vasaras &#8211; t\u0101 ir mana dom\u0101\u0161ana. Esmu priec\u012bgs, ka paveicu to, ko paveicu. Varb\u016bt manam sniegumam v\u0113l ir nepiecie\u0161ams zin\u0101ms laiks, bet \u0161aj\u0101 laik\u0101 bija daudz labu person\u012bgo lietu. Bet tagad, cerams, var\u0113\u0161u atrast stabilit\u0101ti, atvese\u013coties un ats\u0101kt funkcion\u0113t.&#8221;<\/p>\n<p>Izmantotie resursi:<br \/>Golden Skate<\/p>\n","protected":false},"excerpt":{"rendered":"Pirms m\u0113ne\u0161a \u0136\u012bnas &#8220;Grand Prix&#8221; \u012bsaj\u0101 programm\u0101 Vasi\u013cjevs sakr\u0101ja vien 66.54, savuk\u0101rt tagad Somijas &#8220;Grand Prix&#8221; san\u0101ca 75.45.&hellip;\n","protected":false},"author":2,"featured_media":55709,"comment_status":"","ping_status":"","sticky":false,"template":"","format":"standard","meta":{"footnotes":""},"categories":[17],"tags":[35,39,38,36,37,34,40,67,620],"class_list":{"0":"post-55708","1":"post","2":"type-post","3":"status-publish","4":"format-standard","5":"has-post-thumbnail","7":"category-sports","8":"tag-latvia","9":"tag-latvian","10":"tag-latviesu","11":"tag-latviesu-valoda","12":"tag-latviesuvaloda","13":"tag-latvija","14":"tag-lv","15":"tag-sports","16":"tag-ziemas-sports"},"share_on_mastodon":{"url":"https:\/\/pubeurope.com\/@lv\/115589873847868850","error":""},"_links":{"self":[{"href":"https:\/\/www.europesays.com\/lv\/wp-json\/wp\/v2\/posts\/55708","targetHints":{"allow":["GET"]}}],"collection":[{"href":"https:\/\/www.europesays.com\/lv\/wp-json\/wp\/v2\/posts"}],"about":[{"href":"https:\/\/www.europesays.com\/lv\/wp-json\/wp\/v2\/types\/post"}],"author":[{"embeddable":true,"href":"https:\/\/www.europesays.com\/lv\/wp-json\/wp\/v2\/users\/2"}],"replies":[{"embeddable":true,"href":"https:\/\/www.europesays.com\/lv\/wp-json\/wp\/v2\/comments?post=55708"}],"version-history":[{"count":0,"href":"https:\/\/www.europesays.com\/lv\/wp-json\/wp\/v2\/posts\/55708\/revisions"}],"wp:featuredmedia":[{"embeddable":true,"href":"https:\/\/www.europesays.com\/lv\/wp-json\/wp\/v2\/media\/55709"}],"wp:attachment":[{"href":"https:\/\/www.europesays.com\/lv\/wp-json\/wp\/v2\/media?parent=55708"}],"wp:term":[{"taxonomy":"category","embeddable":true,"href":"https:\/\/www.europesays.com\/lv\/wp-json\/wp\/v2\/categories?post=55708"},{"taxonomy":"post_tag","embeddable":true,"href":"https:\/\/www.europesays.com\/lv\/wp-json\/wp\/v2\/tags?post=55708"}],"curies":[{"name":"wp","href":"https:\/\/api.w.org\/{rel}","templated":true}]}}