{"id":55743,"date":"2025-11-21T22:25:25","date_gmt":"2025-11-21T22:25:25","guid":{"rendered":"https:\/\/www.europesays.com\/lv\/55743\/"},"modified":"2025-11-21T22:25:25","modified_gmt":"2025-11-21T22:25:25","slug":"germane-ar-izcilu-sakumu-un-adatas-aci-atgriezas-pasaules-kausa-lente-lv","status":"publish","type":"post","link":"https:\/\/www.europesays.com\/lv\/55743\/","title":{"rendered":"\u0122\u0113rmane ar izcilu s\u0101kumu un &#8220;adatas aci&#8221; atgrie\u017eas Pasaules kaus\u0101\u00a0\u2014\u00a0Lente.lv"},"content":{"rendered":"<p>\u0122\u0113rmanes aizraujo\u0161\u0101 atgrie\u0161an\u0101s Pasaules kaus\u0101<\/p>\n<p>Somic\u0101, Levi, notiku\u0161aj\u0101 Pasaules kausa posm\u0101 kalnu sl\u0113po\u0161an\u0101 sievie\u0161u slalom\u0101, D\u017eenifera \u0122\u0113rmane demonstr\u0113ja iespaid\u012bgu sniegumu, atgrie\u017eoties sacens\u012bbu aprit\u0113 p\u0113c gada p\u0101rtraukuma un traumas sadzied\u0113\u0161anas. Vi\u0146as brauciens pirmaj\u0101 pus\u0113 bija \u012bpa\u0161i spilgts, \u013caujot izjust atgrie\u0161an\u0101s prieku un c\u012b\u0146assparu. Lai gan otraj\u0101 pus\u0113 bija j\u016btams neliels kritums \u0101trum\u0101, \u0122\u0113rmane sp\u0113ja izr\u0101pties no sare\u017e\u0123\u012btas situ\u0101cijas, ar 30. rezult\u0101tu kvalific\u0113joties otrajam braucienam. Vi\u0146a par div\u0101m sekundes simtda\u013c\u0101m apsteidza 31. vietas ieguv\u0113ju, apliecinot savu meistar\u012bbu un s\u012bksto c\u012b\u0146as sparu.<\/p>\n<p>Sp\u0113c\u012bga konkurence un M. \u0160ifrinai rakstur\u012bgais p\u0101rsvars<\/p>\n<p>Sacens\u012bbas raksturoja \u013coti sp\u0113c\u012bga konkurence, kur\u0101 p\u0101rliecino\u0161i \u0101tr\u0101k\u0101 bija amerik\u0101niete Mika\u0113la \u0160ifrina. Vi\u0146a demonstr\u0113ja savu dominanci, tuv\u0101ko sekot\u0101ju, 19 gadus veco Alb\u0101nijas p\u0101rst\u0101vi Laru Kolturi, apsteidzot par vair\u0101k nek\u0101 sekundi. \u0160ifrina, kura Levi ir izc\u012bn\u012bjusi jau dev\u012bto uzvaru, apliecin\u0101ja savu statusu k\u0101 slaloma karaliene, uzst\u0101dot jaunu rekordu Pasaules kausa v\u0113stur\u0113 ar 102. uzvaru. \u0160is sasniegums ir \u012bpa\u0161i noz\u012bm\u012bgs, \u0146emot v\u0113r\u0101 vi\u0146as iepriek\u0161\u0113j\u0101s sezonas traumas un atgrie\u0161anos ar pilnu sparu.<\/p>\n<p>Latvijas sportistu sniegums un perspekt\u012bvas<\/p>\n<p>Liene Bondare Pasaules kausa posm\u0101 ie\u0146\u0113ma 68. vietu. Lai gan \u0161is rezult\u0101ts neatspogu\u013co vi\u0146as pilno potenci\u0101lu, ir svar\u012bgi atz\u012bm\u0113t vi\u0146as progresu, ko apliecina nesenie pan\u0101kumi FIS sacens\u012bb\u0101s Zviedrij\u0101, kur vi\u0146a iek\u013cuva desmitniek\u0101. Latvijas Sl\u0113po\u0161anas feder\u0101cijas prezidents Din\u0101rs Dor\u0161s uzsv\u0113ra D\u017eeniferas \u0122\u0113rmanes poz\u012bcijas noz\u012bmi pasaules rang\u0101, kas nodro\u0161ina otro kvotas vietu Pasaules kausa posmos sievie\u0161u konkurenc\u0113. Vi\u0146\u0161 ar\u012b atz\u012bm\u0113ja, ka sportist\u0113m ir pieejams finans\u0113jums invent\u0101ra jaut\u0101jumu sak\u0101rto\u0161anai, kas \u013cauj cer\u0113t uz konkur\u0113tsp\u0113j\u012bgu sniegumu starp pasaules lab\u0101kaj\u0101m sportist\u0113m. \u0160\u012b gada sezona, kas ietver ar\u012b ce\u013cu uz 2026. gada Mil\u0101nas-Kort\u012bnas olimpiskaj\u0101m sp\u0113l\u0113m, sola daudz aizraujo\u0161u br\u012b\u017eu.<\/p>\n<p>Sacens\u012bbu norise un atsl\u0113gas momenti<\/p>\n<p>Levi notiku\u0161ais slaloma posms, kas tradicion\u0101li tiek d\u0113v\u0113ts par &#8220;zieme\u013cbrie\u017eu atkl\u0101\u0161anu&#8221;, pulc\u0113ja 84 sportistes. D\u017eeniferas \u0122\u0113rmanes sniegums pirmaj\u0101 braucien\u0101 bija \u012bpa\u0161i elpu aizraujo\u0161s, demonstr\u0113jot izcilu tehniku un drosmi. Vi\u0146a sp\u0113ja p\u0101rvar\u0113t sare\u017e\u0123\u012bto trasi un kvalific\u0113ties otrajai braucienam, kas ir liels solis uz priek\u0161u p\u0113c ilga p\u0101rtraukuma. Tiek piemin\u0113tas ar\u012b citas talant\u012bgas jaun\u0101s sportistes, piem\u0113ram, Alb\u0101nijas p\u0101rst\u0101ve Lara Kolturi un v\u0101ciete Emma Aihere, kuras ir apliecin\u0101ju\u0161as savu potenci\u0101lu, iek\u013c\u016bstot goda pjedest\u0101l\u0101. Kam\u0113r \u0160ifrina turpina savu domin\u0113jo\u0161o g\u0101jienu, jaun\u0101 paaudze akt\u012bvi c\u012bn\u0101s par augst\u0101k\u0101m poz\u012bcij\u0101m, padarot katras sacens\u012bbas par aizraujo\u0161u notikumu.<\/p>\n","protected":false},"excerpt":{"rendered":"\u0122\u0113rmanes aizraujo\u0161\u0101 atgrie\u0161an\u0101s Pasaules kaus\u0101 Somic\u0101, Levi, notiku\u0161aj\u0101 Pasaules kausa posm\u0101 kalnu sl\u0113po\u0161an\u0101 sievie\u0161u slalom\u0101, D\u017eenifera \u0122\u0113rmane demonstr\u0113ja&hellip;\n","protected":false},"author":2,"featured_media":55744,"comment_status":"","ping_status":"","sticky":false,"template":"","format":"standard","meta":{"footnotes":""},"categories":[17],"tags":[13689,35,39,38,36,37,34,14404,40,14405,15041,8876,67],"class_list":{"0":"post-55743","1":"post","2":"type-post","3":"status-publish","4":"format-standard","5":"has-post-thumbnail","7":"category-sports","8":"tag-dzenifera-germane","9":"tag-latvia","10":"tag-latvian","11":"tag-latviesu","12":"tag-latviesu-valoda","13":"tag-latviesuvaloda","14":"tag-latvija","15":"tag-levi","16":"tag-lv","17":"tag-mikaela-sifrina","18":"tag-pasaules-kauss-kalnu-sleposana","19":"tag-slaloms","20":"tag-sports"},"share_on_mastodon":{"url":"https:\/\/pubeurope.com\/@lv\/115590039046759216","error":""},"_links":{"self":[{"href":"https:\/\/www.europesays.com\/lv\/wp-json\/wp\/v2\/posts\/55743","targetHints":{"allow":["GET"]}}],"collection":[{"href":"https:\/\/www.europesays.com\/lv\/wp-json\/wp\/v2\/posts"}],"about":[{"href":"https:\/\/www.europesays.com\/lv\/wp-json\/wp\/v2\/types\/post"}],"author":[{"embeddable":true,"href":"https:\/\/www.europesays.com\/lv\/wp-json\/wp\/v2\/users\/2"}],"replies":[{"embeddable":true,"href":"https:\/\/www.europesays.com\/lv\/wp-json\/wp\/v2\/comments?post=55743"}],"version-history":[{"count":0,"href":"https:\/\/www.europesays.com\/lv\/wp-json\/wp\/v2\/posts\/55743\/revisions"}],"wp:featuredmedia":[{"embeddable":true,"href":"https:\/\/www.europesays.com\/lv\/wp-json\/wp\/v2\/media\/55744"}],"wp:attachment":[{"href":"https:\/\/www.europesays.com\/lv\/wp-json\/wp\/v2\/media?parent=55743"}],"wp:term":[{"taxonomy":"category","embeddable":true,"href":"https:\/\/www.europesays.com\/lv\/wp-json\/wp\/v2\/categories?post=55743"},{"taxonomy":"post_tag","embeddable":true,"href":"https:\/\/www.europesays.com\/lv\/wp-json\/wp\/v2\/tags?post=55743"}],"curies":[{"name":"wp","href":"https:\/\/api.w.org\/{rel}","templated":true}]}}