{"id":55759,"date":"2025-11-21T23:05:09","date_gmt":"2025-11-21T23:05:09","guid":{"rendered":"https:\/\/www.europesays.com\/lv\/55759\/"},"modified":"2025-11-21T23:05:09","modified_gmt":"2025-11-21T23:05:09","slug":"mercs-ar-trampu-uzticibas-pilna-un-konstruktiva-gaisotne-parrunajis-asv-miera-planu","status":"publish","type":"post","link":"https:\/\/www.europesays.com\/lv\/55759\/","title":{"rendered":"Mercs ar Trampu &#8220;uztic\u012bbas piln\u0101 un konstrukt\u012bv\u0101 gaisotn\u0113&#8221; p\u0101rrun\u0101jis ASV miera pl\u0101nu"},"content":{"rendered":"<p>Telefonsaruna notikusi &#8220;uztic\u012bbas piln\u0101 un konstrukt\u012bv\u0101&#8221; gaisotn\u0113, puses saska\u0146oju\u0161as &#8220;n\u0101kamos so\u013cus&#8221; padomnieku l\u012bmen\u012b, nor\u0101d\u012bja Korn\u0113liuss.<\/p>\n<p>Tagad Mercs inform\u0113s Eiropas partnerus.<\/p>\n<p>Mercs ir pirmais Savienoto Valstu NATO sabiedrotais Eirop\u0101, kas ar Trampu p\u0101rrun\u0101jis ASV 28 punktu miera pl\u0101nu, nor\u0101da zi\u0146u a\u0123ent\u016bra DPA.<\/p>\n<p>Saruna ilgusi aptuveni 15 min\u016btes.<\/p>\n<p>Avots V\u0101cijas vald\u012bb\u0101 DPA apliecin\u0101ja, ka Eiropas sabiedrotie tagad str\u0101d\u0101 pie sava &#8220;starpniec\u012bbas dokumenta&#8221;, kas v\u0113l tiek apspriests.<\/p>\n<p>Turpm\u0101k\u0101s sarunas notiks G20 samit\u0101 Johannesburg\u0101 22. un 23. novembr\u012b.<\/p>\n<p>Gaid\u0101ms, ka taj\u0101 bez Merca piedal\u012bsies ar\u012b Francijas prezidents Emanuels Makrons, Lielbrit\u0101nijas premjerministrs K\u012brs St\u0101rmers un It\u0101lijas premjerministre D\u017eord\u017ea Meloni.<\/p>\n<p>Va\u0161ingtona pied\u0101v\u0101jusi pl\u0101nu kara izbeig\u0161anai Ukrain\u0101, kas, p\u0113c visa sprie\u017eot, balst\u012bts pamat\u0101 uz Krievijas pras\u012bb\u0101m. Tas paredz ne tikai okup\u0113to teritoriju palik\u0161anu Krievijas kontrol\u0113, bet ar\u012b Ukrainas ap\u0146em\u0161anos nepievienoties NATO, alianses nepapla\u0161in\u0101\u0161anu un Krievijas atgrie\u0161anos G8, liecina zi\u0146u a\u0123ent\u016bras AFP r\u012bc\u012bb\u0101 non\u0101ku\u0161ais pl\u0101na projekts.<\/p>\n","protected":false},"excerpt":{"rendered":"Telefonsaruna notikusi &#8220;uztic\u012bbas piln\u0101 un konstrukt\u012bv\u0101&#8221; gaisotn\u0113, puses saska\u0146oju\u0161as &#8220;n\u0101kamos so\u013cus&#8221; padomnieku l\u012bmen\u012b, nor\u0101d\u012bja Korn\u0113liuss. Tagad Mercs inform\u0113s&hellip;\n","protected":false},"author":2,"featured_media":55760,"comment_status":"","ping_status":"","sticky":false,"template":"","format":"standard","meta":{"footnotes":""},"categories":[5],"tags":[23,63,28,29,542,32,33,22,74,30,31,35,39,38,36,37,34,40,20,26,27,24,25,21],"class_list":{"0":"post-55759","1":"post","2":"type-post","3":"status-publish","4":"format-standard","5":"has-post-thumbnail","7":"category-aktualitates","8":"tag-aktualitates","9":"tag-arvalstis","10":"tag-breaking-news","11":"tag-breakingnews","12":"tag-donalds-tramps","13":"tag-featured-news","14":"tag-featurednews","15":"tag-headlines","16":"tag-krievijas-iebrukums-ukraina","17":"tag-latest-news","18":"tag-latestnews","19":"tag-latvia","20":"tag-latvian","21":"tag-latviesu","22":"tag-latviesu-valoda","23":"tag-latviesuvaloda","24":"tag-latvija","25":"tag-lv","26":"tag-news","27":"tag-popularakas-zinas","28":"tag-popularakaszinas","29":"tag-top-stories","30":"tag-topstories","31":"tag-zinas"},"share_on_mastodon":{"url":"https:\/\/pubeurope.com\/@lv\/115590196326155999","error":""},"_links":{"self":[{"href":"https:\/\/www.europesays.com\/lv\/wp-json\/wp\/v2\/posts\/55759","targetHints":{"allow":["GET"]}}],"collection":[{"href":"https:\/\/www.europesays.com\/lv\/wp-json\/wp\/v2\/posts"}],"about":[{"href":"https:\/\/www.europesays.com\/lv\/wp-json\/wp\/v2\/types\/post"}],"author":[{"embeddable":true,"href":"https:\/\/www.europesays.com\/lv\/wp-json\/wp\/v2\/users\/2"}],"replies":[{"embeddable":true,"href":"https:\/\/www.europesays.com\/lv\/wp-json\/wp\/v2\/comments?post=55759"}],"version-history":[{"count":0,"href":"https:\/\/www.europesays.com\/lv\/wp-json\/wp\/v2\/posts\/55759\/revisions"}],"wp:featuredmedia":[{"embeddable":true,"href":"https:\/\/www.europesays.com\/lv\/wp-json\/wp\/v2\/media\/55760"}],"wp:attachment":[{"href":"https:\/\/www.europesays.com\/lv\/wp-json\/wp\/v2\/media?parent=55759"}],"wp:term":[{"taxonomy":"category","embeddable":true,"href":"https:\/\/www.europesays.com\/lv\/wp-json\/wp\/v2\/categories?post=55759"},{"taxonomy":"post_tag","embeddable":true,"href":"https:\/\/www.europesays.com\/lv\/wp-json\/wp\/v2\/tags?post=55759"}],"curies":[{"name":"wp","href":"https:\/\/api.w.org\/{rel}","templated":true}]}}