{"id":55767,"date":"2025-11-22T00:36:09","date_gmt":"2025-11-22T00:36:09","guid":{"rendered":"https:\/\/www.europesays.com\/lv\/55767\/"},"modified":"2025-11-22T00:36:09","modified_gmt":"2025-11-22T00:36:09","slug":"vai-tiesam-eras-beigas-markus-rivas-dienas-un-nedienas-supernova","status":"publish","type":"post","link":"https:\/\/www.europesays.com\/lv\/55767\/","title":{"rendered":"Vai tie\u0161\u0101m \u0113ras beigas? Markus Rivas dienas un nedienas &#8220;Supernov\u0101&#8221;"},"content":{"rendered":"<p>Dienu pirms &#8220;Supernovas&#8221; pusfin\u0101listu pazi\u0146o\u0161anas m\u016bzi\u0137is Markus Riva sav\u0101 &#8220;Instagram&#8221; atkl\u0101ja, ka \u0161ogad nol\u0113mis konkurs\u0101 nepiedal\u012bties, izsaucot pamat\u012bgu vi\u0146a atbalst\u012bt\u0101ju vil\u0161an\u0101s un neizpratnes v\u0113tru. Zinot, ka &#8220;Supernova&#8221; bez Markus Rivas neatlaid\u012bg\u0101s m\u0113r\u0137tiec\u012bbas 10 gadu garum\u0101 nebija iedom\u0101jama, TVNET+ sazin\u0101j\u0101s ar pa\u0161u m\u016bzi\u0137i un atskat\u012bj\u0101s uz vi\u0146a dien\u0101m un nedien\u0101m Eirov\u012bzijas atlas\u0113s.<\/p>\n<p>19. novembr\u012b m\u016bzi\u0137is pazi\u0146oja, ka \u0161ogad &#8220;Supernov\u0101&#8221; nestart\u0113s. <a href=\"https:\/\/sejas.tvnet.lv\/term\/555570\/markus-riva\" class=\"topicLink\" target=\"_blank\" rel=\"nofollow noopener\">Markus Riva<\/a> atz\u012bst, ka<\/p>\n","protected":false},"excerpt":{"rendered":"Dienu pirms &#8220;Supernovas&#8221; pusfin\u0101listu pazi\u0146o\u0161anas m\u016bzi\u0137is Markus Riva sav\u0101 &#8220;Instagram&#8221; atkl\u0101ja, ka \u0161ogad nol\u0113mis konkurs\u0101 nepiedal\u012bties, izsaucot pamat\u012bgu&hellip;\n","protected":false},"author":2,"featured_media":55768,"comment_status":"","ping_status":"","sticky":false,"template":"","format":"standard","meta":{"footnotes":""},"categories":[19],"tags":[89,90,35,39,38,36,37,34,40,1888,3926,758],"class_list":{"0":"post-55767","1":"post","2":"type-post","3":"status-publish","4":"format-standard","5":"has-post-thumbnail","7":"category-izklaide","8":"tag-entertainment","9":"tag-izklaide","10":"tag-latvia","11":"tag-latvian","12":"tag-latviesu","13":"tag-latviesu-valoda","14":"tag-latviesuvaloda","15":"tag-latvija","16":"tag-lv","17":"tag-markus-riva","18":"tag-supernova","19":"tag-tvnet-sejas"},"share_on_mastodon":{"url":"https:\/\/pubeurope.com\/@lv\/115590554120532340","error":""},"_links":{"self":[{"href":"https:\/\/www.europesays.com\/lv\/wp-json\/wp\/v2\/posts\/55767","targetHints":{"allow":["GET"]}}],"collection":[{"href":"https:\/\/www.europesays.com\/lv\/wp-json\/wp\/v2\/posts"}],"about":[{"href":"https:\/\/www.europesays.com\/lv\/wp-json\/wp\/v2\/types\/post"}],"author":[{"embeddable":true,"href":"https:\/\/www.europesays.com\/lv\/wp-json\/wp\/v2\/users\/2"}],"replies":[{"embeddable":true,"href":"https:\/\/www.europesays.com\/lv\/wp-json\/wp\/v2\/comments?post=55767"}],"version-history":[{"count":0,"href":"https:\/\/www.europesays.com\/lv\/wp-json\/wp\/v2\/posts\/55767\/revisions"}],"wp:featuredmedia":[{"embeddable":true,"href":"https:\/\/www.europesays.com\/lv\/wp-json\/wp\/v2\/media\/55768"}],"wp:attachment":[{"href":"https:\/\/www.europesays.com\/lv\/wp-json\/wp\/v2\/media?parent=55767"}],"wp:term":[{"taxonomy":"category","embeddable":true,"href":"https:\/\/www.europesays.com\/lv\/wp-json\/wp\/v2\/categories?post=55767"},{"taxonomy":"post_tag","embeddable":true,"href":"https:\/\/www.europesays.com\/lv\/wp-json\/wp\/v2\/tags?post=55767"}],"curies":[{"name":"wp","href":"https:\/\/api.w.org\/{rel}","templated":true}]}}