{"id":55771,"date":"2025-11-22T00:48:09","date_gmt":"2025-11-22T00:48:09","guid":{"rendered":"https:\/\/www.europesays.com\/lv\/55771\/"},"modified":"2025-11-22T00:48:09","modified_gmt":"2025-11-22T00:48:09","slug":"sova-lauku-seta-uzvar-merktiecigais-jekabs-rumpe","status":"publish","type":"post","link":"https:\/\/www.europesays.com\/lv\/55771\/","title":{"rendered":"\u0160ov\u0101 &#8220;Lauku s\u0113ta&#8221; uzvar m\u0113r\u0137tiec\u012bgais J\u0113kabs Rumpe"},"content":{"rendered":"<p>Otraj\u0101 viet\u0101 palika j\u016brmalnieks Toms Miezis, kur\u0161 t\u0101 ar\u012b visa \u0161ova laik\u0101 ne reizi neaps\u0113d\u0101s uz sli\u0146\u0137u un izbalsoto sola, &#8220;Apollo.lv&#8221; inform\u0113ja TV3.<\/p>\n<p>&#8220;Lauku s\u0113t\u0101&#8221; \u0161\u012b vasara bija piepild\u012bta ar spraigiem notikumiem, str\u012bdiem, m\u012blas dr\u0101m\u0101m un smagiem darbiem, kas vainagoj\u0101s ar baud\u0101miem rezult\u0101tiem. \u0160\u012bs sezonas fin\u0101lsp\u0113l\u0113s vietu izc\u012bn\u012bja J\u0113kabs, Toms, Sanita no Vecpiebalgas, Lielv\u0101rd\u0113 dzimus\u012b Kate un r\u012bdziniece Agnese. Vi\u0146u \u0161\u0137\u012bvji visas vasaras garum\u0101 netika sasisti un katrs no vi\u0146iem bija ap\u0146\u0113m\u012bbas pilns atv\u0113rt l\u0101di un tikt pie galven\u0101s balvas.<\/p>\n<p>T\u0101 k\u0101 laikapst\u0101k\u013ci pusfin\u0101la laik\u0101 bija nepiel\u016bdzami un c\u012b\u0146a ilga jau vair\u0101kas stundas, pirmo reizi &#8220;Lauku s\u0113tas&#8221; v\u0113stur\u0113 J\u0101nim bija j\u0101iejaucas sacens\u012bb\u0101s, lai main\u012btu sp\u0113les noteikumus. Par diviem izveic\u012bg\u0101kajiem, sp\u0113c\u012bg\u0101kajiem un veiksm\u012bg\u0101kajiem \u0161\u012bs sezonas dal\u012bbniekiem t\u0101l\u0101kajai c\u012b\u0146ai k\u013cuva kungi \u2013 J\u0113kabs un Toms.<\/p>\n<p>Uz \u0161ova fin\u0101lu bija ieradu\u0161ies ar\u012b iepriek\u0161 izbalsotie dal\u012bbnieki, lai atbalst\u012btu J\u0113kabu un Tomu, kuriem priek\u0161\u0101 bija \u013coti izaicino\u0161s uzdevums \u2013 lekt maisos l\u012bdz karot\u0113m, p\u0113c tam uz koka karotes bija j\u0101tur ola, to uzman\u012bgi nog\u0101d\u0101jot otrpus pagalmam.<\/p>\n<p>Stafetes turpin\u0101jum\u0101 \u2013 m\u0101jas priek\u0161\u0101 j\u0101iesit ba\u013c\u0137\u012b naglas un, kad tas paveikts, j\u0101skrien uz strauti\u0146u, kur ir desmitiem zelta akme\u0146u, pie kuriem piestiprin\u0101tas atsl\u0113gas. Tikai viena no t\u0101m ir \u012bst\u0101, ar kuru var atsl\u0113gt l\u0101di, kas glab\u0101 galveno balvu.<\/p>\n<p>Spraig\u0101 sacens\u012bb\u0101 pareizo atsl\u0113gu d\u0101rgumu l\u0101des atv\u0113r\u0161anai pirmajam izdev\u0101s J\u0113kabam, k\u013c\u016bstot par &#8220;Lauku s\u0113tas&#8221; 12. sezonas uzvar\u0113t\u0101ju un ieg\u016bstot iesp\u0113ju doties m\u0101j\u0101s ar 9700 eiro. Ta\u010du, k\u0101 jau &#8220;Lauku s\u0113t\u0101&#8221; ierasts \u2013 p\u0101rsteigumi ir uz katra st\u016bra. Proti, J\u0113kabam tika dota iesp\u0113ja izv\u0113l\u0113ties naudas balvu vai vienu no trijiem auto. Un J\u0113kabs, ilgi nedom\u0101jot, l\u0113ma par labu, vi\u0146apr\u0101t, v\u0113rt\u012bg\u0101kam ieguvumam \u2013 automa\u0161\u012bnai.<\/p>\n","protected":false},"excerpt":{"rendered":"Otraj\u0101 viet\u0101 palika j\u016brmalnieks Toms Miezis, kur\u0161 t\u0101 ar\u012b visa \u0161ova laik\u0101 ne reizi neaps\u0113d\u0101s uz sli\u0146\u0137u un&hellip;\n","protected":false},"author":2,"featured_media":55772,"comment_status":"","ping_status":"","sticky":false,"template":"","format":"standard","meta":{"footnotes":""},"categories":[19],"tags":[89,90,35,39,38,36,37,34,40,1110],"class_list":{"0":"post-55771","1":"post","2":"type-post","3":"status-publish","4":"format-standard","5":"has-post-thumbnail","7":"category-izklaide","8":"tag-entertainment","9":"tag-izklaide","10":"tag-latvia","11":"tag-latvian","12":"tag-latviesu","13":"tag-latviesu-valoda","14":"tag-latviesuvaloda","15":"tag-latvija","16":"tag-lv","17":"tag-tv-sovs"},"share_on_mastodon":{"url":"https:\/\/pubeurope.com\/@lv\/115590601392094587","error":""},"_links":{"self":[{"href":"https:\/\/www.europesays.com\/lv\/wp-json\/wp\/v2\/posts\/55771","targetHints":{"allow":["GET"]}}],"collection":[{"href":"https:\/\/www.europesays.com\/lv\/wp-json\/wp\/v2\/posts"}],"about":[{"href":"https:\/\/www.europesays.com\/lv\/wp-json\/wp\/v2\/types\/post"}],"author":[{"embeddable":true,"href":"https:\/\/www.europesays.com\/lv\/wp-json\/wp\/v2\/users\/2"}],"replies":[{"embeddable":true,"href":"https:\/\/www.europesays.com\/lv\/wp-json\/wp\/v2\/comments?post=55771"}],"version-history":[{"count":0,"href":"https:\/\/www.europesays.com\/lv\/wp-json\/wp\/v2\/posts\/55771\/revisions"}],"wp:featuredmedia":[{"embeddable":true,"href":"https:\/\/www.europesays.com\/lv\/wp-json\/wp\/v2\/media\/55772"}],"wp:attachment":[{"href":"https:\/\/www.europesays.com\/lv\/wp-json\/wp\/v2\/media?parent=55771"}],"wp:term":[{"taxonomy":"category","embeddable":true,"href":"https:\/\/www.europesays.com\/lv\/wp-json\/wp\/v2\/categories?post=55771"},{"taxonomy":"post_tag","embeddable":true,"href":"https:\/\/www.europesays.com\/lv\/wp-json\/wp\/v2\/tags?post=55771"}],"curies":[{"name":"wp","href":"https:\/\/api.w.org\/{rel}","templated":true}]}}