{"id":55777,"date":"2025-11-22T00:59:12","date_gmt":"2025-11-22T00:59:12","guid":{"rendered":"https:\/\/www.europesays.com\/lv\/55777\/"},"modified":"2025-11-22T00:59:12","modified_gmt":"2025-11-22T00:59:12","slug":"izdod-labdaribas-maratonam-dod-pieci-veltitu-pastmarku","status":"publish","type":"post","link":"https:\/\/www.europesays.com\/lv\/55777\/","title":{"rendered":"Izdod labdar\u012bbas maratonam &#8220;Dod pieci!&#8221; velt\u012btu pastmarku"},"content":{"rendered":"<p>&#8220;Es v\u0113los, lai nevienam b\u0113rnam nav j\u0101gaida br\u012bnums \u2013 lai katram ir pieejami nepiecie\u0161amie resursi rehabilit\u0101cijai un vesel\u012bgai dz\u012bvei. Manupr\u0101t, labdar\u012bbas pastmarka ir br\u012bni\u0161\u0137\u012bgs atg\u0101din\u0101jums, ka pal\u012bdz\u012bba var s\u0101kties ar nelielu kust\u012bbu \u2013 pirmo soli. Priec\u0101\u0161os, ja katrs nos\u016bt\u012btais sveiciens \u0161ogad k\u013c\u016bs par soli tuv\u0101k k\u0101da jaunie\u0161a patst\u0101v\u012bbai,&#8221; uzsver labdar\u012bbas maratona &#8220;Dod pieci!&#8221; 2025. gada v\u0113stnese El\u012bna Baltskara.<\/p>\n<p>Ziemassv\u0113tku s\u0113rijas unik\u0101l\u0101s pastmarkas nomin\u0101lv\u0113rt\u012bba ir 2,30 eiro + 1,00 eiro, kas ir paredz\u0113ta s\u016bt\u012bjumiem Latvij\u0101 svara kategorij\u0101 l\u012bdz 20 gramiem. T\u0101s tir\u0101\u017ea ir 25 000 eksempl\u0101ru. Pastmarka pieejama visos &#8220;Latvijas Pasta&#8221; klientu centros, klientu apkalpo\u0161anas punktos, &#8220;Pastnieka m\u0101j\u0101s&#8221; un uz\u0146\u0113muma internetveikal\u0101.<\/p>\n<p>Par pastmarku s\u0113rijas centr\u0101lo elementu izv\u0113l\u0113ts labi zin\u0101mais ziemas atrib\u016bts, kas pal\u012bdz gan sasild\u012bties un padar\u012bt vajadz\u012bgo, gan dot daudz laba, k\u0101 ar\u012b simboliski sasaucas ar &#8220;Dod pieci!&#8221; \u2013 kr\u0101sainais un darb\u012bgais cimdi\u0146\u0161.<\/p>\n<p>Pastmarku s\u0113rija ataino dienu pirms Ziemassv\u0113tkiem.<\/p>\n<p>&#8220;S\u0101kam to, atst\u0101jot cienastu draugiem \u2013 me\u017ea zv\u0113riem un putniem, tad sagatavojamies ziemas prieku baud\u012b\u0161anai \u2013 uzlejam ledu, uzasin\u0101m slidas un ievaskojam sl\u0113pes. P\u0113c tam ir laiks not\u012br\u012bt sniegu, sanest malku, atvest egl\u012bti un izrot\u0101t pagalmu. Visbeidzot, kad jau s\u0101k satumst \u2013 esam gatavi iepriecin\u0101t un pal\u012bdz\u0113t tiem, kuriem \u0161obr\u012bd nekl\u0101jas viegli. K\u0101rt\u012bgi izkust\u0113ju\u0161ies un visu sadar\u012bju\u0161i, varam svin\u0113t \u2013 priec\u012bgus Ziemassv\u0113tkus!&#8221; nov\u0113l M\u0101ris Upenieks, kura rad\u012bt\u0101s pastmarkas iemieso sve\u0304tku kusti\u0304bu un rosi\u0304bu, iedvesmojot sabiedr\u012bbu labiem un sv\u0113t\u012bgiem darbiem.<\/p>\n<p>Sv\u0113tkus klientu centru un klientu apkalpo\u0161anas punktu sortimentam pie\u0161\u0137irs ar\u012b b\u0113rnu un jaunie\u0161u veidot\u0101s Ziemassv\u0113tku apsveikumu kart\u012btes, kas ierobe\u017eot\u0101 tir\u0101\u017e\u0101 b\u016bs ieg\u0101d\u0101jamas no novembra beig\u0101m l\u012bdztekus ierastajam sortimentam.<\/p>\n","protected":false},"excerpt":{"rendered":"&#8220;Es v\u0113los, lai nevienam b\u0113rnam nav j\u0101gaida br\u012bnums \u2013 lai katram ir pieejami nepiecie\u0161amie resursi rehabilit\u0101cijai un vesel\u012bgai&hellip;\n","protected":false},"author":2,"featured_media":55778,"comment_status":"","ping_status":"","sticky":false,"template":"","format":"standard","meta":{"footnotes":""},"categories":[5],"tags":[13220,23,28,29,32,33,22,7159,30,31,35,39,38,36,37,34,3973,40,20,26,27,24,25,21],"class_list":{"0":"post-55777","1":"post","2":"type-post","3":"status-publish","4":"format-standard","5":"has-post-thumbnail","7":"category-aktualitates","8":"tag-dod-pieci","9":"tag-aktualitates","10":"tag-breaking-news","11":"tag-breakingnews","12":"tag-featured-news","13":"tag-featurednews","14":"tag-headlines","15":"tag-labdariba","16":"tag-latest-news","17":"tag-latestnews","18":"tag-latvia","19":"tag-latvian","20":"tag-latviesu","21":"tag-latviesu-valoda","22":"tag-latviesuvaloda","23":"tag-latvija","24":"tag-latvijas-pasts","25":"tag-lv","26":"tag-news","27":"tag-popularakas-zinas","28":"tag-popularakaszinas","29":"tag-top-stories","30":"tag-topstories","31":"tag-zinas"},"share_on_mastodon":{"url":"https:\/\/pubeurope.com\/@lv\/115590644556422332","error":""},"_links":{"self":[{"href":"https:\/\/www.europesays.com\/lv\/wp-json\/wp\/v2\/posts\/55777","targetHints":{"allow":["GET"]}}],"collection":[{"href":"https:\/\/www.europesays.com\/lv\/wp-json\/wp\/v2\/posts"}],"about":[{"href":"https:\/\/www.europesays.com\/lv\/wp-json\/wp\/v2\/types\/post"}],"author":[{"embeddable":true,"href":"https:\/\/www.europesays.com\/lv\/wp-json\/wp\/v2\/users\/2"}],"replies":[{"embeddable":true,"href":"https:\/\/www.europesays.com\/lv\/wp-json\/wp\/v2\/comments?post=55777"}],"version-history":[{"count":0,"href":"https:\/\/www.europesays.com\/lv\/wp-json\/wp\/v2\/posts\/55777\/revisions"}],"wp:featuredmedia":[{"embeddable":true,"href":"https:\/\/www.europesays.com\/lv\/wp-json\/wp\/v2\/media\/55778"}],"wp:attachment":[{"href":"https:\/\/www.europesays.com\/lv\/wp-json\/wp\/v2\/media?parent=55777"}],"wp:term":[{"taxonomy":"category","embeddable":true,"href":"https:\/\/www.europesays.com\/lv\/wp-json\/wp\/v2\/categories?post=55777"},{"taxonomy":"post_tag","embeddable":true,"href":"https:\/\/www.europesays.com\/lv\/wp-json\/wp\/v2\/tags?post=55777"}],"curies":[{"name":"wp","href":"https:\/\/api.w.org\/{rel}","templated":true}]}}