{"id":55815,"date":"2025-11-22T04:23:09","date_gmt":"2025-11-22T04:23:09","guid":{"rendered":"https:\/\/www.europesays.com\/lv\/55815\/"},"modified":"2025-11-22T04:23:09","modified_gmt":"2025-11-22T04:23:09","slug":"saeima-vienbalsigi-iecel-arminu-meisteru-par-generalprokuroru-lente-lv-2","status":"publish","type":"post","link":"https:\/\/www.europesays.com\/lv\/55815\/","title":{"rendered":"Saeima vienbals\u012bgi iece\u013c Arm\u012bnu Meisteru par \u0122ener\u0101lprokuroru\u00a0\u2014\u00a0Lente.lv"},"content":{"rendered":"<p>Arm\u012bna Meistera iecel\u0161ana \u0123ener\u0101lprokurora amat\u0101: jauns s\u0101kums tieslietu sist\u0113m\u0101<\/p>\n<p>Ceturtdien, 20. novembr\u012b, v\u0113sturisk\u0101 Saeimas s\u0113d\u0113 vienbals\u012bgi tika pie\u0146emts l\u0113mums iecelt Arm\u012bnu Meisteru jaunaj\u0101 \u0123ener\u0101lprokurora amat\u0101. \u0160is vienpr\u0101t\u012bgais atbalsts apliecina uztic\u012bbu vi\u0146as sp\u0113j\u0101m un redz\u0113jumam, lai vad\u012btu Latvijas tieslietu sist\u0113mu sare\u017e\u0123\u012btaj\u0101 m\u016bsdienu pasaul\u0113. \u0160is noz\u012bm\u012bgais notikums iez\u012bm\u0113 jaunu noda\u013cu gan Meisteres karjer\u0101, gan visas valsts tiesiskuma att\u012bst\u012bb\u0101.<\/p>\n<p>Amata pien\u0101kumi un izaicin\u0101jumi<\/p>\n<p>\u0122ener\u0101lprokurora amats ir viens no atbild\u012bg\u0101kajiem valsts p\u0101rvald\u0113, prasa ne tikai dzi\u013cas juridisk\u0101s zin\u0101\u0161anas, bet ar\u012b sp\u0113ju pie\u0146emt drosm\u012bgus l\u0113mumus un vad\u012bt lielu kolekt\u012bvu. Arm\u012bna Meistera, st\u0101joties \u0161aj\u0101 amat\u0101, saskarsies ar vair\u0101kiem b\u016btiskiem izaicin\u0101jumiem. Viens no galvenajiem uzdevumiem b\u016bs stiprin\u0101t sabiedr\u012bbas uztic\u012bbu tiesu varai, nodro\u0161inot caursp\u012bd\u012bgumu un objektivit\u0101ti visos procesos. T\u0101pat svar\u012bgi b\u016bs risin\u0101t jaut\u0101jumus, kas saist\u012bti ar korupcijas apkaro\u0161anu, organiz\u0113to noziedz\u012bbu un tiesu sist\u0113mas efektivit\u0101tes paaugstin\u0101\u0161anu.<\/p>\n<p>Meistres iepriek\u0161\u0113j\u0101 pieredze un profesion\u0101l\u0101 izaugsme sniedz p\u0101rliec\u012bbu, ka vi\u0146a sp\u0113s veiksm\u012bgi p\u0101rvar\u0113t \u0161\u012bs gr\u016bt\u012bbas. Vi\u0146as darba stils, kas raksturojas ar neatlaid\u012bbu un precizit\u0101ti, tiek uzskat\u012bts par piem\u0113rotu, lai virz\u012btu nepiecie\u0161am\u0101s reformas un nodro\u0161in\u0101tu tiesiskuma principu iev\u0113ro\u0161anu. K\u0101 nor\u0101da eksperti, \u0123ener\u0101lprokurora loma ir k\u0101 valsts tiesiskuma sirdspukstu monitorings \u2013 ir j\u0101saj\u016bt jebk\u0101das novirzes un j\u0101rea\u0123\u0113 nekav\u0113joties.<\/p>\n<p>Ce\u013c\u0161 uz \u0123ener\u0101lprokurora amatu<\/p>\n<p>Arm\u012bnas Meisteres ce\u013c\u0161 l\u012bdz \u0161ai augstajai amata vietai nav bijis vienk\u0101r\u0161s. T\u0101 ir bijusi ilga un cent\u012bga profesion\u0101l\u0101 att\u012bst\u012bba, kas vainagojusies ar \u0161o noz\u012bm\u012bgo iecelt\u012bbu. Vi\u0146as karjera prokurat\u016br\u0101 ir bag\u0101ta ar pieredzi da\u017e\u0101dos l\u012bme\u0146os, dodot vi\u0146ai pla\u0161u ieskatu sist\u0113mas stipraj\u0101s un v\u0101jaj\u0101s pus\u0113s. \u0160\u012b pieredze ir neatsverama, pl\u0101nojot n\u0101kotnes darb\u012bbas un strat\u0113\u0123ijas.<\/p>\n<p>Paral\u0113li saviem tie\u0161ajiem darba pien\u0101kumiem, Meistere vienm\u0113r ir bijusi akt\u012bva diskusiju dal\u012bbniece par tieslietu sist\u0113mas pilnveido\u0161anu, apliecinot savu dedz\u012bgo v\u0113lmi veicin\u0101t pozit\u012bvas p\u0101rmai\u0146as. \u0160is akt\u012bvisms un viedok\u013cu pau\u0161ana no\u0161\u0137ir vi\u0146u no daudziem citiem, padarot vi\u0146as iecel\u0161anu par gaid\u012btu un atbalst\u0101mu notikumu daudziem juristu aprindu p\u0101rst\u0101vjiem un sabiedr\u012bbai kopum\u0101.<\/p>\n<p>N\u0101kotnes perspekt\u012bvas un sabiedr\u012bbas gaidas<\/p>\n<p>Sabiedr\u012bba un tieslietu nozares profesion\u0101\u013ci ar liel\u0101m cer\u012bb\u0101m raug\u0101s uz Arm\u012bnas Meisteres darbu jaunaj\u0101 amat\u0101. Vi\u0146as iecel\u0161ana tiek uztverta k\u0101 iesp\u0113ja nostiprin\u0101t tiesiskumu un palielin\u0101t tiesu sist\u0113mas efektivit\u0101ti. Gaidas ir augstas, jo \u012bpa\u0161i attiec\u012bb\u0101 uz neatkar\u012bbas un objektivit\u0101tes nodro\u0161in\u0101\u0161anu, kas ir pamat\u0101 jebkurai vesel\u012bgai demokr\u0101tijai. K\u0101 saka k\u0101ds jurists, &#8220;tagad ir br\u012bdis, kad mums visiem j\u0101apvienojas, lai atbalst\u012btu jauno \u0123ener\u0101lprokurori un pal\u012bdz\u0113tu vi\u0146ai \u012bstenot tos m\u0113r\u0137us, kas svar\u012bgi visai Latvijai.&#8221;<\/p>\n<p>Tiek prognoz\u0113ts, ka Arm\u012bnas Meisteres vad\u012bb\u0101 prokurat\u016bra sp\u0113s ne tikai veiksm\u012bg\u0101k risin\u0101t eso\u0161os sare\u017e\u0123\u012btos krimin\u0101llietu jaut\u0101jumus, bet ar\u012b akt\u012bv\u0101k piedal\u012bsies tiesu sist\u0113mas att\u012bst\u012bbas strat\u0113\u0123iju veido\u0161an\u0101, nodro\u0161inot, ka t\u0101 atbilst m\u016bsdienu sabiedr\u012bbas vajadz\u012bb\u0101m un starptautiskajiem standartiem. Vi\u0146as iecel\u0161ana ir apliecin\u0101jums tam, ka Latvija turpina stiprin\u0101t savu tiesisko pamatu, sperot dro\u0161us so\u013cus uz priek\u0161u.<\/p>\n","protected":false},"excerpt":{"rendered":"Arm\u012bna Meistera iecel\u0161ana \u0123ener\u0101lprokurora amat\u0101: jauns s\u0101kums tieslietu sist\u0113m\u0101 Ceturtdien, 20. novembr\u012b, v\u0113sturisk\u0101 Saeimas s\u0113d\u0113 vienbals\u012bgi tika pie\u0146emts&hellip;\n","protected":false},"author":2,"featured_media":55816,"comment_status":"","ping_status":"","sticky":false,"template":"","format":"standard","meta":{"footnotes":""},"categories":[5],"tags":[23,15067,28,29,32,33,12073,22,30,31,35,39,38,36,37,34,40,20,26,27,141,14133,24,25,21],"class_list":{"0":"post-55815","1":"post","2":"type-post","3":"status-publish","4":"format-standard","5":"has-post-thumbnail","7":"category-aktualitates","8":"tag-aktualitates","9":"tag-armina-meistere","10":"tag-breaking-news","11":"tag-breakingnews","12":"tag-featured-news","13":"tag-featurednews","14":"tag-generalprokurors","15":"tag-headlines","16":"tag-latest-news","17":"tag-latestnews","18":"tag-latvia","19":"tag-latvian","20":"tag-latviesu","21":"tag-latviesu-valoda","22":"tag-latviesuvaloda","23":"tag-latvija","24":"tag-lv","25":"tag-news","26":"tag-popularakas-zinas","27":"tag-popularakaszinas","28":"tag-saeima","29":"tag-tieslietu-sistema","30":"tag-top-stories","31":"tag-topstories","32":"tag-zinas"},"share_on_mastodon":{"url":"https:\/\/pubeurope.com\/@lv\/115591446765332193","error":""},"_links":{"self":[{"href":"https:\/\/www.europesays.com\/lv\/wp-json\/wp\/v2\/posts\/55815","targetHints":{"allow":["GET"]}}],"collection":[{"href":"https:\/\/www.europesays.com\/lv\/wp-json\/wp\/v2\/posts"}],"about":[{"href":"https:\/\/www.europesays.com\/lv\/wp-json\/wp\/v2\/types\/post"}],"author":[{"embeddable":true,"href":"https:\/\/www.europesays.com\/lv\/wp-json\/wp\/v2\/users\/2"}],"replies":[{"embeddable":true,"href":"https:\/\/www.europesays.com\/lv\/wp-json\/wp\/v2\/comments?post=55815"}],"version-history":[{"count":0,"href":"https:\/\/www.europesays.com\/lv\/wp-json\/wp\/v2\/posts\/55815\/revisions"}],"wp:featuredmedia":[{"embeddable":true,"href":"https:\/\/www.europesays.com\/lv\/wp-json\/wp\/v2\/media\/55816"}],"wp:attachment":[{"href":"https:\/\/www.europesays.com\/lv\/wp-json\/wp\/v2\/media?parent=55815"}],"wp:term":[{"taxonomy":"category","embeddable":true,"href":"https:\/\/www.europesays.com\/lv\/wp-json\/wp\/v2\/categories?post=55815"},{"taxonomy":"post_tag","embeddable":true,"href":"https:\/\/www.europesays.com\/lv\/wp-json\/wp\/v2\/tags?post=55815"}],"curies":[{"name":"wp","href":"https:\/\/api.w.org\/{rel}","templated":true}]}}