{"id":55817,"date":"2025-11-22T04:37:08","date_gmt":"2025-11-22T04:37:08","guid":{"rendered":"https:\/\/www.europesays.com\/lv\/55817\/"},"modified":"2025-11-22T04:37:08","modified_gmt":"2025-11-22T04:37:08","slug":"cirihe-izlozeti-pasaules-kausa-2026-papildkvalifikacijas-pari-eiropa-saspringtas-cinas-lente-lv","status":"publish","type":"post","link":"https:\/\/www.europesays.com\/lv\/55817\/","title":{"rendered":"C\u012brih\u0113 izloz\u0113ti Pasaules kausa 2026 papildkvalifik\u0101cijas p\u0101ri: Eirop\u0101 saspringtas c\u012b\u0146as\u00a0\u2014\u00a0Lente.lv"},"content":{"rendered":"<p>Noskaidroti Pasaules kausa papildus atlases turn\u012bru p\u0101ri<\/p>\n<p>C\u012brih\u0113 notikus\u012b izloze atkl\u0101jusi Pasaules kausa 2026. gada izc\u012b\u0146as papildkvalifik\u0101cijas ce\u013cus. \u0160ie neap\u0161aub\u0101mi b\u016bs aizraujo\u0161i due\u013ci, kuros tiks izsp\u0113l\u0113tas p\u0113d\u0113j\u0101s ce\u013caz\u012bmes uz fin\u0101lturn\u012bru, kas notiks Zieme\u013camerik\u0101. Starpkontinent\u0101laj\u0101 turn\u012br\u0101, kas norisin\u0101sies Meksikas pils\u0113t\u0101s, par vienu no div\u0101m ce\u013caz\u012bm c\u012bn\u012bsies Jaunkaledonija pret Jamaiku, uzvar\u0113t\u0101jai tiekoties ar Kongo DR. Savuk\u0101rt otraj\u0101 zar\u0101 Bol\u012bvija un Surinama noskaidros, kura izaicin\u0101s Ir\u0101ku.<\/p>\n<p>Eiropas papildkvalifik\u0101cijas spriedze<\/p>\n<p>Eiropas zon\u0101 papildkvalifik\u0101cijas turn\u012brs sol\u0101s b\u016bt \u012bpa\u0161i saspringts. \u0160aj\u0101 turn\u012br\u0101 tiks izsp\u0113l\u0113tas \u010detras ce\u013caz\u012bmes uz Pasaules kausa fin\u0101lturn\u012bru. Izloze savedusi kop\u0101 sp\u0113c\u012bgas valstsvien\u012bbas, radot intrigu par katras sp\u0113les izn\u0101kumu. Piem\u0113ram, Polija tiksies ar Ukrainu, bet Zviedrija sp\u0113kosies pret Alb\u0101niju. V\u0113l citi aizraujo\u0161i p\u0101ri ir It\u0101lija pret Zieme\u013c\u012briju, un Velsa pret Bosniju. T\u0101pat Slov\u0101kija m\u0113rosies sp\u0113kiem ar Kosovu, bet Turcija tiksies ar Rum\u0101niju. Savuk\u0101rt \u010cehija un \u012arija, k\u0101 ar\u012b D\u0101nija un Zieme\u013cma\u0137edonija aizvad\u012bs savstarp\u0113jas c\u012b\u0146as par katru v\u0113rt\u012bgo punktu.<\/p>\n<p>Latvijas izlases ce\u013c\u0161 un iepriek\u0161\u0113j\u0101s sp\u0113les<\/p>\n<p>Lai gan konteksts nor\u0101da uz Latvijas izlases dal\u012bbu, inform\u0101cija no mekl\u0113jumiem atkl\u0101j, ka Alb\u0101nija ir bijusi gan pretiniece Pasaules kausa kvalifik\u0101cijas sp\u0113l\u0113s, gan ar\u012b \u0161obr\u012bd nav iek\u013cauta Eiropas papildkvalifik\u0101cijas \u010detriniek\u0101, kas c\u012bn\u012bsies par viet\u0101m fin\u0101lturn\u012br\u0101. Iepriek\u0161\u0113j\u0101s sp\u0113l\u0113s pret Alb\u0101niju Latvijas izlase ir demonstr\u0113jusi rakstura sp\u0113li, izc\u012bnot neiz\u0161\u0137irtus. Tom\u0113r 2025. gada septembr\u012b notiku\u0161aj\u0101 izbraukuma sp\u0113l\u0113 pret Alb\u0101niju tika piedz\u012bvots zaud\u0113jums ar 0:1, vien\u012bgos v\u0101rtus g\u016bstot no 11 metru soda sitiena. Latvijas izlase Pasaules kausa kvalifik\u0101cijas K grup\u0101 ie\u0146em ceturto vietu ar \u010detriem punktiem, kam\u0113r Alb\u0101nija ir otraj\u0101 viet\u0101 ar asto\u0146iem punktiem.<\/p>\n<p>Pasaules kausa fin\u0101lturn\u012bra perspekt\u012bvas<\/p>\n<p>2026. gada Pasaules kausa fin\u0101lturn\u012brs sol\u0101s b\u016bt v\u0113sturisks, jo taj\u0101 pirmo reizi piedal\u012bsies 48 komandas. Tas noz\u012bm\u0113, ka Eiropai ir pie\u0161\u0137irtas 16 ce\u013caz\u012bmes, kas palielina cer\u012bbas ar\u012b maz\u0101k\u0101m futbola valst\u012bm. Kvalifik\u0101cijas process ir sare\u017e\u0123\u012bts, un izlozes sist\u0113ma Eirop\u0101 tiek d\u0113v\u0113ta par vienu no vis sare\u017e\u0123\u012bt\u0101kaj\u0101m futbola v\u0113stur\u0113. Grupu sadal\u012bjums un kalend\u0101rs v\u0113l nav piln\u012bb\u0101 zin\u0101ms, ta\u010du skaidrs ir viens \u2013 katra sp\u0113le b\u016bs noz\u012bm\u012bga c\u012b\u0146a par sapni nok\u013c\u016bt pasaules presti\u017e\u0101kaj\u0101 futbola turn\u012br\u0101.<\/p>\n","protected":false},"excerpt":{"rendered":"Noskaidroti Pasaules kausa papildus atlases turn\u012bru p\u0101ri C\u012brih\u0113 notikus\u012b izloze atkl\u0101jusi Pasaules kausa 2026. gada izc\u012b\u0146as papildkvalifik\u0101cijas ce\u013cus.&hellip;\n","protected":false},"author":2,"featured_media":55818,"comment_status":"","ping_status":"","sticky":false,"template":"","format":"standard","meta":{"footnotes":""},"categories":[17],"tags":[15070,15069,35,39,38,36,37,34,4016,40,15068,67,3676],"class_list":{"0":"post-55817","1":"post","2":"type-post","3":"status-publish","4":"format-standard","5":"has-post-thumbnail","7":"category-sports","8":"tag-albanijas-futbola-izlase","9":"tag-futbola-kvalifikacija","10":"tag-latvia","11":"tag-latvian","12":"tag-latviesu","13":"tag-latviesu-valoda","14":"tag-latviesuvaloda","15":"tag-latvija","16":"tag-latvijas-futbola-izlase","17":"tag-lv","18":"tag-pasaules-kausa-izcina","19":"tag-sports","20":"tag-uefa"},"share_on_mastodon":{"url":"https:\/\/pubeurope.com\/@lv\/115591501815966015","error":""},"_links":{"self":[{"href":"https:\/\/www.europesays.com\/lv\/wp-json\/wp\/v2\/posts\/55817","targetHints":{"allow":["GET"]}}],"collection":[{"href":"https:\/\/www.europesays.com\/lv\/wp-json\/wp\/v2\/posts"}],"about":[{"href":"https:\/\/www.europesays.com\/lv\/wp-json\/wp\/v2\/types\/post"}],"author":[{"embeddable":true,"href":"https:\/\/www.europesays.com\/lv\/wp-json\/wp\/v2\/users\/2"}],"replies":[{"embeddable":true,"href":"https:\/\/www.europesays.com\/lv\/wp-json\/wp\/v2\/comments?post=55817"}],"version-history":[{"count":0,"href":"https:\/\/www.europesays.com\/lv\/wp-json\/wp\/v2\/posts\/55817\/revisions"}],"wp:featuredmedia":[{"embeddable":true,"href":"https:\/\/www.europesays.com\/lv\/wp-json\/wp\/v2\/media\/55818"}],"wp:attachment":[{"href":"https:\/\/www.europesays.com\/lv\/wp-json\/wp\/v2\/media?parent=55817"}],"wp:term":[{"taxonomy":"category","embeddable":true,"href":"https:\/\/www.europesays.com\/lv\/wp-json\/wp\/v2\/categories?post=55817"},{"taxonomy":"post_tag","embeddable":true,"href":"https:\/\/www.europesays.com\/lv\/wp-json\/wp\/v2\/tags?post=55817"}],"curies":[{"name":"wp","href":"https:\/\/api.w.org\/{rel}","templated":true}]}}