{"id":55827,"date":"2025-11-22T05:11:09","date_gmt":"2025-11-22T05:11:09","guid":{"rendered":"https:\/\/www.europesays.com\/lv\/55827\/"},"modified":"2025-11-22T05:11:09","modified_gmt":"2025-11-22T05:11:09","slug":"man-ir-ticiba-ka-latvija-ir-un-bus-izdevusies-valsts-lente-lv-2","status":"publish","type":"post","link":"https:\/\/www.europesays.com\/lv\/55827\/","title":{"rendered":"&#8220;Man ir tic\u012bba, ka Latvija ir un b\u016bs izdevusies valsts&#8221;\u00a0\u2014\u00a0Lente.lv"},"content":{"rendered":"<p>Sili\u0146as sv\u0113tku uzruna: Tic\u012bba Latvijas izaugsmei un aicin\u0101jums stiprin\u0101t valsti<\/p>\n<p>Ministru prezidente Evika Sili\u0146a Latvijas Republikas 107. gadadienas svin\u012bb\u0101s paudusi stingru p\u0101rliec\u012bbu par Latvijas n\u0101kotni, uzsverot nepiecie\u0161am\u012bbu b\u016bt konkur\u0113tsp\u0113j\u012bgiem un elast\u012bgiem, vienlaikus saglab\u0101jot savas nacion\u0101l\u0101s saknes. &#8220;Man ir tic\u012bba, ka Latvija ir un b\u016bs izdevusies valsts,&#8221; sv\u0113tku uzrun\u0101 sac\u012bja Sili\u0146a, aicinot ikvienu Latvijas iedz\u012bvot\u0101ju ik dienu pielikt p\u016bles, lai stiprin\u0101tu savu dzimteni. Vi\u0146a uzsv\u0113ra, ka m\u016bsu kop\u012bgais uzdevums ir b\u016bt soli priek\u0161\u0101 laikam, piel\u0101gojoties main\u012bgajai pasaulei, ta\u010du nedr\u012bkst aizmirst par to, kas m\u016bs veido un vieno \u2013 m\u016bsu kult\u016bru, valodu un v\u0113sturi. Sili\u0146a rosin\u0101ja svin\u0113t ne tikai valsts dibin\u0101\u0161anas sv\u0113tkus, bet ar\u012b apzin\u0101ties savu lomu valsts att\u012bst\u012bb\u0101. Vi\u0146a mudin\u0101ja sabiedr\u012bbu rast drosmi, izr\u0101d\u012bt emp\u0101tiju un velt\u012bt sp\u0113kus Latvijas lab\u0101 ikkatru dienu, veicinot t\u0101s sp\u0113ku un labkl\u0101j\u012bbu.<\/p>\n<p>Aicin\u0101jums vienoties kop\u012bg\u0101 m\u0113r\u0137\u012b \u2013 stiprai Latvijai<\/p>\n<p>Runas pamat\u0101 bija aicin\u0101jums vienoties kop\u012bg\u0101 v\u012bzij\u0101 par sp\u0113c\u012bgu un plauksto\u0161u Latviju. Sili\u0146a atzina, ka ce\u013c\u0161 uz pan\u0101kumiem prasa ne tikai valsts vad\u012bbas, bet ar\u012b ikviena pilso\u0146a akt\u012bvu l\u012bdzdal\u012bbu un atbild\u012bbu. Vi\u0146a aicin\u0101ja nebaid\u012bties no izaicin\u0101jumiem, bet tos izmantot k\u0101 iesp\u0113jas augt un att\u012bst\u012bties gan person\u012bgi, gan valstisk\u0101 m\u0113rog\u0101. Ministru prezidente akcent\u0113ja, ka Latvija, neskatoties uz t\u0101s jaun\u012bbu pasaules valstu vid\u016b, ir pier\u0101d\u012bjusi savu notur\u012bbu un sp\u0113ju p\u0101rvar\u0113t gr\u016bt\u012bbas. Tagad ir laiks skat\u012bties n\u0101kotn\u0113 ar optimismu un ap\u0146\u0113m\u012bbu, radot vidi, kur\u0101 ikviens j\u016btas pieder\u012bgs un nov\u0113rt\u0113ts. &#8220;Lai mums visiem pietiek drosmes, emp\u0101tijas un sp\u0113ka, lai ik dienu stiprin\u0101tu Latviju,&#8221; \u0161ie v\u0101rdi skan\u0113ja k\u0101 sirsn\u012bgs aicin\u0101jums nevis tikai svin\u0113t, bet ar\u012b akt\u012bvi darboties Latvijas lab\u0101.<\/p>\n<p>Latvijas stiprin\u0101\u0161ana \u2013 kop\u012bgs darbs ikvienam<\/p>\n<p>Sili\u0146as uzruna bija ne tikai sv\u0113tku sveiciens, bet ar\u012b sp\u0113c\u012bgs aicin\u0101jums ikvienam apzin\u0101ties savu lomu valsts veido\u0161an\u0101. Vi\u0146a uzsv\u0113ra, ka izdevusies valsts veidojas nevis tikai no politiskajiem l\u0113mumiem, bet ar\u012b no ikdienas darba, iniciat\u012bvas un savstarp\u0113jas cie\u0146as. Premjere aicin\u0101ja jaunie\u0161us b\u016bt akt\u012bviem un iesaist\u012bties sabiedriskaj\u0101 dz\u012bv\u0113, lai veidotu n\u0101kotni, k\u0101du vi\u0146i v\u0113las redz\u0113t. T\u0101pat vi\u0146a aicin\u0101ja vec\u0101ko paaudzi dal\u012bties ar savu pieredzi un gudr\u012bbu, t\u0101d\u0113j\u0101di veidojot cie\u0161\u0101ku saikni starp paaudz\u0113m. Sili\u0146a pauda cer\u012bbu, ka sv\u0113tki kalpos k\u0101 iedvesmas avots, lai m\u0113s visi kop\u0101 veidotu stipru un p\u0101rtiku\u0161u Latviju, kas sp\u0113j konkur\u0113t pasaules l\u012bmen\u012b, vienlaikus saglab\u0101jot savu unik\u0101lo identit\u0101ti un v\u0113rt\u012bbas.<\/p>\n","protected":false},"excerpt":{"rendered":"Sili\u0146as sv\u0113tku uzruna: Tic\u012bba Latvijas izaugsmei un aicin\u0101jums stiprin\u0101t valsti Ministru prezidente Evika Sili\u0146a Latvijas Republikas 107. gadadienas&hellip;\n","protected":false},"author":2,"featured_media":55828,"comment_status":"","ping_status":"","sticky":false,"template":"","format":"standard","meta":{"footnotes":""},"categories":[5],"tags":[23,28,29,32,33,22,30,31,35,39,38,36,37,34,14073,15072,40,20,26,27,15071,15073,24,25,21],"class_list":{"0":"post-55827","1":"post","2":"type-post","3":"status-publish","4":"format-standard","5":"has-post-thumbnail","7":"category-aktualitates","8":"tag-aktualitates","9":"tag-breaking-news","10":"tag-breakingnews","11":"tag-featured-news","12":"tag-featurednews","13":"tag-headlines","14":"tag-latest-news","15":"tag-latestnews","16":"tag-latvia","17":"tag-latvian","18":"tag-latviesu","19":"tag-latviesu-valoda","20":"tag-latviesuvaloda","21":"tag-latvija","22":"tag-latvijas-nakotne","23":"tag-latvijas-neatkaribas-pasludinasanas-diena","24":"tag-lv","25":"tag-news","26":"tag-popularakas-zinas","27":"tag-popularakaszinas","28":"tag-silina","29":"tag-svetku-uzruna","30":"tag-top-stories","31":"tag-topstories","32":"tag-zinas"},"share_on_mastodon":{"url":"https:\/\/pubeurope.com\/@lv\/115591635524783011","error":""},"_links":{"self":[{"href":"https:\/\/www.europesays.com\/lv\/wp-json\/wp\/v2\/posts\/55827","targetHints":{"allow":["GET"]}}],"collection":[{"href":"https:\/\/www.europesays.com\/lv\/wp-json\/wp\/v2\/posts"}],"about":[{"href":"https:\/\/www.europesays.com\/lv\/wp-json\/wp\/v2\/types\/post"}],"author":[{"embeddable":true,"href":"https:\/\/www.europesays.com\/lv\/wp-json\/wp\/v2\/users\/2"}],"replies":[{"embeddable":true,"href":"https:\/\/www.europesays.com\/lv\/wp-json\/wp\/v2\/comments?post=55827"}],"version-history":[{"count":0,"href":"https:\/\/www.europesays.com\/lv\/wp-json\/wp\/v2\/posts\/55827\/revisions"}],"wp:featuredmedia":[{"embeddable":true,"href":"https:\/\/www.europesays.com\/lv\/wp-json\/wp\/v2\/media\/55828"}],"wp:attachment":[{"href":"https:\/\/www.europesays.com\/lv\/wp-json\/wp\/v2\/media?parent=55827"}],"wp:term":[{"taxonomy":"category","embeddable":true,"href":"https:\/\/www.europesays.com\/lv\/wp-json\/wp\/v2\/categories?post=55827"},{"taxonomy":"post_tag","embeddable":true,"href":"https:\/\/www.europesays.com\/lv\/wp-json\/wp\/v2\/tags?post=55827"}],"curies":[{"name":"wp","href":"https:\/\/api.w.org\/{rel}","templated":true}]}}