{"id":55850,"date":"2025-11-22T06:00:12","date_gmt":"2025-11-22T06:00:12","guid":{"rendered":"https:\/\/www.europesays.com\/lv\/55850\/"},"modified":"2025-11-22T06:00:12","modified_gmt":"2025-11-22T06:00:12","slug":"dziedatajs-un-tv-sovu-vaditajs-markus-riva-nak-klaja-ar-pazinojumu-video","status":"publish","type":"post","link":"https:\/\/www.europesays.com\/lv\/55850\/","title":{"rendered":"dzied\u0101t\u0101js un TV \u0161ovu vad\u012bt\u0101js Markus Riva n\u0101k klaj\u0101 ar pazi\u0146ojumu (+ VIDEO)"},"content":{"rendered":"<p>        <img loading=\"lazy\" decoding=\"async\" class=\"lazy lazy-hidden size-full wp-image-177301\" src=\"data:image\/gif;base64,R0lGODlhAQABAIAAAAAAAP\/\/\/yH5BAEAAAAALAAAAAABAAEAAAIBRAA7\" data-lazy-type=\"image\" data-lazy-src=\"https:\/\/www.europesays.com\/lv\/wp-content\/uploads\/2025\/11\/riva23.jpg\" alt=\"\" width=\"818\" height=\"534\" data-lazy- data-lazy-\/>Foto \u2013 ekr\u0101nuz\u0146\u0113mums<\/p>\n<p>Muzik\u0101l\u0101 TV \u0161ova \u201cX Faktors\u201d vad\u012bt\u0101js un m\u016bzi\u0137is Markus Riva soci\u0101laj\u0101s vietn\u0113s n\u0101cis klaj\u0101 ar k\u0101du pazi\u0146ojumu, kas sar\u016bgtin\u0101jis daudzus vi\u0146a fanus un sekot\u0101jus. <\/p>\n<p>Latvijas nacion\u0101l\u0101 dziesmu atlase \u201cSupernova 2026\u201d ir sol\u012bti tuv\u0101k lielajam notikumam \u2013 \u017e\u016brija nosaukusi tos dzied\u0101t\u0101jus un grupas, kas sacent\u012bsies par vietu fin\u0101l\u0101, lai var\u0113tu p\u0101rst\u0101v\u0113t Latviju lielaj\u0101 \u201cEirov\u012bzijas\u201d konkurs\u0101 2026.gad\u0101. Kopum\u0101 iesnigtas 124 dziesmas, bet \u017e\u016brija atlas\u012bjusi 24 pusfin\u0101listus, kuriem ar\u012b b\u016bs iesp\u0113ja sevi par\u0101d\u012bt uz \u201cSupernova\u201d skatuves jau dr\u012bz.<\/p>\n<p>Zin\u0101ms, ka \u201cSupernova\u201d pusfin\u0101l\u0101 uz skatuves k\u0101ps ar\u012b t\u0101di paz\u012bstami v\u0101rdi m\u016bzikas pasaul\u0113 k\u0101 Aivo Oskis, Antra Stafecka, Emilija, Ivo Gr\u012bsni\u0146\u0161-Gr\u012bslis, Miks Galvanovskis, k\u0101 ar\u012b citi m\u0101kslinieki \u2013 Agnesse, Atvara, Blurie, Daba, \u201cDe Mantra\u201d, Edvards Strazdi\u0146\u0161, \u201cElpo\u201d, \u201cHoney Blue\u201d, J\u0101nis Rug\u0101js, \u201cKautkaili\u201d, Krisy, Krist\u012bne Megija, Legzdi\u0146a, Nolark, \u201cPap\u012bra lidma\u0161\u012bnas\u201d, Paula, Robert Ox, Tikasha Sakama un V\u0113stnieks.<\/p>\n<p><img loading=\"lazy\" decoding=\"async\" class=\"lazy lazy-hidden size-full wp-image-158740\" src=\"data:image\/gif;base64,R0lGODlhAQABAIAAAAAAAP\/\/\/yH5BAEAAAAALAAAAAABAAEAAAIBRAA7\" data-lazy-type=\"image\" data-lazy-src=\"https:\/\/www.europesays.com\/lv\/wp-content\/uploads\/2025\/11\/riva2.jpg\" alt=\"\" width=\"818\" height=\"515\" data-lazy- data-lazy-\/>Foto \u2013 ekr\u0101nuz\u0146\u0113mums<\/p>\n<p>Visas pusfin\u0101la dziesmas klaus\u012bt\u0101ji var\u0113s nov\u0113rt\u0113t jau no 4. decembra, kad t\u0101s var\u0113s noklaus\u012bties gan vietn\u0113 supernova.lsm.lv un konkursa \u201cYoutube\u201d kont\u0101. Savuk\u0101rt m\u0101kslinieki par iesp\u0113ju tikt uz \u201cEirov\u012bziju\u201d sacent\u012bsies 2026.gada 31. janv\u0101r\u012b un 7. febru\u0101r\u012b, bet lielais fin\u0101ls \u2013 14. febru\u0101r\u012b.<\/p>\n<p>\n&#13;<br \/>\n&#13;<br \/>\n&#13;<br \/>\n&#13;<br \/>\nVIDEO: &#13;<br \/>\n &#13;<\/p>\n<p>Tikm\u0113r soci\u0101laj\u0101 t\u012bkl\u0101 \u201cFacebook\u201d dzied\u0101t\u0101js Markus Riva, kur\u0161 paz\u012bstams ar savu m\u0113r\u0137tiec\u012bgo dal\u012bbu \u201cSupernov\u0101\u201d vair\u0101kus gadus p\u0113c k\u0101rtas, n\u0101cis klaj\u0101 ar pazi\u0146ojumu, ka \u0161ogad vi\u0146\u0161 nav pieteicies dziesmu konkursam. Vi\u0146\u0161 pau\u017e, ka \u0161ogad nav pieteicies, jo apzin\u0101ti nav v\u0113l\u0113jies to dar\u012bt.<\/p>\n<p>Lasi v\u0113l:<\/p>\n<p>Vi\u0146\u0161 skaidro, ka ikreiz, piedaloties \u201cSupernov\u0101\u201d, tas ir liels piedz\u012bvojums \u2013 katru gadu atkal un atkal vi\u0146\u0161 ar\u012b izjuta skat\u012bt\u0101ju atbalstu, v\u0113stules, koment\u0101rus, gaid\u012b\u0161anu, un tas tie\u0161\u0101m daudz noz\u012bm\u0113. Bet skat\u012bt\u0101ju tic\u012bbas un ener\u0123ijas nekas neb\u016btu bijis t\u0101, k\u0101 bija.<\/p>\n<p>Tom\u0113r \u0161oreiz vi\u0146\u0161 j\u016bt, ka nepiecie\u0161ama pauze. Jo Eirov\u012bzijas vide ir k\u013cuvusi p\u0101r\u0101k saspringta. Riva t\u0101p\u0113c v\u0113las spert soli atpaka\u013c, lai saglab\u0101tu mier\u012bgu pr\u0101tu un piev\u0113rstos sav\u0101m person\u012bgaj\u0101m liet\u0101m, kas ar\u012b ir \u013coti svar\u012bga. Tom\u0113r \u0161\u012b \u201caizie\u0161ana\u201d nav punkts vai nosl\u0113gums, dr\u012bz\u0101k neliels komats. Riva ar\u012b pateicas saviem atbalst\u012bt\u0101jiem par to, ka visu \u0161o gadu garum\u0101 vi\u0146i bija kop\u0101 ar vi\u0146u.<\/p>\n<p><img loading=\"lazy\" decoding=\"async\" class=\"lazy lazy-hidden size-full wp-image-207668\" src=\"data:image\/gif;base64,R0lGODlhAQABAIAAAAAAAP\/\/\/yH5BAEAAAAALAAAAAABAAEAAAIBRAA7\" data-lazy-type=\"image\" data-lazy-src=\"https:\/\/www.europesays.com\/lv\/wp-content\/uploads\/2025\/09\/Ekranuznemums-2025-09-24-164803.jpg\" alt=\"\" width=\"818\" height=\"548\" data-lazy- data-lazy-\/>Foto \u2013 ekr\u0101nuz\u0146\u0113mums<\/p>\n<p>Koment\u0101ru sada\u013c\u0101 cilv\u0113ki raksta, ka \u013coti \u017e\u0113l, ka Markus pie\u0146\u0113ma t\u0101du l\u0113mumu. K\u0101ds no koment\u0113t\u0101jiem raksta: \u201cPa\u0146em l\u012bdzi Talsu Balto kori un dodieties uz Eirov\u012bziju. Tici \u2013 Latvijai tas atnestu uzvaru!\u201d.<\/p>\n<p>Markus Riva \u201cJa pasaule \u0161onakt apst\u0101sies\u201d, video:<br \/><img decoding=\"async\" src=\"data:image\/gif;base64,R0lGODlhAQABAIAAAAAAAP\/\/\/yH5BAEAAAAALAAAAAABAAEAAAIBRAA7\" class=\"lazy lazy-hidden\" data-lazy-type=\"iframe\" data-lazy-src=\"&lt;iframe loading=&quot;lazy&quot; width=&quot;560&quot; height=&quot;315&quot; src=&quot;https:\/\/www.youtube.com\/embed\/LO662n1VTxI?si=0ck1ek-crdYRGTrn&quot; title=&quot;YouTube video player&quot; frameborder=&quot;0&quot; allow=&quot;accelerometer; autoplay; clipboard-write; encrypted-media; gyroscope; picture-in-picture; web-share&quot; referrerpolicy=&quot;strict-origin-when-cross-origin&quot; allowfullscreen&gt;&lt;\/iframe&gt;\" alt=\"\"\/><\/p>\n","protected":false},"excerpt":{"rendered":"Foto \u2013 ekr\u0101nuz\u0146\u0113mums Muzik\u0101l\u0101 TV \u0161ova \u201cX Faktors\u201d vad\u012bt\u0101js un m\u016bzi\u0137is Markus Riva soci\u0101laj\u0101s vietn\u0113s n\u0101cis klaj\u0101 ar&hellip;\n","protected":false},"author":2,"featured_media":55851,"comment_status":"","ping_status":"","sticky":false,"template":"","format":"standard","meta":{"footnotes":""},"categories":[19],"tags":[492,89,90,35,39,38,36,37,34,40,1888,3926],"class_list":{"0":"post-55850","1":"post","2":"type-post","3":"status-publish","4":"format-standard","5":"has-post-thumbnail","7":"category-izklaide","8":"tag-eirovizija","9":"tag-entertainment","10":"tag-izklaide","11":"tag-latvia","12":"tag-latvian","13":"tag-latviesu","14":"tag-latviesu-valoda","15":"tag-latviesuvaloda","16":"tag-latvija","17":"tag-lv","18":"tag-markus-riva","19":"tag-supernova"},"share_on_mastodon":{"url":"https:\/\/pubeurope.com\/@lv\/115591828239300480","error":""},"_links":{"self":[{"href":"https:\/\/www.europesays.com\/lv\/wp-json\/wp\/v2\/posts\/55850","targetHints":{"allow":["GET"]}}],"collection":[{"href":"https:\/\/www.europesays.com\/lv\/wp-json\/wp\/v2\/posts"}],"about":[{"href":"https:\/\/www.europesays.com\/lv\/wp-json\/wp\/v2\/types\/post"}],"author":[{"embeddable":true,"href":"https:\/\/www.europesays.com\/lv\/wp-json\/wp\/v2\/users\/2"}],"replies":[{"embeddable":true,"href":"https:\/\/www.europesays.com\/lv\/wp-json\/wp\/v2\/comments?post=55850"}],"version-history":[{"count":0,"href":"https:\/\/www.europesays.com\/lv\/wp-json\/wp\/v2\/posts\/55850\/revisions"}],"wp:featuredmedia":[{"embeddable":true,"href":"https:\/\/www.europesays.com\/lv\/wp-json\/wp\/v2\/media\/55851"}],"wp:attachment":[{"href":"https:\/\/www.europesays.com\/lv\/wp-json\/wp\/v2\/media?parent=55850"}],"wp:term":[{"taxonomy":"category","embeddable":true,"href":"https:\/\/www.europesays.com\/lv\/wp-json\/wp\/v2\/categories?post=55850"},{"taxonomy":"post_tag","embeddable":true,"href":"https:\/\/www.europesays.com\/lv\/wp-json\/wp\/v2\/tags?post=55850"}],"curies":[{"name":"wp","href":"https:\/\/api.w.org\/{rel}","templated":true}]}}