{"id":5588,"date":"2025-09-26T12:48:09","date_gmt":"2025-09-26T12:48:09","guid":{"rendered":"https:\/\/www.europesays.com\/lv\/5588\/"},"modified":"2025-09-26T12:48:09","modified_gmt":"2025-09-26T12:48:09","slug":"orbans-skaidro-kapec-ungarija-nevar-atteikties-no-krievijas-energoresursiem","status":"publish","type":"post","link":"https:\/\/www.europesays.com\/lv\/5588\/","title":{"rendered":"Orb\u0101ns skaidro, k\u0101p\u0113c Ung\u0101rija nevar atteikties no Krievijas energoresursiem"},"content":{"rendered":"<p><a href=\"https:\/\/www.apollo.lv\/term\/555908\/ungarija\" class=\"topicLink\" target=\"_blank\" rel=\"nofollow noopener\">Ung\u0101rija<\/a> ir viena no retaj\u0101m Eiropas valst\u012bm, kas p\u0113c Krievijas pilna apm\u0113ra karadarb\u012bbas izv\u0113r\u0161anas Ukrain\u0101 2022.gada febru\u0101r\u012b joproj\u0101m turpina pirkt Krievijas naftu un dabasg\u0101zi. Ta\u010du Tramps septembra s\u0101kum\u0101 aicin\u0101ja visas NATO dal\u012bbvalstis, tai skait\u0101 Ung\u0101riju, p\u0101rtraukt pirkt Krievijas naftu, jo, vi\u0146apr\u0101t, t\u0101d\u0113j\u0101di var\u0113tu tikt izbeigts Krievijas s\u0101ktais kar\u0161 pret Ukrainu.<\/p>\n<p>Intervij\u0101 Ung\u0101rijas radiostacijai Orb\u0101ns piektdien sac\u012bja, ka nesen Trampam pateicis, ka atteik\u0161an\u0101s no Krievijas ener\u0123ijas importa Ung\u0101rijas ekonomikai rad\u012btu katastrof\u0101las sekas.<\/p>\n<p>&#8220;Es pateicu ASV prezidentam, ka gad\u012bjum\u0101, ja Ung\u0101rijai tiks liegta pieeja Krievijas naftai un dabasg\u0101zei, Ung\u0101rijas ekonomiskie r\u0101d\u012bt\u0101ji nekav\u0113joties, min\u016btes laik\u0101, nokrit\u012bsies par 4%,&#8221; nor\u0101d\u012bja Orb\u0101ns. &#8220;Tas noz\u012bm\u0113, ka Ung\u0101rijas ekonomika tiktu nospiesta uz ce\u013ciem.&#8221;<\/p>\n<p>Neraugoties uz tr\u012bs gadus ilgu\u0161ajiem Eiropas Savien\u012bbas valstu centieniem atteikties no Krievijas energoresursu pieg\u0101d\u0113m, lai at\u0146emtu diktatoram Vladimiram Putinam ien\u0101kumus, kas pal\u012bdz finans\u0113t karu pret Ukrainu, Ung\u0101rijas amatpersonas apgalvo, ka \u0123eogr\u0101fiskie un infrastrukt\u016bras ierobe\u017eojumi p\u0101reju uz rietumvalstu pieg\u0101d\u0101tu fosilo kurin\u0101mo izmanto\u0161anu padara gandr\u012bz neiesp\u0113jamu.<\/p>\n<p>Tom\u0113r cit\u0101m Eiropas valst\u012bm, tai skait\u0101 \u010cehijai, kurai ar\u012b ir tikai sauszemes robe\u017eas, ir izdevies piln\u012bb\u0101 p\u0101rtraukt Krievijas naftas iepirk\u0161anu. Ar\u012b Ung\u0101rijas kaimi\u0146valsts Slov\u0101kija joproj\u0101m turpina Krievijas energoresursu importu.<\/p>\n<p>Tom\u0113r, neraugoties uz Eiropas Savien\u012bbas (ES) un Trampa administr\u0101cijas spiedienu, Orb\u0101ns, kam starp ES valstu l\u012bderiem ir viscie\u0161\u0101k\u0101s attiec\u012bbas ar Kremli, piektdien pazi\u0146oja, ka, run\u0101jot par energoresursiem, &#8220;ir skaidrs, kas ir Ung\u0101rijas interes\u0113s, un m\u0113s atbilsto\u0161i r\u012bkosimies.&#8221;<\/p>\n<p>Ung\u0101rija un ASV ir &#8220;suver\u0113nas valstis. Nevienai no mums nav j\u0101pie\u0146em otras puses argumenti. Amerikai ir savi argumenti un intereses, un ar\u012b Ung\u0101rijai ir savi argumenti un intereses,&#8221; uzsv\u0113ra Orb\u0101ns.<\/p>\n","protected":false},"excerpt":{"rendered":"Ung\u0101rija ir viena no retaj\u0101m Eiropas valst\u012bm, kas p\u0113c Krievijas pilna apm\u0113ra karadarb\u012bbas izv\u0113r\u0161anas Ukrain\u0101 2022.gada febru\u0101r\u012b joproj\u0101m&hellip;\n","protected":false},"author":2,"featured_media":5589,"comment_status":"","ping_status":"","sticky":false,"template":"","format":"standard","meta":{"footnotes":""},"categories":[5],"tags":[23,28,29,542,32,33,22,234,74,30,31,35,39,38,36,37,34,40,2421,20,26,27,24,25,2497,2508,21],"class_list":{"0":"post-5588","1":"post","2":"type-post","3":"status-publish","4":"format-standard","5":"has-post-thumbnail","7":"category-aktualitates","8":"tag-aktualitates","9":"tag-breaking-news","10":"tag-breakingnews","11":"tag-donalds-tramps","12":"tag-featured-news","13":"tag-featurednews","14":"tag-headlines","15":"tag-krievija","16":"tag-krievijas-iebrukums-ukraina","17":"tag-latest-news","18":"tag-latestnews","19":"tag-latvia","20":"tag-latvian","21":"tag-latviesu","22":"tag-latviesu-valoda","23":"tag-latviesuvaloda","24":"tag-latvija","25":"tag-lv","26":"tag-nafta","27":"tag-news","28":"tag-popularakas-zinas","29":"tag-popularakaszinas","30":"tag-top-stories","31":"tag-topstories","32":"tag-ungarija","33":"tag-viktors-orbans","34":"tag-zinas"},"share_on_mastodon":{"url":"","error":""},"_links":{"self":[{"href":"https:\/\/www.europesays.com\/lv\/wp-json\/wp\/v2\/posts\/5588","targetHints":{"allow":["GET"]}}],"collection":[{"href":"https:\/\/www.europesays.com\/lv\/wp-json\/wp\/v2\/posts"}],"about":[{"href":"https:\/\/www.europesays.com\/lv\/wp-json\/wp\/v2\/types\/post"}],"author":[{"embeddable":true,"href":"https:\/\/www.europesays.com\/lv\/wp-json\/wp\/v2\/users\/2"}],"replies":[{"embeddable":true,"href":"https:\/\/www.europesays.com\/lv\/wp-json\/wp\/v2\/comments?post=5588"}],"version-history":[{"count":0,"href":"https:\/\/www.europesays.com\/lv\/wp-json\/wp\/v2\/posts\/5588\/revisions"}],"wp:featuredmedia":[{"embeddable":true,"href":"https:\/\/www.europesays.com\/lv\/wp-json\/wp\/v2\/media\/5589"}],"wp:attachment":[{"href":"https:\/\/www.europesays.com\/lv\/wp-json\/wp\/v2\/media?parent=5588"}],"wp:term":[{"taxonomy":"category","embeddable":true,"href":"https:\/\/www.europesays.com\/lv\/wp-json\/wp\/v2\/categories?post=5588"},{"taxonomy":"post_tag","embeddable":true,"href":"https:\/\/www.europesays.com\/lv\/wp-json\/wp\/v2\/tags?post=5588"}],"curies":[{"name":"wp","href":"https:\/\/api.w.org\/{rel}","templated":true}]}}