{"id":55913,"date":"2025-11-22T07:58:09","date_gmt":"2025-11-22T07:58:09","guid":{"rendered":"https:\/\/www.europesays.com\/lv\/55913\/"},"modified":"2025-11-22T07:58:09","modified_gmt":"2025-11-22T07:58:09","slug":"teatra-eksperti-verhoustinska-un-rubenis-atklaj-skatuves-un-aizskatuves-nianses-lente-lv","status":"publish","type":"post","link":"https:\/\/www.europesays.com\/lv\/55913\/","title":{"rendered":"Te\u0101tra eksperti Verhoustinska un Rubenis atkl\u0101j skatuves un aizskatuves nianses\u00a0\u2014\u00a0Lente.lv"},"content":{"rendered":"<p>Par gaid\u0101mo \u00abSp\u0113lma\u0146u nakts\u00bb ceremoniju un aizvad\u012bto te\u0101tra sezonu<\/p>\n<p>Tuvojoties 23. novembrim, kas tiek atz\u012bm\u0113ta k\u0101 le\u0123end\u0101r\u0101 te\u0101tra re\u017eisora Eduarda Smi\u013c\u0123a dzim\u0161anas diena, Latvij\u0101 tradicion\u0101li norisin\u0101s ar\u012b noz\u012bm\u012bgs notikums te\u0101tra pasaul\u0113 \u2013 \u00abSp\u0113lma\u0146u nakts\u00bb balvu pasnieg\u0161anas ceremonija. \u0160ogad, 2025. gad\u0101, \u00abSp\u0113lma\u0146u nakts\u00bb pas\u0101kums paredz\u0113ts 23. novembr\u012b Dailes te\u0101tr\u012b, kur tiks apbalvoti pag\u0101ju\u0161\u0101s, 2024.\/2025. gada, te\u0101tra sezonas lab\u0101kie darbi un tajos iesaist\u012btie m\u0101kslinieki.<\/p>\n<p>Par aizvad\u012bto te\u0101tra sezonu un t\u0101s noz\u012bm\u012bg\u0101kajiem notikumiem, k\u0101 ar\u012b par skatuves un aizskatuves nians\u0113m Latvijas Telev\u012bzijas raid\u012bjum\u0101 \u00ab\u0160odienas jaut\u0101jums\u00bb padzi\u013cin\u0101ti diskut\u0113ja \u00abSp\u0113lma\u0146u nakts\u00bb \u017e\u016brijas priek\u0161s\u0113d\u0113t\u0101ja, te\u0101tra kriti\u0137e Henrieta Verhoustinska un Latvijas Te\u0101tra darbinieku savien\u012bbas (LTDS) valdes priek\u0161s\u0113d\u0113t\u0101js Oj\u0101rs Rubenis. Vi\u0146i dal\u012bj\u0101s sav\u0101s p\u0101rdom\u0101s par sezonas aktualit\u0101t\u0113m, izaicin\u0101jumiem un pan\u0101kumiem, sniedzot v\u0113rt\u012bgu ieskatu te\u0101tra vides dinamik\u0101.<\/p>\n<p>Te\u0101tra sezona: izcil\u012bba un izaicin\u0101jumi<\/p>\n<p>Aizvad\u012bto te\u0101tra sezonu, lai ar\u012b profesion\u0101li kvalitat\u012bvu, Henrieta Verhoustinska raksturo k\u0101 sal\u012bdzino\u0161i vienm\u0113r\u012bgu, bez izteikti spilgtiem novatoriskiem uzliesmojumiem. Tom\u0113r \u012bpa\u0161u atzin\u012bbu izpeln\u012bj\u0101s jauno re\u017eisoru un absolventu diplomdarbu skates, kas atkl\u0101ja svaigas un aizraujo\u0161as idejas. K\u0101 \u013coti pozit\u012bvu tendenci Verhoustinska un citi \u017e\u016brijas locek\u013ci izc\u0113lu\u0161i to, ka sezona bag\u0101t\u012bga ar kvalitat\u012bviem iestud\u0113jumiem b\u0113rniem un pusaud\u017eiem \u2013 auditorijai, kurai te\u0101tra pasaul\u0113 bie\u017ei vien tr\u016bkst kvalitat\u012bva satura.<\/p>\n<p>Henrieta Verhoustinska ir \u00abSp\u0113lma\u0146u nakts\u00bb \u017e\u016brijas priek\u0161s\u0113d\u0113t\u0101ja, savuk\u0101rt Oj\u0101rs Rubenis vada Latvijas Te\u0101tra darbinieku savien\u012bbu. Abi eksperti raid\u012bjum\u0101 \u00ab\u0160odienas jaut\u0101jums\u00bb analiz\u0113ja gan liel\u0101s, gan maz\u0101s Latvijas skatuves, k\u0101 ar\u012b to, kas notiek aiz priek\u0161kara, sniedzot gan kritisku, gan optimistisku skat\u012bjumu uz te\u0101tra procesu.<\/p>\n<p>Viens no v\u0113rt\u012bg\u0101kajiem aspektiem aizvad\u012btaj\u0101 sezon\u0101, p\u0113c \u017e\u016brijas locek\u013cu teikt\u0101, ir bijusi tie\u0161\u0101 vai netie\u0161\u0101 veid\u0101 izr\u0101d\u0113s atspogu\u013cot\u0101s aktu\u0101l\u0101s sabiedr\u012bbas t\u0113mas. Lielie te\u0101tri, sal\u012bdzin\u0101mi ar ku\u0123iem, savu virzienu mekl\u0113 l\u0113n\u0101k, ta\u010du ir sp\u0113j\u012bgi uz pla\u0161\u0101kiem un noz\u012bm\u012bg\u0101kiem pagrieziena manevriem, kam\u0113r mazie, nevalstiskie te\u0101tri ir k\u0101 mobil\u0101ki ku\u0123\u012b\u0161i, kas sp\u0113j \u0101tr\u0101k rea\u0123\u0113t uz aktu\u0101laj\u0101m tendenc\u0113m un idej\u0101m. \u0160\u012b da\u017e\u0101d\u012bba un dinamika ir te\u0101tra dz\u012bves neat\u0146emama sast\u0101vda\u013ca.<\/p>\n<p>\u012apa\u0161a uzman\u012bba tika piev\u0113rsta Nacion\u0101l\u0101 te\u0101tra pan\u0101kumiem, ko apliecina visliel\u0101kais nomin\u0101ciju skaits \u00abSp\u0113lma\u0146u nakts\u00bb balv\u0101m. K\u0101 skaidroja \u017e\u016brijas locek\u013ci, tas da\u013c\u0113ji izskaidrojams ar te\u0101tra sp\u0113ju piesaist\u012bt jaunus un talant\u012bgus re\u017eisorus, kuri pied\u0101v\u0101 svaigus un interesantus mekl\u0113jumus. \u0160\u012b jaunie\u0161u iesaiste un rado\u0161ais potenci\u0101ls ir noz\u012bm\u012bgs dzin\u0113jsp\u0113ks te\u0101tra att\u012bst\u012bb\u0101.<\/p>\n<p>\u00abSp\u0113lma\u0146u nakts\u00bb: trad\u012bcijas un n\u0101kotnes v\u012bzijas<\/p>\n<p>\u00abSp\u0113lma\u0146u nakts\u00bb balvu pasnieg\u0161anas ceremonija ir ne tikai sv\u0113tki te\u0101tra m\u0101kslai, bet ar\u012b tradicion\u0101ls notikums, kas vienm\u0113r norit Eduarda Smi\u013c\u0123a dzim\u0161anas dien\u0101, 23. novembr\u012b. Ceremonija ir iesp\u0113ja godin\u0101t lab\u0101kos aizvad\u012bt\u0101s sezonas darbus un izcil\u012bbas, vienlaikus piev\u0113r\u0161ot sabiedr\u012bbas uzman\u012bbu te\u0101tra noz\u012bmei un v\u0113rt\u012bbai.<\/p>\n<p>\u0160ogad par m\u016b\u017ea ieguld\u012bjumu te\u0101tra m\u0101ksl\u0101 tiks sumin\u0101ta Liep\u0101jas te\u0101tra aktrise Aina Karele un Mihaila \u010cehova R\u012bgas Krievu te\u0101tra aktieris Jakovs Rafa\u013csons. Vi\u0146u darbs un talants ir neatsverams ieguld\u012bjums Latvijas te\u0101tra kult\u016br\u0101.<\/p>\n<p>Par 2024.\/2025. gada sezonas lab\u0101kajiem darbiem un m\u0101ksliniekiem tiks pasniegtas balvas 16 vai pat 17 kategorij\u0101s. \u017d\u016brija visu gadu ir r\u016bp\u012bgi v\u0113rt\u0113jusi izr\u0101des, mekl\u0113jot sezonas virsotnes un talant\u012bg\u0101kos jaunrades p\u0101rst\u0101vjus. Lai gan diskusijas \u017e\u016brijas s\u0113d\u0113s ir biju\u0161as asas, par galvenaj\u0101m kategorij\u0101m izdevies pan\u0101kt vienpr\u0101t\u012bbu, kas liecina par kop\u012bgu izpratni par te\u0101tra m\u0101kslas v\u0113rt\u012bb\u0101m. Tom\u0113r visvair\u0101k diskusiju radu\u0161\u0101s par otr\u0101 pl\u0101na lom\u0101m un jaunajiem skatuves m\u0101ksliniekiem, kas apliecina \u0161o kategoriju noz\u012bm\u012bgumu un daudzveid\u012bbu.<\/p>\n<p>Verhoustinska uzsver, ka \u017e\u016brijas darbs ir r\u016bp\u012bgs un ilga procesa rezult\u0101ts, jo kriti\u0137i visu sezonu ir apmekl\u0113ju\u0161i izr\u0101des, lai izveidotu pilnv\u0113rt\u012bgu ainu par te\u0101tra notikumiem. Vi\u0146a ar\u012b pau\u017e viedokli, ka lab\u0101k ir pied\u0101v\u0101t skat\u012bt\u0101jiem balso\u0161anai tos darbus, ko atlas\u012bjusi \u017e\u016brija, jo t\u0101 sp\u0113j redz\u0113t visu kontekstu un kopumu, nevis tikai atsevi\u0161\u0137us izcil\u0101kos darbus. Oj\u0101rs Rubenis piekr\u012bt, ka te\u0101tra vid\u0113 vienm\u0113r b\u016bs kaisl\u012bbas un diskusijas, un n\u0101kamgad var\u0113tu b\u016bt ar\u012b jaunas k\u0101rt\u012bbas noteik\u0161anas, kas apliecina te\u0101tra dinamisko un nep\u0101rtraukti main\u012bgo dabu.<\/p>\n<p>Skat\u012bt\u0101ju simp\u0101tiju balsojums ir v\u0113l viens svar\u012bgs \u00abSp\u0113lma\u0146u nakts\u00bb elements. No 3. l\u012bdz 19. novembrim skat\u012bt\u0101ji var\u0113ja balsot par saviem favor\u012btiem 2024.\/2025. gada sezon\u0101, piedaloties fin\u0101lbalsojum\u0101 port\u0101l\u0101 LSM.lv. \u0160is balsojums ir k\u0101 skat\u012bt\u0101ju pateic\u012bba m\u0101ksliniekiem par spilgtiem iestud\u0113jumiem un neaizmirstamiem br\u012b\u017eiem uz skatuves.<\/p>\n<p>Te\u0101tra n\u0101kotnes v\u012bzija<\/p>\n<p>Verhoustinska un Rubenis, run\u0101jot par te\u0101tra n\u0101kotnes v\u012bziju, atz\u012bm\u0113, ka svar\u012bgi ir nevis sevi cenz\u0113t, bet gan b\u016bt drosm\u012bgiem un atkl\u0101t sabiedr\u012bbai aktu\u0101las t\u0113mas. Te\u0101trim ir sp\u0113ja veicin\u0101t diskusijas un izpratni par da\u017e\u0101d\u0101m probl\u0113m\u0101m, pat ja t\u0101s skar politiski j\u016bt\u012bgas t\u0113mas.<\/p>\n<p>Lai gan aizvad\u012bt\u0101 sezona netika raksturota k\u0101 novatorisku virsot\u0146u sezona, tom\u0113r t\u0101 pied\u0101v\u0101ja daudzveid\u012bgu un kvalitat\u012bvu pied\u0101v\u0101jumu da\u017e\u0101d\u0101m auditorij\u0101m. Jauno re\u017eisoru un aktieru talants, k\u0101 ar\u012b aktu\u0101lo t\u0113mu atspogu\u013cojums izr\u0101d\u0113s liecina par te\u0101tra sp\u0113ju att\u012bst\u012bties un piel\u0101goties main\u012bgajai pasaulei.<\/p>\n<p>\u00abSp\u0113lma\u0146u nakts\u00bb ceremonija, kas notiks 23. novembr\u012b, sola b\u016bt ne tikai sv\u0113tki, bet ar\u012b v\u0113rt\u012bgs nosl\u0113gums v\u0113l vienai aizraujo\u0161ai te\u0101tra sezonai Latvij\u0101.<\/p>\n","protected":false},"excerpt":{"rendered":"Par gaid\u0101mo \u00abSp\u0113lma\u0146u nakts\u00bb ceremoniju un aizvad\u012bto te\u0101tra sezonu Tuvojoties 23. novembrim, kas tiek atz\u012bm\u0113ta k\u0101 le\u0123end\u0101r\u0101 te\u0101tra&hellip;\n","protected":false},"author":2,"featured_media":55914,"comment_status":"","ping_status":"","sticky":false,"template":"","format":"standard","meta":{"footnotes":""},"categories":[12],"tags":[23,28,29,32,33,22,5517,30,31,35,39,38,36,37,34,15088,40,20,15089,26,27,6020,1176,24,25,21],"class_list":{"0":"post-55913","1":"post","2":"type-post","3":"status-publish","4":"format-standard","5":"has-post-thumbnail","7":"category-latvija","8":"tag-aktualitates","9":"tag-breaking-news","10":"tag-breakingnews","11":"tag-featured-news","12":"tag-featurednews","13":"tag-headlines","14":"tag-henrieta-verhoustinska","15":"tag-latest-news","16":"tag-latestnews","17":"tag-latvia","18":"tag-latvian","19":"tag-latviesu","20":"tag-latviesu-valoda","21":"tag-latviesuvaloda","22":"tag-latvija","23":"tag-latvijas-teatra-sezona","24":"tag-lv","25":"tag-news","26":"tag-ojars-rubenis","27":"tag-popularakas-zinas","28":"tag-popularakaszinas","29":"tag-spelmanu-nakts","30":"tag-teatris","31":"tag-top-stories","32":"tag-topstories","33":"tag-zinas"},"share_on_mastodon":{"url":"https:\/\/pubeurope.com\/@lv\/115592292188743075","error":""},"_links":{"self":[{"href":"https:\/\/www.europesays.com\/lv\/wp-json\/wp\/v2\/posts\/55913","targetHints":{"allow":["GET"]}}],"collection":[{"href":"https:\/\/www.europesays.com\/lv\/wp-json\/wp\/v2\/posts"}],"about":[{"href":"https:\/\/www.europesays.com\/lv\/wp-json\/wp\/v2\/types\/post"}],"author":[{"embeddable":true,"href":"https:\/\/www.europesays.com\/lv\/wp-json\/wp\/v2\/users\/2"}],"replies":[{"embeddable":true,"href":"https:\/\/www.europesays.com\/lv\/wp-json\/wp\/v2\/comments?post=55913"}],"version-history":[{"count":0,"href":"https:\/\/www.europesays.com\/lv\/wp-json\/wp\/v2\/posts\/55913\/revisions"}],"wp:featuredmedia":[{"embeddable":true,"href":"https:\/\/www.europesays.com\/lv\/wp-json\/wp\/v2\/media\/55914"}],"wp:attachment":[{"href":"https:\/\/www.europesays.com\/lv\/wp-json\/wp\/v2\/media?parent=55913"}],"wp:term":[{"taxonomy":"category","embeddable":true,"href":"https:\/\/www.europesays.com\/lv\/wp-json\/wp\/v2\/categories?post=55913"},{"taxonomy":"post_tag","embeddable":true,"href":"https:\/\/www.europesays.com\/lv\/wp-json\/wp\/v2\/tags?post=55913"}],"curies":[{"name":"wp","href":"https:\/\/api.w.org\/{rel}","templated":true}]}}