{"id":55925,"date":"2025-11-22T08:16:09","date_gmt":"2025-11-22T08:16:09","guid":{"rendered":"https:\/\/www.europesays.com\/lv\/55925\/"},"modified":"2025-11-22T08:16:09","modified_gmt":"2025-11-22T08:16:09","slug":"jelgavas-novada-pazudusi-devingadiga-meitene-atrasta","status":"publish","type":"post","link":"https:\/\/www.europesays.com\/lv\/55925\/","title":{"rendered":"Jelgavas novad\u0101 pazudus\u012b devi\u0146gad\u012bg\u0101 meitene atrasta"},"content":{"rendered":"<p>Papildin\u0101ts 22:03<\/p>\n<p>Valsts policijas Dienvidzemgales iecirk\u0146a mekl\u0113t\u0101 bezv\u0113sts promb\u016btn\u0113 bijus\u012b 2016. gad\u0101 dzimus\u012b Gabriela Siliniece atradusies, a\u0123ent\u016bru LETA inform\u0113ja Valsts policij\u0101.<\/p>\n<p>Meitene atradusies sveika un vesela.<\/p>\n<p>Valsts policijas Dienvidzemgales iecirknis mekl\u0113 bezv\u0113sts promb\u016btn\u0113 eso\u0161o 2016. gad\u0101 dzimu\u0161o Gabrielu Silinieci, inform\u0113ja Valsts policij\u0101.<\/p>\n<p>Meitene \u0161odien, 21. novembr\u012b, ap plkst. 16.30 izg\u0101ja no dz\u012bves vietas Jelgavas novad\u0101, Valgundes pagast\u0101, un \u0161obr\u012bd vi\u0146as atra\u0161an\u0101s vieta nav zin\u0101ma. Meitenei ir vesel\u012bbas probl\u0113mas.<\/p>\n<p>Valsts policija aicina apl\u016bkot meitenes att\u0113lu un atsaukties ikvienu, kura r\u012bc\u012bb\u0101 ir inform\u0101cija par vi\u0146as iesp\u0113jamo atra\u0161an\u0101s vietu, zvanot pa t\u0101lru\u0146a numuru 112.<\/p>\n<p><\/p>\n","protected":false},"excerpt":{"rendered":"Papildin\u0101ts 22:03 Valsts policijas Dienvidzemgales iecirk\u0146a mekl\u0113t\u0101 bezv\u0113sts promb\u016btn\u0113 bijus\u012b 2016. gad\u0101 dzimus\u012b Gabriela Siliniece atradusies, a\u0123ent\u016bru LETA&hellip;\n","protected":false},"author":2,"featured_media":55926,"comment_status":"","ping_status":"","sticky":false,"template":"","format":"standard","meta":{"footnotes":""},"categories":[12],"tags":[129,2031,4973,1276,5228,23,28,29,32,33,22,30,31,35,39,38,36,37,34,40,20,26,27,2032,4974,5229,1277,2033,4975,5230,1278,24,25,21],"class_list":{"0":"post-55925","1":"post","2":"type-post","3":"status-publish","4":"format-standard","5":"has-post-thumbnail","7":"category-latvija","8":"tag-__typenameadvicekeyword","9":"tag-id1052","10":"tag-id1223","11":"tag-id561","12":"tag-id875","13":"tag-aktualitates","14":"tag-breaking-news","15":"tag-breakingnews","16":"tag-featured-news","17":"tag-featurednews","18":"tag-headlines","19":"tag-latest-news","20":"tag-latestnews","21":"tag-latvia","22":"tag-latvian","23":"tag-latviesu","24":"tag-latviesu-valoda","25":"tag-latviesuvaloda","26":"tag-latvija","27":"tag-lv","28":"tag-news","29":"tag-popularakas-zinas","30":"tag-popularakaszinas","31":"tag-slugberni","32":"tag-slugbezvests-pazudis","33":"tag-slugjelgava","34":"tag-slugvalsts-policija","35":"tag-titleberni","36":"tag-titlebezvests-pazudis","37":"tag-titlejelgava","38":"tag-titlevalsts-policija","39":"tag-top-stories","40":"tag-topstories","41":"tag-zinas"},"share_on_mastodon":{"url":"","error":"Validation failed: Text character limit of 500 exceeded"},"_links":{"self":[{"href":"https:\/\/www.europesays.com\/lv\/wp-json\/wp\/v2\/posts\/55925","targetHints":{"allow":["GET"]}}],"collection":[{"href":"https:\/\/www.europesays.com\/lv\/wp-json\/wp\/v2\/posts"}],"about":[{"href":"https:\/\/www.europesays.com\/lv\/wp-json\/wp\/v2\/types\/post"}],"author":[{"embeddable":true,"href":"https:\/\/www.europesays.com\/lv\/wp-json\/wp\/v2\/users\/2"}],"replies":[{"embeddable":true,"href":"https:\/\/www.europesays.com\/lv\/wp-json\/wp\/v2\/comments?post=55925"}],"version-history":[{"count":0,"href":"https:\/\/www.europesays.com\/lv\/wp-json\/wp\/v2\/posts\/55925\/revisions"}],"wp:featuredmedia":[{"embeddable":true,"href":"https:\/\/www.europesays.com\/lv\/wp-json\/wp\/v2\/media\/55926"}],"wp:attachment":[{"href":"https:\/\/www.europesays.com\/lv\/wp-json\/wp\/v2\/media?parent=55925"}],"wp:term":[{"taxonomy":"category","embeddable":true,"href":"https:\/\/www.europesays.com\/lv\/wp-json\/wp\/v2\/categories?post=55925"},{"taxonomy":"post_tag","embeddable":true,"href":"https:\/\/www.europesays.com\/lv\/wp-json\/wp\/v2\/tags?post=55925"}],"curies":[{"name":"wp","href":"https:\/\/api.w.org\/{rel}","templated":true}]}}