{"id":55927,"date":"2025-11-22T08:17:08","date_gmt":"2025-11-22T08:17:08","guid":{"rendered":"https:\/\/www.europesays.com\/lv\/55927\/"},"modified":"2025-11-22T08:17:08","modified_gmt":"2025-11-22T08:17:08","slug":"tramps-un-jaunieveletais-nujorkas-mers-mamdani-aizvadijusi-negaiditi-pozitivu-tiksanos","status":"publish","type":"post","link":"https:\/\/www.europesays.com\/lv\/55927\/","title":{"rendered":"Tramps un jauniev\u0113l\u0113tais \u0145ujorkas m\u0113rs Mamdani aizvad\u012bju\u0161i negaid\u012bti pozit\u012bvu tik\u0161anos"},"content":{"rendered":"<p>34 gadus vecais kreisais politi\u0137is Mamdani, kur\u0161 \u0161om\u0113nes uzvar\u0113ja \u0145ujorkas m\u0113ra v\u0113l\u0113\u0161an\u0101s, bija asi kritiz\u0113jis Trampu, piel\u012bdzinot vi\u0146u &#8220;sliktiem namsaimniekiem (..) kas izmanto savus \u012brniekus&#8221;. Savuk\u0101rt 79 gadus vecais Tramps bija nosaucis Mamdani par &#8220;komunistu&#8221; un pie\u013c\u0101vis iesp\u0113ju, ka Ugand\u0101 dzimu\u0161ais \u0146ujorkietis var\u0113tu tikt deport\u0113ts.<\/p>\n<p>Vi\u0146u tik\u0161an\u0101s Ov\u0101laj\u0101 kabinet\u0101 tom\u0113r k\u013cuva par piekl\u0101j\u012bbas paraugu.<\/p>\n<p>Smaido\u0161ais Tramps atzin\u012bgi nov\u0113rt\u0113ja Mamdani v\u0113sturisko uzvaru v\u0113l\u0113\u0161an\u0101s, sakot, ka vi\u0146\u0161 var paveikt &#8220;di\u017eu darbu&#8221;, un nosaucot vi\u0146u par &#8220;v\u012bru, kur\u0161 tie\u0161\u0101m grib redz\u0113t \u0145ujorku atkal di\u017eenu&#8221;.<\/p>\n<p>&#8220;M\u0113s pal\u012bdz\u0113sim vi\u0146am piepild\u012bt katra cilv\u0113ka sapni par stipru un \u013coti dro\u0161u \u0145ujorku,&#8221; sac\u012bja Tramps.<\/p>\n<p>Mamdani nosauca tik\u0161anos par &#8220;\u013coti produkt\u012bvu&#8221; un run\u0101ja par abu l\u012bderu &#8220;kop\u012bgo apbr\u012bnu un m\u012blest\u012bbu&#8221; uz ASV liel\u0101ko pils\u0113tu un finan\u0161u centru.<\/p>\n<p>Tramps sav\u0101 soci\u0101lo mediju platform\u0101 &#8220;Truth Social&#8221; dal\u012bj\u0101s ar \u0161\u012bs tik\u0161an\u0101s fotogr\u0101fij\u0101m, j\u016bsmojot, ka &#8220;bija liels gods tikties ar Zohranu Mamdani &#8211; jauno \u0145ujorkas pils\u0113tas m\u0113ru!&#8221;.<\/p>\n<p>Da\u017ei konservat\u012bvie pauda neapmierin\u0101t\u012bbu, un iev\u0113rojama gal\u0113ji lab\u0113j\u0101 akt\u012bviste Lora L\u016bmere nosauca negaid\u012bto sirsn\u012bbu \u0161\u012bs tik\u0161an\u0101s laik\u0101 par politiskas katastrofas priek\u0161v\u0113stnesi republik\u0101\u0146iem.<\/p>\n<p>&#8220;Demokr\u0101ti p\u0113c \u0161odienas g\u016bs milzu pan\u0101kumus vidustermi\u0146a v\u0113l\u0113\u0161an\u0101s,&#8221; L\u016bmere rakst\u012bja platform\u0101 &#8220;X&#8221;. &#8220;K\u0101da b\u016bs republik\u0101\u0146u kampa\u0146a pirms 2026. gada, ja Mamdani un vi\u0146a politika tagad tiek uzskat\u012bti par racion\u0101liem?&#8221;<\/p>\n<p>Tramps un Mamdani abi ir uzaugu\u0161i \u0145ujorkas Kv\u012bnsas rajon\u0101, bet cit\u0101di vi\u0146i ir \u013coti at\u0161\u0137ir\u012bgi.<\/p>\n","protected":false},"excerpt":{"rendered":"34 gadus vecais kreisais politi\u0137is Mamdani, kur\u0161 \u0161om\u0113nes uzvar\u0113ja \u0145ujorkas m\u0113ra v\u0113l\u0113\u0161an\u0101s, bija asi kritiz\u0113jis Trampu, piel\u012bdzinot vi\u0146u&hellip;\n","protected":false},"author":2,"featured_media":55928,"comment_status":"","ping_status":"","sticky":false,"template":"","format":"standard","meta":{"footnotes":""},"categories":[5],"tags":[23,15093,28,29,542,32,33,22,30,31,35,39,38,36,37,34,40,20,11980,26,27,24,25,21,11979],"class_list":{"0":"post-55927","1":"post","2":"type-post","3":"status-publish","4":"format-standard","5":"has-post-thumbnail","7":"category-aktualitates","8":"tag-aktualitates","9":"tag-asv-prezidents","10":"tag-breaking-news","11":"tag-breakingnews","12":"tag-donalds-tramps","13":"tag-featured-news","14":"tag-featurednews","15":"tag-headlines","16":"tag-latest-news","17":"tag-latestnews","18":"tag-latvia","19":"tag-latvian","20":"tag-latviesu","21":"tag-latviesu-valoda","22":"tag-latviesuvaloda","23":"tag-latvija","24":"tag-lv","25":"tag-news","26":"tag-nujorkas-mers","27":"tag-popularakas-zinas","28":"tag-popularakaszinas","29":"tag-top-stories","30":"tag-topstories","31":"tag-zinas","32":"tag-zohrans-mamdani"},"share_on_mastodon":{"url":"https:\/\/pubeurope.com\/@lv\/115592366880979702","error":""},"_links":{"self":[{"href":"https:\/\/www.europesays.com\/lv\/wp-json\/wp\/v2\/posts\/55927","targetHints":{"allow":["GET"]}}],"collection":[{"href":"https:\/\/www.europesays.com\/lv\/wp-json\/wp\/v2\/posts"}],"about":[{"href":"https:\/\/www.europesays.com\/lv\/wp-json\/wp\/v2\/types\/post"}],"author":[{"embeddable":true,"href":"https:\/\/www.europesays.com\/lv\/wp-json\/wp\/v2\/users\/2"}],"replies":[{"embeddable":true,"href":"https:\/\/www.europesays.com\/lv\/wp-json\/wp\/v2\/comments?post=55927"}],"version-history":[{"count":0,"href":"https:\/\/www.europesays.com\/lv\/wp-json\/wp\/v2\/posts\/55927\/revisions"}],"wp:featuredmedia":[{"embeddable":true,"href":"https:\/\/www.europesays.com\/lv\/wp-json\/wp\/v2\/media\/55928"}],"wp:attachment":[{"href":"https:\/\/www.europesays.com\/lv\/wp-json\/wp\/v2\/media?parent=55927"}],"wp:term":[{"taxonomy":"category","embeddable":true,"href":"https:\/\/www.europesays.com\/lv\/wp-json\/wp\/v2\/categories?post=55927"},{"taxonomy":"post_tag","embeddable":true,"href":"https:\/\/www.europesays.com\/lv\/wp-json\/wp\/v2\/tags?post=55927"}],"curies":[{"name":"wp","href":"https:\/\/api.w.org\/{rel}","templated":true}]}}