{"id":55961,"date":"2025-11-22T08:59:13","date_gmt":"2025-11-22T08:59:13","guid":{"rendered":"https:\/\/www.europesays.com\/lv\/55961\/"},"modified":"2025-11-22T08:59:13","modified_gmt":"2025-11-22T08:59:13","slug":"zzs-atkal-parkapj-koalicijas-vienosanos-atbalstot-svinka-demisiju-lente-lv","status":"publish","type":"post","link":"https:\/\/www.europesays.com\/lv\/55961\/","title":{"rendered":"ZZS atkal p\u0101rk\u0101pj koal\u012bcijas vieno\u0161anos, atbalstot \u0160vinka demisiju\u00a0\u2014\u00a0Lente.lv"},"content":{"rendered":"<p>Koal\u012bcijas sasp\u012bl\u0113jums ZZS d\u0113\u013c<\/p>\n<p>Situ\u0101cija valdo\u0161aj\u0101 koal\u012bcij\u0101 ir saasin\u0101jusies, jo Za\u013co un zemnieku savien\u012bbas (ZZS) deput\u0101ti Uldis Augulis un J\u0101nis Vuc\u0101ns ir paudu\u0161i atbalstu opoz\u012bcijas rosin\u0101tajam satiksmes ministra Atim \u0160vinkam (P) neuztic\u012bbas balsojumam. \u0160\u0101da r\u012bc\u012bba tiek uzskat\u012bta par koal\u012bcijas l\u012bguma p\u0101rk\u0101pumu, radot nopietnu spriedzi starp partij\u0101m.<\/p>\n<p>ZZS r\u012bc\u012bbas sekas un interpret\u0101cijas<\/p>\n<p>ZZS p\u0101rst\u0101vju nost\u0101ja \u0161aj\u0101 jaut\u0101jum\u0101 ir rad\u012bjusi pla\u0161as diskusijas un neizpratni. Da\u017ei politikas koment\u0113t\u0101ji nor\u0101da, ka \u0161\u0101ds solis nav tikai vienk\u0101r\u0161s politisks manevrs, bet gan nopietns sign\u0101ls par iesp\u0113jam\u0101m izmai\u0146\u0101m koal\u012bcijas dinamik\u0101. Citi pau\u017e ba\u017eas, ka \u0161\u0101da r\u012bc\u012bba var\u0113tu sagraut uztic\u012bbu un stabilit\u0101ti starp koal\u012bcijas partneriem, atg\u0101dinot par l\u012bdz\u012bgiem gad\u012bjumiem pag\u0101tn\u0113, kad ZZS darb\u012bbas ir rad\u012bju\u0161as sasp\u012bl\u0113jumu.<\/p>\n<p>N\u0101kotnes perspekt\u012bvas un iesp\u0113jamie scen\u0101riji<\/p>\n<p>\u0160is gad\u012bjums izgaismo izaicin\u0101jumus, ar kuriem saskaras pa\u0161reiz\u0113j\u0101 koal\u012bcija. Turpm\u0101kie notikumi att\u012bst\u012bsies atkar\u012bb\u0101 no t\u0101, k\u0101 politisk\u0101s partijas sp\u0113s risin\u0101t radu\u0161os domstarp\u012bbas un vai tiks saglab\u0101ta sp\u0113ja str\u0101d\u0101t kop\u012bgo m\u0113r\u0137u lab\u0101. Politisk\u0101s anal\u012bzes liecina, ka \u0161\u012b situ\u0101cija var\u0113tu novest pie p\u0101rdom\u0101m par koal\u012bcijas sadarb\u012bbas principiem un iesp\u0113jam\u0101m izmai\u0146\u0101m vald\u012bbas sast\u0101v\u0101 vai t\u0101s darb\u012bbas model\u012b.<\/p>\n","protected":false},"excerpt":{"rendered":"Koal\u012bcijas sasp\u012bl\u0113jums ZZS d\u0113\u013c Situ\u0101cija valdo\u0161aj\u0101 koal\u012bcij\u0101 ir saasin\u0101jusies, jo Za\u013co un zemnieku savien\u012bbas (ZZS) deput\u0101ti Uldis Augulis&hellip;\n","protected":false},"author":2,"featured_media":55962,"comment_status":"","ping_status":"","sticky":false,"template":"","format":"standard","meta":{"footnotes":""},"categories":[5],"tags":[23,15098,28,29,32,33,22,3612,30,31,35,39,38,36,37,34,40,15099,20,15100,26,27,24,25,21,666],"class_list":{"0":"post-55961","1":"post","2":"type-post","3":"status-publish","4":"format-standard","5":"has-post-thumbnail","7":"category-aktualitates","8":"tag-aktualitates","9":"tag-atis-svinks","10":"tag-breaking-news","11":"tag-breakingnews","12":"tag-featured-news","13":"tag-featurednews","14":"tag-headlines","15":"tag-koalicijas-ligums","16":"tag-latest-news","17":"tag-latestnews","18":"tag-latvia","19":"tag-latvian","20":"tag-latviesu","21":"tag-latviesu-valoda","22":"tag-latviesuvaloda","23":"tag-latvija","24":"tag-lv","25":"tag-neuzticibas-balsojums","26":"tag-news","27":"tag-politiska-nestabilitate","28":"tag-popularakas-zinas","29":"tag-popularakaszinas","30":"tag-top-stories","31":"tag-topstories","32":"tag-zinas","33":"tag-zzs"},"share_on_mastodon":{"url":"https:\/\/pubeurope.com\/@lv\/115592532063303983","error":""},"_links":{"self":[{"href":"https:\/\/www.europesays.com\/lv\/wp-json\/wp\/v2\/posts\/55961","targetHints":{"allow":["GET"]}}],"collection":[{"href":"https:\/\/www.europesays.com\/lv\/wp-json\/wp\/v2\/posts"}],"about":[{"href":"https:\/\/www.europesays.com\/lv\/wp-json\/wp\/v2\/types\/post"}],"author":[{"embeddable":true,"href":"https:\/\/www.europesays.com\/lv\/wp-json\/wp\/v2\/users\/2"}],"replies":[{"embeddable":true,"href":"https:\/\/www.europesays.com\/lv\/wp-json\/wp\/v2\/comments?post=55961"}],"version-history":[{"count":0,"href":"https:\/\/www.europesays.com\/lv\/wp-json\/wp\/v2\/posts\/55961\/revisions"}],"wp:featuredmedia":[{"embeddable":true,"href":"https:\/\/www.europesays.com\/lv\/wp-json\/wp\/v2\/media\/55962"}],"wp:attachment":[{"href":"https:\/\/www.europesays.com\/lv\/wp-json\/wp\/v2\/media?parent=55961"}],"wp:term":[{"taxonomy":"category","embeddable":true,"href":"https:\/\/www.europesays.com\/lv\/wp-json\/wp\/v2\/categories?post=55961"},{"taxonomy":"post_tag","embeddable":true,"href":"https:\/\/www.europesays.com\/lv\/wp-json\/wp\/v2\/tags?post=55961"}],"curies":[{"name":"wp","href":"https:\/\/api.w.org\/{rel}","templated":true}]}}