{"id":55963,"date":"2025-11-22T09:17:09","date_gmt":"2025-11-22T09:17:09","guid":{"rendered":"https:\/\/www.europesays.com\/lv\/55963\/"},"modified":"2025-11-22T09:17:09","modified_gmt":"2025-11-22T09:17:09","slug":"riga-noticis-tragisks-ugunsgreks-boja-gajusi-divi-cilveki","status":"publish","type":"post","link":"https:\/\/www.europesays.com\/lv\/55963\/","title":{"rendered":"R\u012bg\u0101 noticis tra\u0123isks ugunsgr\u0113ks, boj\u0101 g\u0101ju\u0161i divi cilv\u0113ki"},"content":{"rendered":"<p>R\u012bg\u0101 piektdienas r\u012bt\u0101 ugunsgr\u0113k\u0101 g\u0101ju\u0161i boj\u0101 divi cilv\u0113ki, a\u0123ent\u016bru LETA inform\u0113ja Valsts ugunsdz\u0113s\u012bbas un gl\u0101b\u0161anas dienest\u0101 (VUGD).<\/p>\n<p>Vakar plkst. 7.23 VUGD sa\u0146\u0113ma izsaukumu uz devi\u0146st\u0101vu dz\u012bvojamo m\u0101ju R\u012bg\u0101, kur sest\u0101 st\u0101va dz\u012bvokl\u012b dega sadz\u012bves mantas 10 kvadr\u0101tmetru plat\u012bb\u0101. Gl\u0101b\u0113ji no m\u0101jas izgl\u0101ba asto\u0146us cilv\u0113kus, tr\u012bs no tiem, izmantojot gl\u0101b\u0161anas maskas. Piecus cilv\u0113kus no \u0113kas evaku\u0113ja gl\u0101b\u0113ji, v\u0113l divi cilv\u0113ki evaku\u0113j\u0101s pa\u0161u sp\u0113kiem, bet divi cilv\u0113ki ugunsgr\u0113k\u0101 g\u0101ja boj\u0101. Plkst. 10.04 ugunsgr\u0113ks likvid\u0113ts. Dz\u012bvokl\u012b nebija uzst\u0101d\u012bts d\u016bmu detektors.<\/p>\n<p>Aizvad\u012btaj\u0101 diennakt\u012b ugunsdz\u0113s\u0113ji sa\u0146\u0113ma tr\u012bs izsaukumus uz dego\u0161iem sodr\u0113jiem, k\u0101 ar\u012b divus izsaukumus uz notikumiem, kur nepareizas apkures sist\u0113mas ekspluat\u0101cijas d\u0113\u013c telp\u0101s bija izveidojies pied\u016bmojums.<\/p>\n<p>Aizvad\u012btaj\u0101 diennakt\u012b, laika posm\u0101 no \u0161\u012b gada 21. novembra plkst. 6.30 l\u012bdz 22. novembra plkst. 6.30, Valsts ugunsdz\u0113s\u012bbas un gl\u0101b\u0161anas dienests sa\u0146\u0113ma 37 izsaukumus &#8211; desmit uz ugunsgr\u0113ku dz\u0113\u0161anu, 18 uz gl\u0101b\u0161anas darbiem, bet v\u0113l devi\u0146i izsaukumi bija maldin\u0101jumi.<\/p>\n","protected":false},"excerpt":{"rendered":"R\u012bg\u0101 piektdienas r\u012bt\u0101 ugunsgr\u0113k\u0101 g\u0101ju\u0161i boj\u0101 divi cilv\u0113ki, a\u0123ent\u016bru LETA inform\u0113ja Valsts ugunsdz\u0113s\u012bbas un gl\u0101b\u0161anas dienest\u0101 (VUGD). Vakar&hellip;\n","protected":false},"author":2,"featured_media":55964,"comment_status":"","ping_status":"","sticky":false,"template":"","format":"standard","meta":{"footnotes":""},"categories":[5],"tags":[129,15101,889,23,28,29,32,33,22,30,31,35,39,38,36,37,34,40,20,26,27,890,15102,891,15103,24,25,21],"class_list":{"0":"post-55963","1":"post","2":"type-post","3":"status-publish","4":"format-standard","5":"has-post-thumbnail","7":"category-aktualitates","8":"tag-__typenameadvicekeyword","9":"tag-id588","10":"tag-id811","11":"tag-aktualitates","12":"tag-breaking-news","13":"tag-breakingnews","14":"tag-featured-news","15":"tag-featurednews","16":"tag-headlines","17":"tag-latest-news","18":"tag-latestnews","19":"tag-latvia","20":"tag-latvian","21":"tag-latviesu","22":"tag-latviesu-valoda","23":"tag-latviesuvaloda","24":"tag-latvija","25":"tag-lv","26":"tag-news","27":"tag-popularakas-zinas","28":"tag-popularakaszinas","29":"tag-slugsabiedriba","30":"tag-slugugunsgreks","31":"tag-titlesabiedriba","32":"tag-titleugunsgreks","33":"tag-top-stories","34":"tag-topstories","35":"tag-zinas"},"share_on_mastodon":{"url":"https:\/\/pubeurope.com\/@lv\/115592602828638878","error":""},"_links":{"self":[{"href":"https:\/\/www.europesays.com\/lv\/wp-json\/wp\/v2\/posts\/55963","targetHints":{"allow":["GET"]}}],"collection":[{"href":"https:\/\/www.europesays.com\/lv\/wp-json\/wp\/v2\/posts"}],"about":[{"href":"https:\/\/www.europesays.com\/lv\/wp-json\/wp\/v2\/types\/post"}],"author":[{"embeddable":true,"href":"https:\/\/www.europesays.com\/lv\/wp-json\/wp\/v2\/users\/2"}],"replies":[{"embeddable":true,"href":"https:\/\/www.europesays.com\/lv\/wp-json\/wp\/v2\/comments?post=55963"}],"version-history":[{"count":0,"href":"https:\/\/www.europesays.com\/lv\/wp-json\/wp\/v2\/posts\/55963\/revisions"}],"wp:featuredmedia":[{"embeddable":true,"href":"https:\/\/www.europesays.com\/lv\/wp-json\/wp\/v2\/media\/55964"}],"wp:attachment":[{"href":"https:\/\/www.europesays.com\/lv\/wp-json\/wp\/v2\/media?parent=55963"}],"wp:term":[{"taxonomy":"category","embeddable":true,"href":"https:\/\/www.europesays.com\/lv\/wp-json\/wp\/v2\/categories?post=55963"},{"taxonomy":"post_tag","embeddable":true,"href":"https:\/\/www.europesays.com\/lv\/wp-json\/wp\/v2\/tags?post=55963"}],"curies":[{"name":"wp","href":"https:\/\/api.w.org\/{rel}","templated":true}]}}