{"id":55966,"date":"2025-11-22T09:31:07","date_gmt":"2025-11-22T09:31:07","guid":{"rendered":"https:\/\/www.europesays.com\/lv\/55966\/"},"modified":"2025-11-22T09:31:07","modified_gmt":"2025-11-22T09:31:07","slug":"ar-divam-latvijas-ekipazam-olimpiskaja-trase-startes-pasaules-kausa-bobsleja-sezona-ziemas-sports-sportacentrs-com","status":"publish","type":"post","link":"https:\/\/www.europesays.com\/lv\/55966\/","title":{"rendered":"Ar div\u0101m Latvijas ekip\u0101\u017e\u0101m olimpiskaj\u0101 tras\u0113 start\u0113s Pasaules kausa bobslej\u0101 sezona \u2013 Ziemas sports \u2013 Sportacentrs.com"},"content":{"rendered":"<p>V\u012brie\u0161iem sacens\u012bbas s\u0101ksies plkst. 14 p\u0113c Latvijas laika, bet otrais brauciens notiks pusotru stundu v\u0113l\u0101k, sacens\u012bbas tie\u0161raid\u0113 transl\u0113jot telev\u012bzijas kan\u0101lam &#8220;Go3 Sport Open&#8221;.<\/p>\n<p>Kalenda\/Bebri\u0161s tras\u0113 dosies ar sesto numuru, bet Granti\u0146\u0161\/Ungurs &#8211; ar 27. numuru 32 ekip\u0101\u017eu konkurenc\u0113.<\/p>\n<p>Kalendas pilot\u0113t\u0101 ekip\u0101\u017ea pag\u0101ju\u0161aj\u0101 sezon\u0101 divnieku sacens\u012bb\u0101s Pasaules kausa kopv\u0113rt\u0113jum\u0101 ie\u0146\u0113ma dev\u012bto vietu, bet junioru konkurenc\u0113 ierindoj\u0101s aiz v\u0101cie\u0161a \u0100dama Am\u016bra. Lab\u0101ko rezult\u0101tu divniekos Kalenda sasniedza Siguld\u0101, ie\u0146emot piekto vietu, k\u0101 ar\u012b Altenberg\u0101 un \u012aglsas tras\u0113, kur tika izc\u012bn\u012bta sest\u0101 vieta.<\/p>\n<p>Granti\u0146am \u0161\u012b b\u016bs debija Pasaules kausa posmos. Pag\u0101ju\u0161aj\u0101 sezon\u0101 Eiropas kausa sacens\u012bb\u0101s Granti\u0146\u0161 kopv\u0113rt\u0113jum\u0101 ie\u0146\u0113ma otro vietu aiz v\u0101cie\u0161a Maksimili\u0101na Illma\u0146a pilot\u0113t\u0101s ekip\u0101\u017eas, tr\u012bs Siguldas posmos izc\u012bnot attiec\u012bgi tre\u0161o un divas otr\u0101s vietas, bet pirmaj\u0101 no Siguldas Eiropas kausa posmiem izc\u012bnot ar\u012b otro vietu Eiropas junioru \u010dempion\u0101t\u0101.<\/p>\n<p>Sievie\u0161u sacens\u012bb\u0101s pirmaj\u0101 posm\u0101 Latvija neb\u016bs p\u0101rst\u0101v\u0113ta.<\/p>\n<p>\u0160osezon, sportistiem c\u012bnoties par ce\u013caz\u012bm\u0113m uz 2026. gada Mil\u0101nas un Kort\u012bnas d&#8217;Ampeco olimpiskaj\u0101m sp\u0113l\u0113m, ir paredz\u0113ti septi\u0146i Pasaules kausa posmi. N\u0101kamais posms novembra p\u0113d\u0113j\u0101 ned\u0113\u013c\u0101 notiks \u012aglsas tras\u0113 Austrij\u0101, decembra vid\u016b skeletonisti sacent\u012bsies Lillehammer\u0113, ceturto posmu uz\u0146ems Sigulda, bet p\u0113c jaun\u0101 gada notiks posmi Vinterberg\u0101, Sanktmoric\u0101 un Altenberg\u0101.<\/p>\n<p>Sezonas galvenais starts Mil\u0101nas un Kort\u012bnas d&#8217;Ampeco 2026. gada ziemas olimpiskaj\u0101s sp\u0113l\u0113s norisin\u0101sies no 15. l\u012bdz 22. febru\u0101rim.<\/p>\n<p>2025.\/2026. PK bobslej\u0101 kalend\u0101rs<\/p>\n<tr>Nr.DatumiNorises vieta<\/tr>\n<tr class=\"even\">\n<td>1.<\/td>\n<td>22.-23.11.<\/td>\n<td>Kort\u012bna d&#8217;Ampeco (It\u0101lija)<\/td>\n<\/tr>\n<tr class=\"odd\">\n<td>2.<\/td>\n<td>29.-30.11.<\/td>\n<td>Insbruka (Austrija)<\/td>\n<\/tr>\n<tr class=\"even\">\n<td>3.<\/td>\n<td>13.-14.12.<\/td>\n<td>Lillehammere (Norv\u0113\u0123ija)<\/td>\n<\/tr>\n<tr class=\"odd\">\n<td>4.<\/td>\n<td>20.-21.12.<\/td>\n<td>Sigulda (Latvija)<\/td>\n<\/tr>\n<tr class=\"even\">\n<td>5.<\/td>\n<td>3.-4.01.<\/td>\n<td>Vinterberga (V\u0101cija)<\/td>\n<\/tr>\n<tr class=\"odd\">\n<td>6.<\/td>\n<td>10.-11.01.<\/td>\n<td>Sanktmorica (\u0160veice)<\/td>\n<\/tr>\n<tr class=\"even\">\n<td>7.<\/td>\n<td>17.-18.01.<\/td>\n<td>Altenberga (V\u0101cija)<\/td>\n<\/tr>\n<p>Izmantotie resursi:<br \/>LETA<\/p>\n","protected":false},"excerpt":{"rendered":"V\u012brie\u0161iem sacens\u012bbas s\u0101ksies plkst. 14 p\u0113c Latvijas laika, bet otrais brauciens notiks pusotru stundu v\u0113l\u0101k, sacens\u012bbas tie\u0161raid\u0113 transl\u0113jot&hellip;\n","protected":false},"author":2,"featured_media":55967,"comment_status":"","ping_status":"","sticky":false,"template":"","format":"standard","meta":{"footnotes":""},"categories":[17],"tags":[35,39,38,36,37,34,40,67,620],"class_list":{"0":"post-55966","1":"post","2":"type-post","3":"status-publish","4":"format-standard","5":"has-post-thumbnail","7":"category-sports","8":"tag-latvia","9":"tag-latvian","10":"tag-latviesu","11":"tag-latviesu-valoda","12":"tag-latviesuvaloda","13":"tag-latvija","14":"tag-lv","15":"tag-sports","16":"tag-ziemas-sports"},"share_on_mastodon":{"url":"https:\/\/pubeurope.com\/@lv\/115592657810143271","error":""},"_links":{"self":[{"href":"https:\/\/www.europesays.com\/lv\/wp-json\/wp\/v2\/posts\/55966","targetHints":{"allow":["GET"]}}],"collection":[{"href":"https:\/\/www.europesays.com\/lv\/wp-json\/wp\/v2\/posts"}],"about":[{"href":"https:\/\/www.europesays.com\/lv\/wp-json\/wp\/v2\/types\/post"}],"author":[{"embeddable":true,"href":"https:\/\/www.europesays.com\/lv\/wp-json\/wp\/v2\/users\/2"}],"replies":[{"embeddable":true,"href":"https:\/\/www.europesays.com\/lv\/wp-json\/wp\/v2\/comments?post=55966"}],"version-history":[{"count":0,"href":"https:\/\/www.europesays.com\/lv\/wp-json\/wp\/v2\/posts\/55966\/revisions"}],"wp:featuredmedia":[{"embeddable":true,"href":"https:\/\/www.europesays.com\/lv\/wp-json\/wp\/v2\/media\/55967"}],"wp:attachment":[{"href":"https:\/\/www.europesays.com\/lv\/wp-json\/wp\/v2\/media?parent=55966"}],"wp:term":[{"taxonomy":"category","embeddable":true,"href":"https:\/\/www.europesays.com\/lv\/wp-json\/wp\/v2\/categories?post=55966"},{"taxonomy":"post_tag","embeddable":true,"href":"https:\/\/www.europesays.com\/lv\/wp-json\/wp\/v2\/tags?post=55966"}],"curies":[{"name":"wp","href":"https:\/\/api.w.org\/{rel}","templated":true}]}}