{"id":55998,"date":"2025-11-22T10:29:12","date_gmt":"2025-11-22T10:29:12","guid":{"rendered":"https:\/\/www.europesays.com\/lv\/55998\/"},"modified":"2025-11-22T10:29:12","modified_gmt":"2025-11-22T10:29:12","slug":"jebkuram-ukrainas-un-krievijas-kara-izbeigsanas-planam-butu-jacensas-sasniegt-tris-merkus","status":"publish","type":"post","link":"https:\/\/www.europesays.com\/lv\/55998\/","title":{"rendered":"Jebkuram Ukrainas un Krievijas kara izbeig\u0161anas pl\u0101nam b\u016btu j\u0101cen\u0161as sasniegt tr\u012bs m\u0113r\u0137us"},"content":{"rendered":"<p>P\u0113c Vensa teikt\u0101, jebkuram Ukrainas un Krievijas kara izbeig\u0161anas pl\u0101nam b\u016btu j\u0101cen\u0161as sasniegt tr\u012bs m\u0113r\u0137us: p\u0101rtraukt slepkav\u012bbas, vienlaikus saglab\u0101jot Ukrainas suverenit\u0101ti; b\u016bt pie\u0146emamam gan Krievijai, gan Ukrainai; un maksim\u0101li palielin\u0101t izredzes, ka kar\u0161 neatjaunosies.<\/p>\n<p>K\u0101 pav\u0113st\u012bja Venss, &#8220;past\u0101v il\u016bzija, ka, ja m\u0113s vienk\u0101r\u0161i dosim vair\u0101k naudas, vair\u0101k iero\u010du vai pastiprin\u0101sim sankcijas, uzvara b\u016bs tuvu&#8221;.<\/p>\n<p>&#8220;Jebk\u0101da kritika par miera l\u012bgumu, pie kura str\u0101d\u0101 administr\u0101cija, liecina vai nu par t\u0101 nepareizu izpratni, vai ar\u012b nepareizi atspogu\u013co da\u017eas kritisk\u0101s realit\u0101tes uz vietas,&#8221; vi\u0146\u0161 raksta platform\u0101 &#8220;X&#8221;.<\/p>\n<p>Va\u0161ingtona pied\u0101v\u0101jusi pl\u0101nu kara izbeig\u0161anai Ukrain\u0101, kas, p\u0113c visa sprie\u017eot, balst\u012bts pamat\u0101 uz Krievijas pras\u012bb\u0101m. Tas paredz ne tikai okup\u0113to teritoriju palik\u0161anu Krievijas kontrol\u0113, bet ar\u012b Ukrainas ap\u0146em\u0161anos nepievienoties NATO, alianses nepapla\u0161in\u0101\u0161anu un Krievijas atgrie\u0161anos G8, liecina zi\u0146u a\u0123ent\u016bras AFP r\u012bc\u012bb\u0101 non\u0101ku\u0161ais pl\u0101na projekts.<\/p>\n","protected":false},"excerpt":{"rendered":"P\u0113c Vensa teikt\u0101, jebkuram Ukrainas un Krievijas kara izbeig\u0161anas pl\u0101nam b\u016btu j\u0101cen\u0161as sasniegt tr\u012bs m\u0113r\u0137us: p\u0101rtraukt slepkav\u012bbas, vienlaikus&hellip;\n","protected":false},"author":2,"featured_media":55999,"comment_status":"","ping_status":"","sticky":false,"template":"","format":"standard","meta":{"footnotes":""},"categories":[5],"tags":[23,292,28,29,3019,32,33,22,74,30,31,35,39,38,36,37,34,40,20,26,27,24,25,21],"class_list":{"0":"post-55998","1":"post","2":"type-post","3":"status-publish","4":"format-standard","5":"has-post-thumbnail","7":"category-aktualitates","8":"tag-aktualitates","9":"tag-asv","10":"tag-breaking-news","11":"tag-breakingnews","12":"tag-dzeimss-deivids-venss","13":"tag-featured-news","14":"tag-featurednews","15":"tag-headlines","16":"tag-krievijas-iebrukums-ukraina","17":"tag-latest-news","18":"tag-latestnews","19":"tag-latvia","20":"tag-latvian","21":"tag-latviesu","22":"tag-latviesu-valoda","23":"tag-latviesuvaloda","24":"tag-latvija","25":"tag-lv","26":"tag-news","27":"tag-popularakas-zinas","28":"tag-popularakaszinas","29":"tag-top-stories","30":"tag-topstories","31":"tag-zinas"},"share_on_mastodon":{"url":"https:\/\/pubeurope.com\/@lv\/115592885877314106","error":""},"_links":{"self":[{"href":"https:\/\/www.europesays.com\/lv\/wp-json\/wp\/v2\/posts\/55998","targetHints":{"allow":["GET"]}}],"collection":[{"href":"https:\/\/www.europesays.com\/lv\/wp-json\/wp\/v2\/posts"}],"about":[{"href":"https:\/\/www.europesays.com\/lv\/wp-json\/wp\/v2\/types\/post"}],"author":[{"embeddable":true,"href":"https:\/\/www.europesays.com\/lv\/wp-json\/wp\/v2\/users\/2"}],"replies":[{"embeddable":true,"href":"https:\/\/www.europesays.com\/lv\/wp-json\/wp\/v2\/comments?post=55998"}],"version-history":[{"count":0,"href":"https:\/\/www.europesays.com\/lv\/wp-json\/wp\/v2\/posts\/55998\/revisions"}],"wp:featuredmedia":[{"embeddable":true,"href":"https:\/\/www.europesays.com\/lv\/wp-json\/wp\/v2\/media\/55999"}],"wp:attachment":[{"href":"https:\/\/www.europesays.com\/lv\/wp-json\/wp\/v2\/media?parent=55998"}],"wp:term":[{"taxonomy":"category","embeddable":true,"href":"https:\/\/www.europesays.com\/lv\/wp-json\/wp\/v2\/categories?post=55998"},{"taxonomy":"post_tag","embeddable":true,"href":"https:\/\/www.europesays.com\/lv\/wp-json\/wp\/v2\/tags?post=55998"}],"curies":[{"name":"wp","href":"https:\/\/api.w.org\/{rel}","templated":true}]}}