{"id":56038,"date":"2025-11-22T12:17:11","date_gmt":"2025-11-22T12:17:11","guid":{"rendered":"https:\/\/www.europesays.com\/lv\/56038\/"},"modified":"2025-11-22T12:17:11","modified_gmt":"2025-11-22T12:17:11","slug":"ta-ir-tipiska-banditu-shema-atklajas-pratam-neaptveramas-detalas-sedokovas-melos-sejas-lv","status":"publish","type":"post","link":"https:\/\/www.europesays.com\/lv\/56038\/","title":{"rendered":"&quot;T\u0101 ir tipiska band\u012btu sh\u0113ma!&quot;: atkl\u0101jas pr\u0101tam neaptveramas deta\u013cas Sedokovas melos &#8211; Sejas.lv"},"content":{"rendered":"<ol>\n<li><a href=\"https:\/\/news.google.com\/rss\/articles\/CBMisAFBVV95cUxQTWFNYnItMXhtQ2RMNmppWU1mYmZGTnJYU3ViUVdwN0ZvZW0yQmFjVGJjZkN5VGhvQkkyZk9sdVlwRHFxSjJOckxfV0k2UnBLYTdIU09qQVdSemtWYm84Y3oyazhmcHRoZVhZZzRhdHgxejVPODhleXVQOHJhQmNZMTlybmt3M0VWZHNZNTk0bjZTSGVNTElCUTl2MTdLUmY5cUtJUjMweGlYU0JOMG9YdA?oc=5\" target=\"_blank\" rel=\"nofollow noopener\">&#8220;T\u0101 ir tipiska band\u012btu sh\u0113ma!&#8221;: atkl\u0101jas pr\u0101tam neaptveramas deta\u013cas Sedokovas melos<\/a>&nbsp;&nbsp;Sejas.lv<\/li>\n<li><a href=\"https:\/\/news.google.com\/rss\/articles\/CBMiwgFBVV95cUxQSUIxT2ItYkV3YUVYaHM0LVlKXzg4U2k4WFB2NjFqR210aGhJbDkyRGQzaGtqX09idFRGTHlxTVVFeVM1Rk8ya0h0cHBQTVRmTS1qcTB1XzVUQzBqWkU4ZGc1X3lRTWZkOUcxYmRmb1ZRbzh3ZXhxU19xemZsOWlGVHNLNkF0SDQyTURRUk5DWDdua0JRWVVNMFhsMENFU3lWT3RTbEdYeTBjSlFTckY1QnA3aXhXNGhXRDhtUnlkRVA3UQ?oc=5\" target=\"_blank\" rel=\"nofollow noopener\">Timmas \u0123imenes juriste pav\u0113sta \u0161ok\u0113jo\u0161u atkl\u0101jumu &#8211; laul\u012bbu l\u012bgums ar Sedokovu nemaz neeksist\u0113<\/a>&nbsp;&nbsp;1188.lv<\/li>\n<li><a href=\"https:\/\/news.google.com\/rss\/articles\/CBMidkFVX3lxTE8yWWMzR1BWRjN4UHdWOXdxUzdaY2poZkNtZlRJdV9DRlV2OGR0dnBGd0hqSFlRT2FpR1MxMllWYU9paFdraUpSeTlucE81andoeVNpajJOcVJBbHd3SFZjRHA5TDJCVzdfSGZYSE5jeHAzVVVDT1E?oc=5\" target=\"_blank\" rel=\"nofollow noopener\">Advok\u0101te pazi\u0146o jaunumus Timmas liet\u0101<\/a>&nbsp;&nbsp;Apollo.lv<\/li>\n<li><a href=\"https:\/\/news.google.com\/rss\/articles\/CBMihwFBVV95cUxORWJva1poellRdHRORDlVY19PRnIxRG9zMFpUYkQwVWlBN2RyVUhYMUFDR29jUkFyQzd3UFFyZGZ4ZWlBLXNtMm84aE13dzFJd1R2aFFWTFRCMzVndTJEUHBTajhMSkVhYTZKRlF5bVFWd2I4dkZqM0J2MG94cFYzVVRBRVhINzQ?oc=5\" target=\"_blank\" rel=\"nofollow noopener\">Izp\u0113t\u012bts Hitlera DNS: ko tas par diktatoru atkl\u0101j?<\/a>&nbsp;&nbsp;tv3.lv<\/li>\n<\/ol>\n","protected":false},"excerpt":{"rendered":"&#8220;T\u0101 ir tipiska band\u012btu sh\u0113ma!&#8221;: atkl\u0101jas pr\u0101tam neaptveramas deta\u013cas Sedokovas melos&nbsp;&nbsp;Sejas.lv Timmas \u0123imenes juriste pav\u0113sta \u0161ok\u0113jo\u0161u atkl\u0101jumu &#8211;&hellip;\n","protected":false},"author":2,"featured_media":56039,"comment_status":"","ping_status":"","sticky":false,"template":"","format":"standard","meta":{"footnotes":""},"categories":[5],"tags":[23,1155,28,29,32,33,22,6622,30,31,35,39,38,36,37,34,40,7349,20,26,27,7353,24,25,758,21],"class_list":{"0":"post-56038","1":"post","2":"type-post","3":"status-publish","4":"format-standard","5":"has-post-thumbnail","7":"category-aktualitates","8":"tag-aktualitates","9":"tag-anna-sedokova","10":"tag-breaking-news","11":"tag-breakingnews","12":"tag-featured-news","13":"tag-featurednews","14":"tag-headlines","15":"tag-janis-timma","16":"tag-latest-news","17":"tag-latestnews","18":"tag-latvia","19":"tag-latvian","20":"tag-latviesu","21":"tag-latviesu-valoda","22":"tag-latviesuvaloda","23":"tag-latvija","24":"tag-lv","25":"tag-margarita-gavrilova","26":"tag-news","27":"tag-popularakas-zinas","28":"tag-popularakaszinas","29":"tag-raitis-timma","30":"tag-top-stories","31":"tag-topstories","32":"tag-tvnet-sejas","33":"tag-zinas"},"share_on_mastodon":{"url":"https:\/\/pubeurope.com\/@lv\/115593310721677759","error":""},"_links":{"self":[{"href":"https:\/\/www.europesays.com\/lv\/wp-json\/wp\/v2\/posts\/56038","targetHints":{"allow":["GET"]}}],"collection":[{"href":"https:\/\/www.europesays.com\/lv\/wp-json\/wp\/v2\/posts"}],"about":[{"href":"https:\/\/www.europesays.com\/lv\/wp-json\/wp\/v2\/types\/post"}],"author":[{"embeddable":true,"href":"https:\/\/www.europesays.com\/lv\/wp-json\/wp\/v2\/users\/2"}],"replies":[{"embeddable":true,"href":"https:\/\/www.europesays.com\/lv\/wp-json\/wp\/v2\/comments?post=56038"}],"version-history":[{"count":0,"href":"https:\/\/www.europesays.com\/lv\/wp-json\/wp\/v2\/posts\/56038\/revisions"}],"wp:featuredmedia":[{"embeddable":true,"href":"https:\/\/www.europesays.com\/lv\/wp-json\/wp\/v2\/media\/56039"}],"wp:attachment":[{"href":"https:\/\/www.europesays.com\/lv\/wp-json\/wp\/v2\/media?parent=56038"}],"wp:term":[{"taxonomy":"category","embeddable":true,"href":"https:\/\/www.europesays.com\/lv\/wp-json\/wp\/v2\/categories?post=56038"},{"taxonomy":"post_tag","embeddable":true,"href":"https:\/\/www.europesays.com\/lv\/wp-json\/wp\/v2\/tags?post=56038"}],"curies":[{"name":"wp","href":"https:\/\/api.w.org\/{rel}","templated":true}]}}