{"id":56106,"date":"2025-11-22T14:08:11","date_gmt":"2025-11-22T14:08:11","guid":{"rendered":"https:\/\/www.europesays.com\/lv\/56106\/"},"modified":"2025-11-22T14:08:11","modified_gmt":"2025-11-22T14:08:11","slug":"tagad-oficiali-honda-absolut-auto-riga-jauna-autocentra-atklasana-video","status":"publish","type":"post","link":"https:\/\/www.europesays.com\/lv\/56106\/","title":{"rendered":"Tagad &#8211; ofici\u0101li. Honda Absolut Auto R\u012bga jaun\u0101 autocentra atkl\u0101\u0161ana (+ VIDEO)"},"content":{"rendered":"<p>Nu jau vair\u0101k nek\u0101 pusgadu Honda jaun\u0101s m\u0101jas atrodas Skanstes iel\u0101. Iek\u0101rtojot jauno Absolut Auto R\u012aGA autocentru, gan bija piemirsies sar\u012bkot ofici\u0101lu t\u0101 atkl\u0101\u0161anu, un \u0161\u012b maz\u0101 aizkav\u0113\u0161an\u0101s tika nov\u0113rsta.<\/p>\n<p>Atkl\u0101\u0161anas ceremonij\u0101 piedal\u012bj\u0101s ne tikai Honda d\u012blera un import\u0113t\u0101ja p\u0101rst\u0101vji, bet ar\u012b Jap\u0101nas v\u0113stnieks Latvij\u0101 vi\u0146a ekselence Kensuke Jo\u0161ida, k\u0101 ar\u012b milzums viesu un sadarb\u012bbas partneru, tostarp basketbola komanda R\u012bgas Ze\u013c\u013ci.<\/p>\n<p>\u201cEsam \u0101rk\u0101rt\u012bgi pacil\u0101ti atkl\u0101jot jaun\u0101s Honda m\u0101jas pa\u0161\u0101 R\u012bgas centr\u0101,\u201d atkl\u0101\u0161an\u0101 atzina Honda import\u0113t\u0101ja NCG Import Baltic izpilddirektors Tenu Vahtels (T\u00f5nu Vahtel),\u201d T\u0101s ir skaistas, te ir lab\u0101kais person\u0101ls Latvij\u0101, un Honda tam \u013coti uzticas.\u201d Jaunais Honda centrs R\u012bg\u0101 apvieno Honda automobi\u013cu salonu, Honda Marine un Honda Power produktu ekspoz\u012bciju, k\u0101 ar\u012b modernu servisa centru un klientu apkalpo\u0161anas zonu. Raivis Ansviesulis, SIA Absolut Auto RIGA valdes loceklis: \u201cHondas z\u012bmols m\u016bsu rok\u0101s non\u0101cis k\u0101 jauns produkts. Tas p\u0101rsteidz ar to, cik ir uzticams un sal\u012bdzino\u0161i vienk\u0101r\u0161s.\u201d<\/p>\n<p>\u201cM\u016bsupr\u0101t t\u0101 ir \u013coti laba koncepcija,\u201d piekr\u012bt Vahtels,\u201dTo nav vienk\u0101r\u0161i uztur\u0113t, t\u0101p\u0113c ka produktu profili ir \u013coti at\u0161\u0137ir\u012bgi. Bet kopum\u0101 esmu p\u0101rliecin\u0101ts, ka t\u0101 ir lab\u0101k\u0101 Honda produktu koncepcija, k\u0101du varam pan\u0101kt R\u012bg\u0101.\u201d<\/p>\n<p>\u201cDr\u012bzum\u0101 ien\u0101ks jauna Honda automa\u0161\u012bnu mode\u013cu l\u012bnija,\u201d TV Autozi\u0146\u0101m atkl\u0101ja Vahtels. \u201cTiks uzlabots ar\u012b pa\u0161reiz\u0113jais mode\u013cu sast\u0101vs. Jauni produkti par\u0101d\u012bsies ar\u012b Honda Marine un Honda Power sada\u013c\u0101s. Mums b\u016bs ar\u012b jauns Honda z\u0101les pl\u0101v\u0113js robots. Mums gaid\u0101mi daudzi jaunumi, t\u0101p\u0113c \u0161\u012b jaun\u0101 \u0113ka mums \u013coti atbilst.<\/p>\n<p>\u201cRa\u017eot\u0101js apsol\u012bjis piesl\u0113gties gan cenu politik\u0101, gan produktu daudzveid\u012bb\u0101,\u201d apstiprina Ansviesulis. \u201cM\u016bsu interes\u0113s ir izveidot servisa centru pa visu Latviju. Neskatoties uz to, ka R\u012bg\u0101 \u0161\u012b pagaid\u0101m ir vien\u012bg\u0101 vieta kur ieg\u0101d\u0101ties Honda automa\u0161\u012bnas, m\u0113s v\u0113lamies lai cilv\u0113ks Latgal\u0113 un citur var\u0113tu saremont\u0113t automa\u0161\u012bnu neskrienot p\u0101ri pus Latvijai.\u201d L\u012bdz ar jaun\u0101 centra atkl\u0101\u0161anu atkl\u0101ta ar\u012b jauna m\u0101jaslapa www.hondacentrsriga.lv, kas pied\u0101v\u0101 \u0113rtu piek\u013cuvi Honda produktiem un pakalpojumiem. Vair\u0101k skaties TV Autozi\u0146u si\u017eet\u0101.<\/p>\n<p>Stingri aizliegts iAuto.lv public\u0113tos materi\u0101lus izmantot, kop\u0113t vai reproduc\u0113t citos interneta port\u0101los, masu inform\u0101cijas l\u012bdzek\u013cos vai k\u0101 cit\u0101di r\u012bkoties ar iAuto.lv public\u0113tajiem materi\u0101liem bez rakstiskas EON SIA at\u013caujas sa\u0146em\u0161anas.<\/p>\n","protected":false},"excerpt":{"rendered":"Nu jau vair\u0101k nek\u0101 pusgadu Honda jaun\u0101s m\u0101jas atrodas Skanstes iel\u0101. Iek\u0101rtojot jauno Absolut Auto R\u012aGA autocentru, gan&hellip;\n","protected":false},"author":2,"featured_media":56107,"comment_status":"","ping_status":"","sticky":false,"template":"","format":"standard","meta":{"footnotes":""},"categories":[16],"tags":[15136,15140,15135,15137,15138,15139,1824,5869,77,76,4176,35,39,38,36,37,34,40,20,4868],"class_list":{"0":"post-56106","1":"post","2":"type-post","3":"status-publish","4":"format-standard","5":"has-post-thumbnail","7":"category-bizness","8":"tag-hondamotorsport","9":"tag-absolutauto","10":"tag-hondacrv","11":"tag-hondamarine","12":"tag-madeinjapan","13":"tag-normunds-avotins","14":"tag-tvautozinas","15":"tag-ziema","16":"tag-bizness","17":"tag-business","18":"tag-honda","19":"tag-latvia","20":"tag-latvian","21":"tag-latviesu","22":"tag-latviesu-valoda","23":"tag-latviesuvaloda","24":"tag-latvija","25":"tag-lv","26":"tag-news","27":"tag-suv"},"share_on_mastodon":{"url":"https:\/\/pubeurope.com\/@lv\/115593747079808099","error":""},"_links":{"self":[{"href":"https:\/\/www.europesays.com\/lv\/wp-json\/wp\/v2\/posts\/56106","targetHints":{"allow":["GET"]}}],"collection":[{"href":"https:\/\/www.europesays.com\/lv\/wp-json\/wp\/v2\/posts"}],"about":[{"href":"https:\/\/www.europesays.com\/lv\/wp-json\/wp\/v2\/types\/post"}],"author":[{"embeddable":true,"href":"https:\/\/www.europesays.com\/lv\/wp-json\/wp\/v2\/users\/2"}],"replies":[{"embeddable":true,"href":"https:\/\/www.europesays.com\/lv\/wp-json\/wp\/v2\/comments?post=56106"}],"version-history":[{"count":0,"href":"https:\/\/www.europesays.com\/lv\/wp-json\/wp\/v2\/posts\/56106\/revisions"}],"wp:featuredmedia":[{"embeddable":true,"href":"https:\/\/www.europesays.com\/lv\/wp-json\/wp\/v2\/media\/56107"}],"wp:attachment":[{"href":"https:\/\/www.europesays.com\/lv\/wp-json\/wp\/v2\/media?parent=56106"}],"wp:term":[{"taxonomy":"category","embeddable":true,"href":"https:\/\/www.europesays.com\/lv\/wp-json\/wp\/v2\/categories?post=56106"},{"taxonomy":"post_tag","embeddable":true,"href":"https:\/\/www.europesays.com\/lv\/wp-json\/wp\/v2\/tags?post=56106"}],"curies":[{"name":"wp","href":"https:\/\/api.w.org\/{rel}","templated":true}]}}