{"id":56109,"date":"2025-11-22T14:11:13","date_gmt":"2025-11-22T14:11:13","guid":{"rendered":"https:\/\/www.europesays.com\/lv\/56109\/"},"modified":"2025-11-22T14:11:13","modified_gmt":"2025-11-22T14:11:13","slug":"jelgavas-novada-pazudusi-meitenite-atrasta-sveika-un-vesela-lente-lv","status":"publish","type":"post","link":"https:\/\/www.europesays.com\/lv\/56109\/","title":{"rendered":"Jelgavas novad\u0101 pazudus\u012b meiten\u012bte atrasta sveika un vesela\u00a0\u2014\u00a0Lente.lv"},"content":{"rendered":"<p>Dramatisk\u0101s mekl\u0113\u0161anas nosl\u0113gu laim\u012bg\u0101s beig\u0101s Jelgavas novad\u0101<\/p>\n<p>\u0160\u012b gada 21. novembr\u012b Jelgavas novad\u0101, Valgundes pagast\u0101, tika izsludin\u0101ta 2016. gad\u0101 dzimu\u0161as meiten\u012btes pazu\u0161ana. \u0100tra un koordin\u0113ta Valsts policijas Dienvidzemgales iecirk\u0146a r\u012bc\u012bba, pateicoties pla\u0161ai sabiedr\u012bbas iesaistei un inform\u0101cijas izplat\u012bbai, vainagoj\u0101s pan\u0101kumiem. P\u0113c vair\u0101ku stundu ilgas mekl\u0113\u0161anas, meiten\u012bte tika atrasta sveika un vesela, sag\u0101d\u0101jot milz\u012bgu atvieglojumu gan savai \u0123imenei, gan visiem iesaist\u012btajiem. \u0160is notikums \u012bpa\u0161i uzsv\u0113ra kopienas sp\u0113ku un efektivit\u0101ti kr\u012bzes situ\u0101cij\u0101s.<\/p>\n<p>Sabiedr\u012bbas un policijas veiksm\u012bg\u0101 sadarb\u012bba<\/p>\n<p>Atsaucoties uz Valsts policijas aicin\u0101jumu, daudzi iedz\u012bvot\u0101ji akt\u012bvi dal\u012bj\u0101s ar inform\u0101ciju par pazudu\u0161o b\u0113rnu, sniedzot v\u0113rt\u012bgu pal\u012bdz\u012bbu mekl\u0113\u0161anas proces\u0101. Policija izsaka sirsn\u012bgu pateic\u012bbu ikvienam, kur\u0161 sniedza savu atbalstu un pal\u012bdz\u0113ja atrast meiten\u012bti. \u0160\u0101das situ\u0101cijas skaidri par\u0101da, cik svar\u012bga ir sadarb\u012bba starp iest\u0101d\u0113m un sabiedr\u012bbu, lai nodro\u0161in\u0101tu dro\u0161\u012bbu un risin\u0101tu sare\u017e\u0123\u012btas probl\u0113mas.<\/p>\n<p>Atgrie\u0161an\u0101s m\u0101j\u0101s \u2013 prieks un dro\u0161\u012bbas saj\u016bta<\/p>\n<p>Meiten\u012btes atra\u0161an\u0101s vieta tika noskaidrota piektdienas vakar\u0101, un vi\u0146a tika nodota saviem vec\u0101kiem. \u0160is pozit\u012bvais izn\u0101kums apliecina, ka cie\u0146pilna sadarb\u012bba un operat\u012bva r\u012bc\u012bba var novest pie vislab\u0101kajiem rezult\u0101tiem. Cerams, ka \u0161\u0101das satrauco\u0161as situ\u0101cijas m\u016bsu novad\u0101 vairs neatk\u0101rtosies, un visi b\u0113rni vienm\u0113r jut\u012bsies dro\u0161i un m\u012bl\u0113ti.<\/p>\n","protected":false},"excerpt":{"rendered":"Dramatisk\u0101s mekl\u0113\u0161anas nosl\u0113gu laim\u012bg\u0101s beig\u0101s Jelgavas novad\u0101 \u0160\u012b gada 21. novembr\u012b Jelgavas novad\u0101, Valgundes pagast\u0101, tika izsludin\u0101ta 2016.&hellip;\n","protected":false},"author":2,"featured_media":56110,"comment_status":"","ping_status":"","sticky":false,"template":"","format":"standard","meta":{"footnotes":""},"categories":[5],"tags":[23,15141,28,29,32,33,22,15074,30,31,35,39,38,36,37,34,40,20,15075,26,27,15142,24,25,138,21],"class_list":{"0":"post-56109","1":"post","2":"type-post","3":"status-publish","4":"format-standard","5":"has-post-thumbnail","7":"category-aktualitates","8":"tag-aktualitates","9":"tag-atrasta","10":"tag-breaking-news","11":"tag-breakingnews","12":"tag-featured-news","13":"tag-featurednews","14":"tag-headlines","15":"tag-jelgavas-novads","16":"tag-latest-news","17":"tag-latestnews","18":"tag-latvia","19":"tag-latvian","20":"tag-latviesu","21":"tag-latviesu-valoda","22":"tag-latviesuvaloda","23":"tag-latvija","24":"tag-lv","25":"tag-news","26":"tag-pazudusi-meitene","27":"tag-popularakas-zinas","28":"tag-popularakaszinas","29":"tag-sveika-un-vesela","30":"tag-top-stories","31":"tag-topstories","32":"tag-valsts-policija","33":"tag-zinas"},"share_on_mastodon":{"url":"https:\/\/pubeurope.com\/@lv\/115593758832147433","error":""},"_links":{"self":[{"href":"https:\/\/www.europesays.com\/lv\/wp-json\/wp\/v2\/posts\/56109","targetHints":{"allow":["GET"]}}],"collection":[{"href":"https:\/\/www.europesays.com\/lv\/wp-json\/wp\/v2\/posts"}],"about":[{"href":"https:\/\/www.europesays.com\/lv\/wp-json\/wp\/v2\/types\/post"}],"author":[{"embeddable":true,"href":"https:\/\/www.europesays.com\/lv\/wp-json\/wp\/v2\/users\/2"}],"replies":[{"embeddable":true,"href":"https:\/\/www.europesays.com\/lv\/wp-json\/wp\/v2\/comments?post=56109"}],"version-history":[{"count":0,"href":"https:\/\/www.europesays.com\/lv\/wp-json\/wp\/v2\/posts\/56109\/revisions"}],"wp:featuredmedia":[{"embeddable":true,"href":"https:\/\/www.europesays.com\/lv\/wp-json\/wp\/v2\/media\/56110"}],"wp:attachment":[{"href":"https:\/\/www.europesays.com\/lv\/wp-json\/wp\/v2\/media?parent=56109"}],"wp:term":[{"taxonomy":"category","embeddable":true,"href":"https:\/\/www.europesays.com\/lv\/wp-json\/wp\/v2\/categories?post=56109"},{"taxonomy":"post_tag","embeddable":true,"href":"https:\/\/www.europesays.com\/lv\/wp-json\/wp\/v2\/tags?post=56109"}],"curies":[{"name":"wp","href":"https:\/\/api.w.org\/{rel}","templated":true}]}}