{"id":56113,"date":"2025-11-22T14:15:08","date_gmt":"2025-11-22T14:15:08","guid":{"rendered":"https:\/\/www.europesays.com\/lv\/56113\/"},"modified":"2025-11-22T14:15:08","modified_gmt":"2025-11-22T14:15:08","slug":"eiropas-lideri-gatavojas-kopigai-vizitei-pie-trampa-2","status":"publish","type":"post","link":"https:\/\/www.europesays.com\/lv\/56113\/","title":{"rendered":"Eiropas l\u012bderi gatavojas kop\u012bgai viz\u012btei pie Trampa"},"content":{"rendered":"<p>Raidsabiedr\u012bba &#8220;Sky News&#8221; atsaucas uz diplom\u0101tiskiem avotiem Eiropas Savien\u012bb\u0101 (ES), kas pav\u0113st\u012bja, ka Lielbrit\u0101nijas premjerministrs K\u012brs St\u0101rmers apspriedis brauciena iesp\u0113ju ar galvenajiem Eiropas l\u012bderiem &#8211; Francijas prezidentu Emanuelu Makronu, V\u0101cijas kancleru Fr\u012bdrihu Mercu un It\u0101lijas premjerministri D\u017eord\u017eu Meloni.<\/p>\n<p>Visi \u010detri politi\u0137i sav\u0101 starp\u0101 koordin\u0113 pas\u0101kumus, lai sagatavotu kop\u012bgu tik\u0161anos ar Trampu Va\u0161ington\u0101.<\/p>\n<p>K\u0101 v\u0113sta &#8220;Sky News&#8221;, paredzams, ka Eiropas l\u012bderu viz\u012bte ASV var\u0113tu notikt n\u0101kam\u0101s ned\u0113\u013cas s\u0101kum\u0101, visticam\u0101k, otrdien, ja Baltais nams apstiprin\u0101s \u0161o datumu.<\/p>\n<p>Paredzams, ka galvenie apsprie\u017eamie jaut\u0101jumi b\u016bs Ukraina un jaun\u0101 ASV pieeja Eiropas dro\u0161\u012bbai.<\/p>\n<p>Taj\u0101 pa\u0161\u0101 laik\u0101 ES diplom\u0101tiskais avots v\u0113l\u0101k koment\u0101r\u0101 &#8220;Sky News&#8221; pav\u0113st\u012bja, ka St\u0101rmers nepl\u0101no viz\u012bti Va\u0161ington\u0101, bet <a href=\"https:\/\/www.tvnet.lv\/term\/555691\/eiropa\" class=\"topicLink\" target=\"_blank\" rel=\"nofollow noopener\">Eiropa<\/a> gatavo kop\u012bgu tik\u0161anos ar Trampu.<\/p>\n<p>Va\u0161ingtona pied\u0101v\u0101jusi pl\u0101nu kara izbeig\u0161anai Ukrain\u0101, kas, p\u0113c visa sprie\u017eot, balst\u012bts pamat\u0101 uz Krievijas pras\u012bb\u0101m. Tas paredz ne tikai okup\u0113to teritoriju palik\u0161anu Krievijas kontrol\u0113, bet ar\u012b Ukrainas ap\u0146em\u0161anos nepievienoties NATO, alianses nepapla\u0161in\u0101\u0161anu un Krievijas atgrie\u0161anos G8, liecina zi\u0146u a\u0123ent\u016bras AFP r\u012bc\u012bb\u0101 non\u0101ku\u0161ais pl\u0101na projekts.<\/p>\n","protected":false},"excerpt":{"rendered":"Raidsabiedr\u012bba &#8220;Sky News&#8221; atsaucas uz diplom\u0101tiskiem avotiem Eiropas Savien\u012bb\u0101 (ES), kas pav\u0113st\u012bja, ka Lielbrit\u0101nijas premjerministrs K\u012brs St\u0101rmers apspriedis&hellip;\n","protected":false},"author":2,"featured_media":56114,"comment_status":"","ping_status":"","sticky":false,"template":"","format":"standard","meta":{"footnotes":""},"categories":[14],"tags":[23,57,28,29,542,427,514,32,33,22,30,31,35,39,38,36,37,34,40,20,26,27,24,25,54,55,56,21,58],"class_list":{"0":"post-56113","1":"post","2":"type-post","3":"status-publish","4":"format-standard","5":"has-post-thumbnail","7":"category-zinas-no-arvalstim","8":"tag-aktualitates","9":"tag-arvalstim","10":"tag-breaking-news","11":"tag-breakingnews","12":"tag-donalds-tramps","13":"tag-eiropa","14":"tag-eiropas-savieniba","15":"tag-featured-news","16":"tag-featurednews","17":"tag-headlines","18":"tag-latest-news","19":"tag-latestnews","20":"tag-latvia","21":"tag-latvian","22":"tag-latviesu","23":"tag-latviesu-valoda","24":"tag-latviesuvaloda","25":"tag-latvija","26":"tag-lv","27":"tag-news","28":"tag-popularakas-zinas","29":"tag-popularakaszinas","30":"tag-top-stories","31":"tag-topstories","32":"tag-world","33":"tag-world-news","34":"tag-worldnews","35":"tag-zinas","36":"tag-zinas-no-arvalstim"},"share_on_mastodon":{"url":"https:\/\/pubeurope.com\/@lv\/115593774556953675","error":""},"_links":{"self":[{"href":"https:\/\/www.europesays.com\/lv\/wp-json\/wp\/v2\/posts\/56113","targetHints":{"allow":["GET"]}}],"collection":[{"href":"https:\/\/www.europesays.com\/lv\/wp-json\/wp\/v2\/posts"}],"about":[{"href":"https:\/\/www.europesays.com\/lv\/wp-json\/wp\/v2\/types\/post"}],"author":[{"embeddable":true,"href":"https:\/\/www.europesays.com\/lv\/wp-json\/wp\/v2\/users\/2"}],"replies":[{"embeddable":true,"href":"https:\/\/www.europesays.com\/lv\/wp-json\/wp\/v2\/comments?post=56113"}],"version-history":[{"count":0,"href":"https:\/\/www.europesays.com\/lv\/wp-json\/wp\/v2\/posts\/56113\/revisions"}],"wp:featuredmedia":[{"embeddable":true,"href":"https:\/\/www.europesays.com\/lv\/wp-json\/wp\/v2\/media\/56114"}],"wp:attachment":[{"href":"https:\/\/www.europesays.com\/lv\/wp-json\/wp\/v2\/media?parent=56113"}],"wp:term":[{"taxonomy":"category","embeddable":true,"href":"https:\/\/www.europesays.com\/lv\/wp-json\/wp\/v2\/categories?post=56113"},{"taxonomy":"post_tag","embeddable":true,"href":"https:\/\/www.europesays.com\/lv\/wp-json\/wp\/v2\/tags?post=56113"}],"curies":[{"name":"wp","href":"https:\/\/api.w.org\/{rel}","templated":true}]}}