{"id":56126,"date":"2025-11-22T14:46:17","date_gmt":"2025-11-22T14:46:17","guid":{"rendered":"https:\/\/www.europesays.com\/lv\/56126\/"},"modified":"2025-11-22T14:46:17","modified_gmt":"2025-11-22T14:46:17","slug":"latvija-daudzviet-apledojusi-celi-un-apgrutinata-brauksana","status":"publish","type":"post","link":"https:\/\/www.europesays.com\/lv\/56126\/","title":{"rendered":"Latvij\u0101 daudzviet apledoju\u0161i ce\u013ci un apgr\u016btin\u0101ta brauk\u0161ana"},"content":{"rendered":"<p>\u0160or\u012bt apledojums daudzviet Latvij\u0101 apgr\u016btina brauk\u0161anu pa valsts galvenajiem un re\u0123ion\u0101lajiem autoce\u013ciem, a\u0123ent\u016brai LETA pav\u0113st\u012bja VSIA &#8220;Latvijas valsts ce\u013ci&#8221;.<\/p>\n<p>Lai uzlabotu brauk\u0161anas apst\u0101k\u013cus, ce\u013cu uztur\u0113\u0161anas darbos iesaist\u012btas 116 ziemas dienesta tehnikas vien\u012bbas.<\/p>\n<p>Uz valsts galvenajiem autoce\u013ciem apgr\u016btin\u0101ti brauk\u0161anas apst\u0101k\u013ci ir uz Tallinas \u0161oseja (A1) posm\u0101 no Saulkrastiem l\u012bdz Aina\u017eiem, uz Vidzemes \u0161osejas (A2) posm\u0101 no R\u012bgas l\u012bdz L\u012bgatnei un no Drabe\u0161iem l\u012bdz Raunai, uz Valmieras \u0161osejas (A3) posm\u0101 no Murj\u0101\u0146iem l\u012bdz Lielstraupei un no Stalbes l\u012bdz Stren\u010diem, uz Daugavpils \u0161osejas (A6) posm\u0101 no Salaspils l\u012bdz Jaunjelgavai, uz Bauskas \u0161osejas (A7) posm\u0101 no Dzimtmisas l\u012bdz Grenct\u0101lei, uz Jelgavas \u0161osejas (A8) posm\u0101 no Dalbes l\u012bdz Elejai, uz Liep\u0101jas \u0161osejas (A9) posm\u0101 no Ka\u0123iem l\u012bdz Ap\u0161upes krustojuma un no Skrundas l\u012bdz Kalvenei, k\u0101 ar\u012b uz Ventspils \u0161osejas (A10) posm\u0101 no Tukuma l\u012bdz Ventspilij.<\/p>\n<p>Uz re\u0123ion\u0101lajiem autoce\u013ciem apgr\u016btin\u0101ta brauk\u0161ana ir Liep\u0101jas, Ventspils, Talsu, Saldus, Tukuma, Jelgavas, Dobeles, Bauskas, Ogres, Aizkraukles, Limba\u017eu, Valmieras, Valkas, Al\u016bksnes, Gulbenes un Balvu apk\u0101rtn\u0113.<\/p>\n<p>Par apgr\u016btin\u0101tiem brauk\u0161anas apst\u0101k\u013ciem vai citiem ar satiksmi un ce\u013cu st\u0101vokli saist\u012btiem nov\u0113rojumiem iedz\u012bvot\u0101ji ir aicin\u0101ti inform\u0113t &#8220;Latvijas valsts ce\u013cus&#8221;, zvanot uz diennakts bezmaksas informat\u012bvo t\u0101lruni 80005555, k\u0101 ar\u012b uz\u0146\u0113muma kontos soci\u0101l\u0101s sazi\u0146as t\u012bklos &#8220;X&#8221; un &#8220;Facebook&#8221;.<\/p>\n","protected":false},"excerpt":{"rendered":"\u0160or\u012bt apledojums daudzviet Latvij\u0101 apgr\u016btina brauk\u0161anu pa valsts galvenajiem un re\u0123ion\u0101lajiem autoce\u013ciem, a\u0123ent\u016brai LETA pav\u0113st\u012bja VSIA &#8220;Latvijas valsts&hellip;\n","protected":false},"author":2,"featured_media":56127,"comment_status":"","ping_status":"","sticky":false,"template":"","format":"standard","meta":{"footnotes":""},"categories":[12],"tags":[129,3296,23,28,29,32,33,22,30,31,35,39,38,36,37,34,40,20,26,27,3297,3298,24,25,21],"class_list":{"0":"post-56126","1":"post","2":"type-post","3":"status-publish","4":"format-standard","5":"has-post-thumbnail","7":"category-latvija","8":"tag-__typenameadvicekeyword","9":"tag-id645","10":"tag-aktualitates","11":"tag-breaking-news","12":"tag-breakingnews","13":"tag-featured-news","14":"tag-featurednews","15":"tag-headlines","16":"tag-latest-news","17":"tag-latestnews","18":"tag-latvia","19":"tag-latvian","20":"tag-latviesu","21":"tag-latviesu-valoda","22":"tag-latviesuvaloda","23":"tag-latvija","24":"tag-lv","25":"tag-news","26":"tag-popularakas-zinas","27":"tag-popularakaszinas","28":"tag-slugautomasinas","29":"tag-titleautomasinas","30":"tag-top-stories","31":"tag-topstories","32":"tag-zinas"},"share_on_mastodon":{"url":"https:\/\/pubeurope.com\/@lv\/115593896508730710","error":""},"_links":{"self":[{"href":"https:\/\/www.europesays.com\/lv\/wp-json\/wp\/v2\/posts\/56126","targetHints":{"allow":["GET"]}}],"collection":[{"href":"https:\/\/www.europesays.com\/lv\/wp-json\/wp\/v2\/posts"}],"about":[{"href":"https:\/\/www.europesays.com\/lv\/wp-json\/wp\/v2\/types\/post"}],"author":[{"embeddable":true,"href":"https:\/\/www.europesays.com\/lv\/wp-json\/wp\/v2\/users\/2"}],"replies":[{"embeddable":true,"href":"https:\/\/www.europesays.com\/lv\/wp-json\/wp\/v2\/comments?post=56126"}],"version-history":[{"count":0,"href":"https:\/\/www.europesays.com\/lv\/wp-json\/wp\/v2\/posts\/56126\/revisions"}],"wp:featuredmedia":[{"embeddable":true,"href":"https:\/\/www.europesays.com\/lv\/wp-json\/wp\/v2\/media\/56127"}],"wp:attachment":[{"href":"https:\/\/www.europesays.com\/lv\/wp-json\/wp\/v2\/media?parent=56126"}],"wp:term":[{"taxonomy":"category","embeddable":true,"href":"https:\/\/www.europesays.com\/lv\/wp-json\/wp\/v2\/categories?post=56126"},{"taxonomy":"post_tag","embeddable":true,"href":"https:\/\/www.europesays.com\/lv\/wp-json\/wp\/v2\/tags?post=56126"}],"curies":[{"name":"wp","href":"https:\/\/api.w.org\/{rel}","templated":true}]}}