{"id":56134,"date":"2025-11-22T14:59:09","date_gmt":"2025-11-22T14:59:09","guid":{"rendered":"https:\/\/www.europesays.com\/lv\/56134\/"},"modified":"2025-11-22T14:59:09","modified_gmt":"2025-11-22T14:59:09","slug":"lidzigs-gadijums-noticis-ari-pern","status":"publish","type":"post","link":"https:\/\/www.europesays.com\/lv\/56134\/","title":{"rendered":"L\u012bdz\u012bgs gad\u012bjums noticis ar\u012b p\u0113rn"},"content":{"rendered":"<p>Tas notika dr\u012bz p\u0113c pusnakts 13. novembr\u012b, ceturtaj\u0101 dien\u0101 p\u0113c turku izcelsmes v\u0101cu \u0123imenes no Hamburgas iera\u0161an\u0101s Turcij\u0101. Laul\u0101tie Cigdema un Servets Bo\u010deki, k\u0101 ar\u012b divi vi\u0146u b\u0113rni, v\u0113r\u0101s Stambulas slimn\u012bc\u0101 ar stipr\u0101m v\u0113ders\u0101p\u0113m, sliktu d\u016b\u0161u un vem\u0161anu. P\u0113c atgrie\u0161an\u0101s viesn\u012bc\u0101 vi\u0146u pa\u0161saj\u016bta v\u0113lreiz strauji pasliktin\u0101j\u0101s. Kad abi vec\u0101ki paman\u012bja, ka vi\u0146u b\u0113rni gu\u013c gult\u0101 bezsama\u0146\u0101, vi\u0146i t\u016bl\u012bt izsauca \u0101rstu.<\/p>\n<p>Kas notika t\u0101l\u0101k, k\u013cuva zin\u0101ms no viesn\u012bcas videonov\u0113ro\u0161anas kameru ierakstiem: pie \u0113kas piebrauca \u0101tr\u0101s pal\u012bdz\u012bbas automa\u0161\u012bna, medi\u0137i ar savu apr\u012bkojumu m\u0113\u0123in\u0101ja iek\u013c\u016bt viesn\u012bc\u0101, bet nesp\u0113ja. Ieejas durvis bija aizsl\u0113gtas. Servets izmis\u012bgi m\u0113\u0123in\u0101ja t\u0101s atv\u0113rt. T\u0101 k\u0101 neviena viesn\u012bcas darbinieka nebija kl\u0101t, vi\u0146\u0161 nolika meitu uz kr\u0113sla, m\u0113\u0123in\u0101ja atrast k\u0101dus instrumentus, lai atv\u0113rtu durvis, m\u0113\u0123in\u0101ja izmantot nazi, ar ko atver v\u0113stules, un beidzot ar telpaugu podu m\u0113\u0123in\u0101ja izsist durvju stiklu, ta\u010du neveiksm\u012bgi. Tikai p\u0113c da\u017e\u0101m min\u016bt\u0113m par\u0101d\u012bj\u0101s viesn\u012bcas administrators.<\/p>\n","protected":false},"excerpt":{"rendered":"Tas notika dr\u012bz p\u0113c pusnakts 13. novembr\u012b, ceturtaj\u0101 dien\u0101 p\u0113c turku izcelsmes v\u0101cu \u0123imenes no Hamburgas iera\u0161an\u0101s Turcij\u0101.&hellip;\n","protected":false},"author":2,"featured_media":56135,"comment_status":"","ping_status":"","sticky":false,"template":"","format":"standard","meta":{"footnotes":""},"categories":[5],"tags":[23,28,29,32,33,15146,22,15147,30,31,35,39,38,36,37,34,40,20,15148,26,27,13732,7845,24,25,2380,4479,15145,2238,21],"class_list":{"0":"post-56134","1":"post","2":"type-post","3":"status-publish","4":"format-standard","5":"has-post-thumbnail","7":"category-aktualitates","8":"tag-aktualitates","9":"tag-breaking-news","10":"tag-breakingnews","11":"tag-featured-news","12":"tag-featurednews","13":"tag-hamburga","14":"tag-headlines","15":"tag-insecticidi","16":"tag-latest-news","17":"tag-latestnews","18":"tag-latvia","19":"tag-latvian","20":"tag-latviesu","21":"tag-latviesu-valoda","22":"tag-latviesuvaloda","23":"tag-latvija","24":"tag-lv","25":"tag-news","26":"tag-pesticidi","27":"tag-popularakas-zinas","28":"tag-popularakaszinas","29":"tag-saindesanas","30":"tag-stambula","31":"tag-top-stories","32":"tag-topstories","33":"tag-turcija","34":"tag-turisms","35":"tag-turistu-veseliba","36":"tag-tvnet-arvalstis","37":"tag-zinas"},"share_on_mastodon":{"url":"https:\/\/pubeurope.com\/@lv\/115593947608094669","error":""},"_links":{"self":[{"href":"https:\/\/www.europesays.com\/lv\/wp-json\/wp\/v2\/posts\/56134","targetHints":{"allow":["GET"]}}],"collection":[{"href":"https:\/\/www.europesays.com\/lv\/wp-json\/wp\/v2\/posts"}],"about":[{"href":"https:\/\/www.europesays.com\/lv\/wp-json\/wp\/v2\/types\/post"}],"author":[{"embeddable":true,"href":"https:\/\/www.europesays.com\/lv\/wp-json\/wp\/v2\/users\/2"}],"replies":[{"embeddable":true,"href":"https:\/\/www.europesays.com\/lv\/wp-json\/wp\/v2\/comments?post=56134"}],"version-history":[{"count":0,"href":"https:\/\/www.europesays.com\/lv\/wp-json\/wp\/v2\/posts\/56134\/revisions"}],"wp:featuredmedia":[{"embeddable":true,"href":"https:\/\/www.europesays.com\/lv\/wp-json\/wp\/v2\/media\/56135"}],"wp:attachment":[{"href":"https:\/\/www.europesays.com\/lv\/wp-json\/wp\/v2\/media?parent=56134"}],"wp:term":[{"taxonomy":"category","embeddable":true,"href":"https:\/\/www.europesays.com\/lv\/wp-json\/wp\/v2\/categories?post=56134"},{"taxonomy":"post_tag","embeddable":true,"href":"https:\/\/www.europesays.com\/lv\/wp-json\/wp\/v2\/tags?post=56134"}],"curies":[{"name":"wp","href":"https:\/\/api.w.org\/{rel}","templated":true}]}}