{"id":56144,"date":"2025-11-22T15:45:11","date_gmt":"2025-11-22T15:45:11","guid":{"rendered":"https:\/\/www.europesays.com\/lv\/56144\/"},"modified":"2025-11-22T15:45:11","modified_gmt":"2025-11-22T15:45:11","slug":"nespeja-risinat-krizes-apdraud-g20-eksistenci","status":"publish","type":"post","link":"https:\/\/www.europesays.com\/lv\/56144\/","title":{"rendered":"Nesp\u0113ja risin\u0101t kr\u012bzes apdraud G20 eksistenci"},"content":{"rendered":"<p>Makrons bija viens no diviem desmitiem pasaules valstu l\u012bderu, kas piedal\u0101s <a href=\"https:\/\/www.tvnet.lv\/term\/25907\/g20\" class=\"topicLink\" target=\"_blank\" rel=\"nofollow noopener\">G20<\/a> samit\u0101 Dienvid\u0101frik\u0101, kur nav ieradies ASV prezidents Donalds Tramps.<\/p>\n<p>&#8220;G20, iesp\u0113jams, tuvojas cikla beig\u0101m,&#8221; Francijas l\u012bderis sac\u012bja Johannesburg\u0101 san\u0101ku\u0161ajiem.<\/p>\n<p>&#8220;M\u0113s dz\u012bvojam \u0123eopolitikas br\u012bd\u012b, kad pie \u0161\u012b galda kop\u012bgi cen\u0161amies atrisin\u0101t lielas kr\u012bzes, tostarp ar locek\u013ciem, kuri \u0161odien nav kl\u0101t,&#8221; sac\u012bja Makrons.<\/p>\n<p>Vi\u0146\u0161 \u012bpa\u0161i piemin\u0113ja jauno ASV pl\u0101nu kara izbeig\u0161anai Ukrain\u0101, kur\u0101 iek\u013cautas da\u017eas no Krievijas pras\u012bb\u0101m.<\/p>\n<p>Eiropas l\u012bderi Johannesburg\u0101 tik\u0101s G20 san\u0101ksmes kulu\u0101ros, lai apspriestu pretpriek\u0161likumus.<\/p>\n<p>&#8220;Ukrain\u0101 nevar b\u016bt miera bez ukrai\u0146iem, bez cie\u0146as pret vi\u0146u suverenit\u0101ti,&#8221; nor\u0101d\u012bja Makrons.<\/p>\n<p>G20 sast\u0101v\u0101 ir 19 valstis, tostarp Krievija, k\u0101 ar\u012b Eiropas Savien\u012bba un \u0100frikas Savien\u012bba.<\/p>\n<p>T\u0101 nesekm\u012bgi cen\u0161as pan\u0101kt kop\u0113ju nost\u0101ju t\u0101dos jaut\u0101jumos k\u0101 hum\u0101n\u0101s ties\u012bbas un suverenit\u0101te, sac\u012bja Makrons.<\/p>\n<p>Pasaules l\u012bderiem ir j\u0101atz\u012bst, ka &#8220;G20 ir apdraud\u0113ta, ja m\u0113s kop\u012bgi neatgriez\u012bsimies pie da\u017e\u0101m priorit\u0101t\u0113m,&#8221; nor\u0101d\u012bja Makrons.<\/p>\n<p>&#8220;Mums noteikti ir j\u0101par\u0101da, ka mums ir konkr\u0113tas darb\u012bbas, lai atjaunotu \u0161\u0101 foruma iesaisti un sniegtu atbildes m\u016bsu ekonomik\u0101m, kolekt\u012bvi s\u0113\u017eot pie \u0161\u012b galda,&#8221; sac\u012bja Makrons.<\/p>\n<p>G20 valstu vad\u012bt\u0101ji sestdien kop\u012bg\u0101 deklar\u0101cij\u0101 aicin\u0101ja pan\u0101kt &#8220;taisn\u012bgu, visaptvero\u0161u un ilgsto\u0161u mieru&#8221; Ukrain\u0101, Sud\u0101n\u0101, Kongo Demokr\u0101tiskaj\u0101 Republik\u0101 un &#8220;okup\u0113taj\u0101s palest\u012bnie\u0161u teritorij\u0101s&#8221;.<\/p>\n<p>&#8220;Vadoties p\u0113c ANO Stat\u016btu m\u0113r\u0137iem un principiem kopum\u0101, m\u0113s str\u0101d\u0101sim, lai pan\u0101ktu taisn\u012bgu, visaptvero\u0161u un ilgsto\u0161u mieru Sud\u0101n\u0101, Kongo Demokr\u0101tiskaj\u0101 Republik\u0101, okup\u0113taj\u0101 palest\u012bnie\u0161u teritorij\u0101 un Ukrain\u0101,&#8221; teikts G20 valstu vad\u012bt\u0101ju deklar\u0101cij\u0101, kas pie\u0146emta Johannesburgas samit\u0101.<\/p>\n","protected":false},"excerpt":{"rendered":"Makrons bija viens no diviem desmitiem pasaules valstu l\u012bderu, kas piedal\u0101s G20 samit\u0101 Dienvid\u0101frik\u0101, kur nav ieradies ASV&hellip;\n","protected":false},"author":2,"featured_media":56145,"comment_status":"","ping_status":"","sticky":false,"template":"","format":"standard","meta":{"footnotes":""},"categories":[14],"tags":[23,57,28,29,9870,1310,32,33,11409,22,74,30,31,35,39,38,36,37,34,40,20,26,27,24,25,276,54,55,56,21,58],"class_list":{"0":"post-56144","1":"post","2":"type-post","3":"status-publish","4":"format-standard","5":"has-post-thumbnail","7":"category-zinas-no-arvalstim","8":"tag-aktualitates","9":"tag-arvalstim","10":"tag-breaking-news","11":"tag-breakingnews","12":"tag-dienvidafrika","13":"tag-emanuels-makrons","14":"tag-featured-news","15":"tag-featurednews","16":"tag-g20","17":"tag-headlines","18":"tag-krievijas-iebrukums-ukraina","19":"tag-latest-news","20":"tag-latestnews","21":"tag-latvia","22":"tag-latvian","23":"tag-latviesu","24":"tag-latviesu-valoda","25":"tag-latviesuvaloda","26":"tag-latvija","27":"tag-lv","28":"tag-news","29":"tag-popularakas-zinas","30":"tag-popularakaszinas","31":"tag-top-stories","32":"tag-topstories","33":"tag-ukraina","34":"tag-world","35":"tag-world-news","36":"tag-worldnews","37":"tag-zinas","38":"tag-zinas-no-arvalstim"},"share_on_mastodon":{"url":"https:\/\/pubeurope.com\/@lv\/115594128480576445","error":""},"_links":{"self":[{"href":"https:\/\/www.europesays.com\/lv\/wp-json\/wp\/v2\/posts\/56144","targetHints":{"allow":["GET"]}}],"collection":[{"href":"https:\/\/www.europesays.com\/lv\/wp-json\/wp\/v2\/posts"}],"about":[{"href":"https:\/\/www.europesays.com\/lv\/wp-json\/wp\/v2\/types\/post"}],"author":[{"embeddable":true,"href":"https:\/\/www.europesays.com\/lv\/wp-json\/wp\/v2\/users\/2"}],"replies":[{"embeddable":true,"href":"https:\/\/www.europesays.com\/lv\/wp-json\/wp\/v2\/comments?post=56144"}],"version-history":[{"count":0,"href":"https:\/\/www.europesays.com\/lv\/wp-json\/wp\/v2\/posts\/56144\/revisions"}],"wp:featuredmedia":[{"embeddable":true,"href":"https:\/\/www.europesays.com\/lv\/wp-json\/wp\/v2\/media\/56145"}],"wp:attachment":[{"href":"https:\/\/www.europesays.com\/lv\/wp-json\/wp\/v2\/media?parent=56144"}],"wp:term":[{"taxonomy":"category","embeddable":true,"href":"https:\/\/www.europesays.com\/lv\/wp-json\/wp\/v2\/categories?post=56144"},{"taxonomy":"post_tag","embeddable":true,"href":"https:\/\/www.europesays.com\/lv\/wp-json\/wp\/v2\/tags?post=56144"}],"curies":[{"name":"wp","href":"https:\/\/api.w.org\/{rel}","templated":true}]}}