{"id":56146,"date":"2025-11-22T15:48:09","date_gmt":"2025-11-22T15:48:09","guid":{"rendered":"https:\/\/www.europesays.com\/lv\/56146\/"},"modified":"2025-11-22T15:48:09","modified_gmt":"2025-11-22T15:48:09","slug":"reps-vai-dzezs-koncertu-apskats-nedelas-nogalei-lente-lv","status":"publish","type":"post","link":"https:\/\/www.europesays.com\/lv\/56146\/","title":{"rendered":"Reps vai d\u017eezs? Koncertu apskats ned\u0113\u013cas nogalei\u00a0\u2014\u00a0Lente.lv"},"content":{"rendered":"<p>Novembris: Repa vai D\u017eeza M\u0113nesis? Koncertu Ce\u013cvedis Ned\u0113\u013cai<\/p>\n<p>Lai gan valsts sv\u0113tku ros\u012bba ir aiz muguras, novembra v\u0113sums m\u016bs jau aicina mekl\u0113t siltumu un dv\u0113seles mieru kult\u016bras noris\u0113s. Ziemassv\u0113tku gaid\u012b\u0161anas laiks kl\u0101t, un pils\u0113t\u0101s jau par\u0101d\u0101s pirm\u0101s sv\u0113tku egles, tom\u0113r m\u016bzi\u0137i nest\u0101v mal\u0101 \u2013 vi\u0146i akt\u012bvi piepilda Latvijas kult\u016bras dz\u012bvi ar jauniem notikumiem.<\/p>\n<p>Repa Ener\u0123ija pret D\u017eeza Nomierino\u0161o Vilni<\/p>\n<p>Novembris, ar savu dr\u0113gno un bie\u017ei vien pel\u0113c\u012bgo noska\u0146u, liek aizdom\u0101ties par piem\u0113rot\u0101ko m\u016bzikas \u017eanru. Vai \u0161aj\u0101 laik\u0101 dv\u0113sele alkst p\u0113c repa dinamisk\u0101s ener\u0123ijas un aspr\u0101t\u012bgajiem tekstiem, vai tom\u0113r mekl\u0113 d\u017eeza nea\u0137et\u012bgo harmoniju un dzi\u013co intimit\u0101ti? Reps, ar savu ritmisko puls\u0101ciju un bie\u017ei vien soci\u0101liem vai person\u012bgiem st\u0101stiem, sp\u0113j uzmundrin\u0101t un sniegt sp\u0113ku, it k\u0101 saucot: \u201eCik v\u0113l varam iztur\u0113t, bet m\u0113s iztur\u0113sim!\u201d D\u017eezs, savuk\u0101rt, pied\u0101v\u0101 glu\u017ei pret\u0113ju \u2013 mieru, p\u0101rdomas un iesp\u0113ju pazust m\u016bzikas smalkaj\u0101s nians\u0113s, atg\u0101dinot, ka ar\u012b klusum\u0101 sl\u0113pjas liels sp\u0113ks.<\/p>\n<p>Koncertu Mar\u0161ruts Ned\u0113\u013cas Nogalei<\/p>\n<p>\u0160\u012bs ned\u0113\u013cas nogales pied\u0101v\u0101jums ir daudzveid\u012bgs, \u013caujot izv\u0113l\u0113ties starp abiem \u017eanriem vai pat baud\u012bt abus. R\u012bg\u0101 un cit\u0101s Latvijas pils\u0113t\u0101s norisin\u0101sies vair\u0101ki interesanti pas\u0101kumi, kas iepriec\u0113s gan repa, gan d\u017eeza cien\u012bt\u0101jus.<\/p>\n<p>Repa Apsveikumi<\/p>\n<p>Ja novembra dr\u0113gnum\u0101 v\u0113laties uz\u0146emt ener\u0123ijas devu, mekl\u0113jiet k\u0101du repa koncertu. Daudzi jaunie m\u0101kslinieki un jau atz\u012bti reperi pied\u0101v\u0101s savus jaun\u0101kos darbus un karst\u0101kos hitus. Sagaid\u0101mi gan ener\u0123iski priek\u0161nesumi, kas liks kust\u0113ties l\u012bdzi, gan ar\u012b dzi\u013c\u0101ki, st\u0101stnieciski gabali, kas liks aizdom\u0101ties. Koncerti bie\u017ei vien ir k\u0101 uzl\u0101de, kas pal\u012bdz p\u0101rvar\u0113t ikdienas izaicin\u0101jumus.<\/p>\n<p>D\u017eeza Medit\u0101cijas<\/p>\n<p>Tiem, kas mekl\u0113 mieru un intelektu\u0101lu baud\u012bjumu, d\u017eeza klubi un koncertz\u0101les pied\u0101v\u0101s bag\u0101t\u012bgu programmu. Novembr\u012b \u012bpa\u0161i izce\u013cas d\u017eeza m\u016bzi\u0137u sniegums, kuri ar sav\u0101m improviz\u0101cij\u0101m un izsmalcin\u0101taj\u0101m melodij\u0101m sp\u0113j rad\u012bt neaizmirstamu atmosf\u0113ru. \u0160\u0101di koncerti ir k\u0101 ce\u013cojums, kur\u0101 katrs ska\u0146darbs ir jauns atkl\u0101jums, \u013caujoties m\u016bzikas pl\u016bdumam un aizb\u0113got no ikdienas steigas.<\/p>\n<p>Izv\u0113le Tav\u0101 Zi\u0146\u0101<\/p>\n<p>Gala izv\u0113le, vai novembr\u012b klaus\u012bties repu vai d\u017eezu, protams, ir katra pa\u0161a zi\u0146\u0101. Abi \u017eanri sp\u0113j sniegt unik\u0101lu emocion\u0101lo un intelektu\u0101lo pieredzi. Reps var b\u016bt k\u0101 ugunskurs aukst\u0101 vakar\u0101, sildot un iedvesmojot, savuk\u0101rt d\u017eezs \u2013 k\u0101 mier\u012bga upe, kas nes sev l\u012bdzi p\u0101rdomas un harmoniju. Svar\u012bgi ir atrast to m\u016bziku, kas \u0161obr\u012bd vislab\u0101k saskan ar tavu iek\u0161\u0113jo pasauli un noska\u0146ojumu. Apmekl\u0113jiet koncertus, atkl\u0101jiet jaunus m\u0101ksliniekus un \u013caujiet m\u016bzikai bag\u0101tin\u0101t savu novembri!<\/p>\n","protected":false},"excerpt":{"rendered":"Novembris: Repa vai D\u017eeza M\u0113nesis? Koncertu Ce\u013cvedis Ned\u0113\u013cai Lai gan valsts sv\u0113tku ros\u012bba ir aiz muguras, novembra v\u0113sums&hellip;\n","protected":false},"author":2,"featured_media":56147,"comment_status":"","ping_status":"","sticky":false,"template":"","format":"standard","meta":{"footnotes":""},"categories":[19],"tags":[2659,89,90,2017,35,39,38,36,37,34,40,103,10580,15150],"class_list":{"0":"post-56146","1":"post","2":"type-post","3":"status-publish","4":"format-standard","5":"has-post-thumbnail","7":"category-izklaide","8":"tag-dzezs","9":"tag-entertainment","10":"tag-izklaide","11":"tag-koncerti","12":"tag-latvia","13":"tag-latvian","14":"tag-latviesu","15":"tag-latviesu-valoda","16":"tag-latviesuvaloda","17":"tag-latvija","18":"tag-lv","19":"tag-muzika","20":"tag-novembris","21":"tag-reps"},"share_on_mastodon":{"url":"https:\/\/pubeurope.com\/@lv\/115594140501177322","error":""},"_links":{"self":[{"href":"https:\/\/www.europesays.com\/lv\/wp-json\/wp\/v2\/posts\/56146","targetHints":{"allow":["GET"]}}],"collection":[{"href":"https:\/\/www.europesays.com\/lv\/wp-json\/wp\/v2\/posts"}],"about":[{"href":"https:\/\/www.europesays.com\/lv\/wp-json\/wp\/v2\/types\/post"}],"author":[{"embeddable":true,"href":"https:\/\/www.europesays.com\/lv\/wp-json\/wp\/v2\/users\/2"}],"replies":[{"embeddable":true,"href":"https:\/\/www.europesays.com\/lv\/wp-json\/wp\/v2\/comments?post=56146"}],"version-history":[{"count":0,"href":"https:\/\/www.europesays.com\/lv\/wp-json\/wp\/v2\/posts\/56146\/revisions"}],"wp:featuredmedia":[{"embeddable":true,"href":"https:\/\/www.europesays.com\/lv\/wp-json\/wp\/v2\/media\/56147"}],"wp:attachment":[{"href":"https:\/\/www.europesays.com\/lv\/wp-json\/wp\/v2\/media?parent=56146"}],"wp:term":[{"taxonomy":"category","embeddable":true,"href":"https:\/\/www.europesays.com\/lv\/wp-json\/wp\/v2\/categories?post=56146"},{"taxonomy":"post_tag","embeddable":true,"href":"https:\/\/www.europesays.com\/lv\/wp-json\/wp\/v2\/tags?post=56146"}],"curies":[{"name":"wp","href":"https:\/\/api.w.org\/{rel}","templated":true}]}}