{"id":56185,"date":"2025-11-22T16:40:10","date_gmt":"2025-11-22T16:40:10","guid":{"rendered":"https:\/\/www.europesays.com\/lv\/56185\/"},"modified":"2025-11-22T16:40:10","modified_gmt":"2025-11-22T16:40:10","slug":"piektdien-kaujas-sausanas-nodarbibas-laika-ievainots-nbs-karavirs","status":"publish","type":"post","link":"https:\/\/www.europesays.com\/lv\/56185\/","title":{"rendered":"Piektdien kaujas \u0161au\u0161anas nodarb\u012bbas laik\u0101 ievainots NBS karav\u012brs"},"content":{"rendered":"<p>Piektdien, 21. novembr\u012b, milit\u0101raj\u0101 poligon\u0101 &#8220;\u0100da\u017ei&#8221; kaujas \u0161au\u0161anas nodarb\u012bbas laik\u0101 \u0161autu ievainojumu guvis Nacion\u0101lo bru\u0146oto sp\u0113ku profesion\u0101l\u0101 dienesta karav\u012brs, a\u0123ent\u016bru LETA inform\u0113ja NBS Apvienot\u0101 \u0161t\u0101ba p\u0101rst\u0101vji.<\/p>\n<p>P\u0113c neatliekam\u0101s medic\u012bnisk\u0101s pal\u012bdz\u012bbas sa\u0146em\u0161anas karav\u012brs ievietots stacion\u0101r\u0101. Karav\u012bra st\u0101voklis ir stabils.<\/p>\n<p>Notiek dienesta izmekl\u0113\u0161ana. Milit\u0101raj\u0101 policij\u0101 ir s\u0101kts krimin\u0101lprocess par notiku\u0161o.<\/p>\n<p><img decoding=\"async\" src=\"https:\/\/www.europesays.com\/lv\/wp-content\/uploads\/2025\/11\/f577f9fe8f74ba351917145fe1bfef44.jpg\" title=\"Ilustrat\u012bvs att\u0113ls. Foto: Evija Trifanova\/LETA\" alt=\"Ilustrat\u012bvs att\u0113ls. Foto: Evija Trifanova\/LETA\"\/><\/p>\n<p class=\"article-img-desc\">Ilustrat\u012bvs att\u0113ls. Foto: Evija Trifanova\/LETA<\/p>\n","protected":false},"excerpt":{"rendered":"Piektdien, 21. novembr\u012b, milit\u0101raj\u0101 poligon\u0101 &#8220;\u0100da\u017ei&#8221; kaujas \u0161au\u0161anas nodarb\u012bbas laik\u0101 \u0161autu ievainojumu guvis Nacion\u0101lo bru\u0146oto sp\u0113ku profesion\u0101l\u0101 dienesta&hellip;\n","protected":false},"author":2,"featured_media":56186,"comment_status":"","ping_status":"","sticky":false,"template":"","format":"standard","meta":{"footnotes":""},"categories":[12],"tags":[129,2799,23,28,29,32,33,22,30,31,35,39,38,36,37,34,40,20,26,27,2800,2801,24,25,21],"class_list":{"0":"post-56185","1":"post","2":"type-post","3":"status-publish","4":"format-standard","5":"has-post-thumbnail","7":"category-latvija","8":"tag-__typenameadvicekeyword","9":"tag-id707","10":"tag-aktualitates","11":"tag-breaking-news","12":"tag-breakingnews","13":"tag-featured-news","14":"tag-featurednews","15":"tag-headlines","16":"tag-latest-news","17":"tag-latestnews","18":"tag-latvia","19":"tag-latvian","20":"tag-latviesu","21":"tag-latviesu-valoda","22":"tag-latviesuvaloda","23":"tag-latvija","24":"tag-lv","25":"tag-news","26":"tag-popularakas-zinas","27":"tag-popularakaszinas","28":"tag-slugmilitarie-speki","29":"tag-titlemilitarie-speki","30":"tag-top-stories","31":"tag-topstories","32":"tag-zinas"},"share_on_mastodon":{"url":"https:\/\/pubeurope.com\/@lv\/115594344776285695","error":""},"_links":{"self":[{"href":"https:\/\/www.europesays.com\/lv\/wp-json\/wp\/v2\/posts\/56185","targetHints":{"allow":["GET"]}}],"collection":[{"href":"https:\/\/www.europesays.com\/lv\/wp-json\/wp\/v2\/posts"}],"about":[{"href":"https:\/\/www.europesays.com\/lv\/wp-json\/wp\/v2\/types\/post"}],"author":[{"embeddable":true,"href":"https:\/\/www.europesays.com\/lv\/wp-json\/wp\/v2\/users\/2"}],"replies":[{"embeddable":true,"href":"https:\/\/www.europesays.com\/lv\/wp-json\/wp\/v2\/comments?post=56185"}],"version-history":[{"count":0,"href":"https:\/\/www.europesays.com\/lv\/wp-json\/wp\/v2\/posts\/56185\/revisions"}],"wp:featuredmedia":[{"embeddable":true,"href":"https:\/\/www.europesays.com\/lv\/wp-json\/wp\/v2\/media\/56186"}],"wp:attachment":[{"href":"https:\/\/www.europesays.com\/lv\/wp-json\/wp\/v2\/media?parent=56185"}],"wp:term":[{"taxonomy":"category","embeddable":true,"href":"https:\/\/www.europesays.com\/lv\/wp-json\/wp\/v2\/categories?post=56185"},{"taxonomy":"post_tag","embeddable":true,"href":"https:\/\/www.europesays.com\/lv\/wp-json\/wp\/v2\/tags?post=56185"}],"curies":[{"name":"wp","href":"https:\/\/api.w.org\/{rel}","templated":true}]}}