{"id":56203,"date":"2025-11-22T17:17:12","date_gmt":"2025-11-22T17:17:12","guid":{"rendered":"https:\/\/www.europesays.com\/lv\/56203\/"},"modified":"2025-11-22T17:17:12","modified_gmt":"2025-11-22T17:17:12","slug":"zelenskis-nekad-nav-bijis-tik-ievainojams-ka-tagad","status":"publish","type":"post","link":"https:\/\/www.europesays.com\/lv\/56203\/","title":{"rendered":"Zelenskis nekad nav bijis tik ievainojams k\u0101 tagad"},"content":{"rendered":"<p>Pirmo reizi opoz\u012bcija un da\u013ca no partijas &#8220;Tautas kalps&#8221; atkl\u0101ti pieprasa atlaist prezidenta biroja vad\u012bt\u0101ju Andriju Jermaku \u2013 Zelenska tuvinieku, kur\u0161 tiek uzskat\u012bts par p\u0101rm\u0113r\u012bgas varas koncentr\u0101cijas un iesp\u0113jamas saist\u012bbas ar korupciju simbolu.<\/p>\n<p>&#8220;Mums ir nepiecie\u0161ama vald\u012bbas att\u012br\u012b\u0161ana un sist\u0113miskas p\u0101rmai\u0146as. Un Jermakam ir j\u0101b\u016bt da\u013cai no t\u0101,&#8221; sac\u012bja deput\u0101ts Vladimirs Arijevs.<\/p>\n<p>Zelenskis atteic\u0101s atlaist Jermaku, neskatoties uz spiedienu no savas frakcijas. Korupcijas apkaro\u0161anas eksperti br\u012bdina, ka, ja prezidents neatst\u0101din\u0101s visas iesaist\u012bt\u0101s personas, vi\u0146\u0161 zaud\u0113s savu le\u0123itimit\u0101ti.<\/p>\n<p>&#8220;\u0160is ir jaut\u0101jums par Ukrainas valsts izdz\u012bvo\u0161anu,&#8221; sac\u012bja Neatkar\u012bg\u0101s pretkorupcijas komisijas \u0123ener\u0101lsekret\u0101re Olena Treguba.<\/p>\n<p>Ukrainas Nacion\u0101lais korupcijas apkaro\u0161anas birojs (NABU) gatavojas izvirz\u012bt jaunas aps\u016bdz\u012bbas, kas var\u0113tu v\u0113l vair\u0101k graut vald\u012bbas reput\u0101ciju.<\/p>\n<p>Anal\u012bti\u0137i nor\u0101da, ka Zelenskis vai nu demonstr\u0113s savu v\u0113lmi p\u0101rstart\u0113t sist\u0113mu, vai ar\u012b risk\u0113s zaud\u0113t p\u0113d\u0113j\u0101s sabiedr\u012bbas uztic\u012bbas paliekas laik\u0101, kad valsts p\u0101rdz\u012bvo vissmag\u0101kos kara p\u0101rbaud\u012bjumus.<\/p>\n<p>K\u0101 zi\u0146oja UNIAN, Baltais nams spie\u017e Ukrainu l\u012bdz ceturtdienai, 27. novembrim, pie\u0146emt jaunu &#8220;miera pl\u0101nu&#8221;, argument\u0113jot, ka sarunu iesp\u0113jas ir ierobe\u017eotas. ASV armijas sekret\u0101rs Daniels Driskols, tiekoties ar Eiropas diplom\u0101tiem, pazi\u0146oja, ka ir &#8220;optimistisks&#8221; un uzskata, ka &#8220;tagad ir laiks mieram&#8221;, ta\u010du br\u012bdin\u0101ja, ka Va\u0161ingtona neizr\u0101d\u012bs lielu elast\u012bbu.<\/p>\n<p>Ukrainai ir j\u0101izdara izv\u0113le starp amerik\u0101\u0146u 28 punktu pl\u0101nu un \u0101rk\u0101rt\u012bgi sare\u017e\u0123\u012btu ziemu. Ab\u0101m pus\u0113m ir p\u0101rliecino\u0161i iemesli tuvoties mieram, raksta &#8220;The New York Times&#8221;.<\/p>\n","protected":false},"excerpt":{"rendered":"Pirmo reizi opoz\u012bcija un da\u013ca no partijas &#8220;Tautas kalps&#8221; atkl\u0101ti pieprasa atlaist prezidenta biroja vad\u012bt\u0101ju Andriju Jermaku \u2013&hellip;\n","protected":false},"author":2,"featured_media":48112,"comment_status":"","ping_status":"","sticky":false,"template":"","format":"standard","meta":{"footnotes":""},"categories":[5],"tags":[23,28,29,32,33,22,74,30,31,35,39,38,36,37,34,40,20,26,27,24,25,276,178,21],"class_list":{"0":"post-56203","1":"post","2":"type-post","3":"status-publish","4":"format-standard","5":"has-post-thumbnail","7":"category-aktualitates","8":"tag-aktualitates","9":"tag-breaking-news","10":"tag-breakingnews","11":"tag-featured-news","12":"tag-featurednews","13":"tag-headlines","14":"tag-krievijas-iebrukums-ukraina","15":"tag-latest-news","16":"tag-latestnews","17":"tag-latvia","18":"tag-latvian","19":"tag-latviesu","20":"tag-latviesu-valoda","21":"tag-latviesuvaloda","22":"tag-latvija","23":"tag-lv","24":"tag-news","25":"tag-popularakas-zinas","26":"tag-popularakaszinas","27":"tag-top-stories","28":"tag-topstories","29":"tag-ukraina","30":"tag-volodimirs-zelenskis","31":"tag-zinas"},"share_on_mastodon":{"url":"https:\/\/pubeurope.com\/@lv\/115594490261627725","error":""},"_links":{"self":[{"href":"https:\/\/www.europesays.com\/lv\/wp-json\/wp\/v2\/posts\/56203","targetHints":{"allow":["GET"]}}],"collection":[{"href":"https:\/\/www.europesays.com\/lv\/wp-json\/wp\/v2\/posts"}],"about":[{"href":"https:\/\/www.europesays.com\/lv\/wp-json\/wp\/v2\/types\/post"}],"author":[{"embeddable":true,"href":"https:\/\/www.europesays.com\/lv\/wp-json\/wp\/v2\/users\/2"}],"replies":[{"embeddable":true,"href":"https:\/\/www.europesays.com\/lv\/wp-json\/wp\/v2\/comments?post=56203"}],"version-history":[{"count":0,"href":"https:\/\/www.europesays.com\/lv\/wp-json\/wp\/v2\/posts\/56203\/revisions"}],"wp:featuredmedia":[{"embeddable":true,"href":"https:\/\/www.europesays.com\/lv\/wp-json\/wp\/v2\/media\/48112"}],"wp:attachment":[{"href":"https:\/\/www.europesays.com\/lv\/wp-json\/wp\/v2\/media?parent=56203"}],"wp:term":[{"taxonomy":"category","embeddable":true,"href":"https:\/\/www.europesays.com\/lv\/wp-json\/wp\/v2\/categories?post=56203"},{"taxonomy":"post_tag","embeddable":true,"href":"https:\/\/www.europesays.com\/lv\/wp-json\/wp\/v2\/tags?post=56203"}],"curies":[{"name":"wp","href":"https:\/\/api.w.org\/{rel}","templated":true}]}}