{"id":56204,"date":"2025-11-22T17:22:11","date_gmt":"2025-11-22T17:22:11","guid":{"rendered":"https:\/\/www.europesays.com\/lv\/56204\/"},"modified":"2025-11-22T17:22:11","modified_gmt":"2025-11-22T17:22:11","slug":"foto-%e2%9f%a9-muziba-tiek-pavadits-pasaules-apcelotajs-karlis-bardelis","status":"publish","type":"post","link":"https:\/\/www.europesays.com\/lv\/56204\/","title":{"rendered":"FOTO \u27e9 M\u016b\u017e\u012bb\u0101 tiek pavad\u012bts pasaules apce\u013cot\u0101js K\u0101rlis Bardelis"},"content":{"rendered":"<p>1985. gad\u0101 dzimu\u0161ais Bardelis m\u016b\u017e\u012bb\u0101 dev\u0101s 17. novembra r\u012bt\u0101.<\/p>\n<p>K\u0101rlis ir zin\u0101ms k\u0101 cilv\u0113ks, kur\u0161 airu laiv\u0101 \u0161\u0137\u0113rsoja Kluso oke\u0101nu no Dienvidamerikas l\u012bdz \u0100zijai. Eksped\u012bcija ilga 715 dienas, un t\u0101s laik\u0101 tika veikti 26 673 kilometri.<\/p>\n<p>Kopienas &#8220;Bored of Borders&#8221; vad\u012bt\u0101jam Bardelim pieder\u0113ja se\u0161i Ginesa Pasaules rekordi, jo vi\u0146\u0161 devi\u0146us gadus ce\u013coja apk\u0101rt pasaulei bez motora, bur\u0101m, vai citiem pal\u012bgl\u012bdzek\u013ciem.<\/p>\n<p>Pag\u0101ju\u0161\u0101 gada apr\u012bl\u012b vi\u0146\u0161\u2026<\/p>\n","protected":false},"excerpt":{"rendered":"1985. gad\u0101 dzimu\u0161ais Bardelis m\u016b\u017e\u012bb\u0101 dev\u0101s 17. novembra r\u012bt\u0101. K\u0101rlis ir zin\u0101ms k\u0101 cilv\u0113ks, kur\u0161 airu laiv\u0101 \u0161\u0137\u0113rsoja&hellip;\n","protected":false},"author":2,"featured_media":56119,"comment_status":"","ping_status":"","sticky":false,"template":"","format":"standard","meta":{"footnotes":""},"categories":[12],"tags":[23,28,29,32,33,22,2161,14400,15143,30,31,35,39,38,36,37,34,40,20,26,27,24,25,4019,15161,1324,21],"class_list":{"0":"post-56204","1":"post","2":"type-post","3":"status-publish","4":"format-standard","5":"has-post-thumbnail","7":"category-latvija","8":"tag-aktualitates","9":"tag-breaking-news","10":"tag-breakingnews","11":"tag-featured-news","12":"tag-featurednews","13":"tag-headlines","14":"tag-in-memoriam","15":"tag-karlis-bardelis","16":"tag-karlis-bardelis-apkart-pasaulei","17":"tag-latest-news","18":"tag-latestnews","19":"tag-latvia","20":"tag-latvian","21":"tag-latviesu","22":"tag-latviesu-valoda","23":"tag-latviesuvaloda","24":"tag-latvija","25":"tag-lv","26":"tag-news","27":"tag-popularakas-zinas","28":"tag-popularakaszinas","29":"tag-top-stories","30":"tag-topstories","31":"tag-tvnet-saturs","32":"tag-tvnet","33":"tag-tvnet-sports","34":"tag-zinas"},"share_on_mastodon":{"url":"https:\/\/pubeurope.com\/@lv\/115594509822533664","error":""},"_links":{"self":[{"href":"https:\/\/www.europesays.com\/lv\/wp-json\/wp\/v2\/posts\/56204","targetHints":{"allow":["GET"]}}],"collection":[{"href":"https:\/\/www.europesays.com\/lv\/wp-json\/wp\/v2\/posts"}],"about":[{"href":"https:\/\/www.europesays.com\/lv\/wp-json\/wp\/v2\/types\/post"}],"author":[{"embeddable":true,"href":"https:\/\/www.europesays.com\/lv\/wp-json\/wp\/v2\/users\/2"}],"replies":[{"embeddable":true,"href":"https:\/\/www.europesays.com\/lv\/wp-json\/wp\/v2\/comments?post=56204"}],"version-history":[{"count":0,"href":"https:\/\/www.europesays.com\/lv\/wp-json\/wp\/v2\/posts\/56204\/revisions"}],"wp:featuredmedia":[{"embeddable":true,"href":"https:\/\/www.europesays.com\/lv\/wp-json\/wp\/v2\/media\/56119"}],"wp:attachment":[{"href":"https:\/\/www.europesays.com\/lv\/wp-json\/wp\/v2\/media?parent=56204"}],"wp:term":[{"taxonomy":"category","embeddable":true,"href":"https:\/\/www.europesays.com\/lv\/wp-json\/wp\/v2\/categories?post=56204"},{"taxonomy":"post_tag","embeddable":true,"href":"https:\/\/www.europesays.com\/lv\/wp-json\/wp\/v2\/tags?post=56204"}],"curies":[{"name":"wp","href":"https:\/\/api.w.org\/{rel}","templated":true}]}}