{"id":56216,"date":"2025-11-22T17:49:16","date_gmt":"2025-11-22T17:49:16","guid":{"rendered":"https:\/\/www.europesays.com\/lv\/56216\/"},"modified":"2025-11-22T17:49:16","modified_gmt":"2025-11-22T17:49:16","slug":"lielmeistars-guntis-valneris-izcina-bronzu-pasaules-cempionata-100-laucinu-dambrete-kina-lente-lv","status":"publish","type":"post","link":"https:\/\/www.europesays.com\/lv\/56216\/","title":{"rendered":"Lielmeistars Guntis Valneris izc\u012bna bronzu pasaules \u010dempion\u0101t\u0101 100 lauci\u0146u dambret\u0113 \u0136\u012bn\u0101\u00a0\u2014\u00a0Lente.lv"},"content":{"rendered":"<p>Par Gunti Valneri un vi\u0146a jauno pan\u0101kumu<\/p>\n<p>Latvijas godu starptautiskaj\u0101 dambretes ar\u0113n\u0101 atkal pagodin\u0101jis talant\u012bgais lielmeistars Guntis Valneris, izc\u012bnot iespaid\u012bgu bronzas meda\u013cu pasaules \u010dempion\u0101t\u0101 100 lauci\u0146u dambret\u0113. \u0160is presti\u017eais notikums, kas risin\u0101j\u0101s Liandu-Lishui pils\u0113t\u0101, \u0136\u012bn\u0101, pulc\u0113ja 41 dal\u012bbnieku no desmit da\u017e\u0101d\u0101m valst\u012bm, apliecinot Valne\u0157a sp\u0113ju konkur\u0113t pa\u0161\u0101 dambretes pasaules virsotn\u0113. Vi\u0146a pan\u0101kums ir ne tikai person\u012bgs sasniegums, bet ar\u012b liels prieka avots visai Latvijas dambretes kopienai.<\/p>\n<p>Spraiga c\u012b\u0146a par godalg\u0101m<\/p>\n<p>Sacens\u012bbu gaisotne \u0136\u012bn\u0101 bija pies\u0101tin\u0101ta ar spriedzi un r\u016bp\u012bgi izsv\u0113rtiem g\u0101jieniem, jo katrs dal\u012bbnieks cent\u0101s demonstr\u0113t savu meistar\u012bbu un strat\u0113\u0123isko dom\u0101\u0161anu. Guntis Valneris demonstr\u0113ja ne tikai stabilu sniegumu, bet ar\u012b sp\u0113ju iztur\u0113t milz\u012bgo spiedienu, kas rakstur\u012bgs pasaules m\u0113roga turn\u012briem. Nosl\u0113gum\u0101 vi\u0146\u0161 ieguva 12 punktus, kas, pateicoties p\u0101r\u0101kajiem papildu r\u0101d\u012bt\u0101jiem, vi\u0146am nodro\u0161in\u0101ja godpilno tre\u0161o vietu un bronzas meda\u013cu. Par \u010dempiona titulu s\u012bvi c\u012bn\u012bj\u0101s N\u012bderlandes lielmeistars Jitse Slumps, kur\u0161 ar 14 punktiem p\u0101rliecino\u0161i ie\u0146\u0113ma pirmo vietu, savuk\u0101rt otr\u0101 vieta tika Izra\u0113las p\u0101rst\u0101vim Aleksandram \u0160varcmanam, kur\u0161 ar\u012b iekr\u0101ja 12 punktus, ta\u010du ar nedaudz zem\u0101kiem koeficientiem. Latvijas otrs p\u0101rst\u0101vis turn\u012br\u0101, meistars Vsevolods Mitr\u0113vi\u010ds, ar devi\u0146iem punktiem ie\u0146\u0113ma 17. vietu.<\/p>\n<p>Guntis Valneris \u2013 dambretes le\u0123enda<\/p>\n<p>\u0160is bronzas pan\u0101kums ir v\u0113l viens spilgts akcents Guntim Valnerim pied\u0113v\u0113taj\u0101 iespaid\u012bgaj\u0101 titulu un godalgu kolekcij\u0101. Vi\u0146a v\u0101rds dambretes v\u0113stur\u0113 ir ierakst\u012bts zelta burtiem jau kop\u0161 1994. gada, kad vi\u0146\u0161 pirmo reizi k\u013cuva par pasaules \u010dempionu starptautiskaj\u0101 dambret\u0113. L\u012bdz \u0161im vi\u0146\u0161 ir divreiz ieguvis Eiropas \u010dempiona titulu (1992. un 2008. gad\u0101), k\u0101 ar\u012b divreiz triumf\u0113jis pasaules \u010dempion\u0101t\u0101 \u0101trsp\u0113l\u0113 (1999. un 2007. gad\u0101). Papildus tam Valneris ir tr\u012bs reizes bijis nep\u0101rsp\u0113ts Pasaules kausa kopv\u0113rt\u0113jum\u0101 (2015., 2016. un 2024. gad\u0101), apliecinot savu ilgsto\u0161o dominanci sporta veid\u0101, kas prasa gan dzi\u013cu strat\u0113\u0123isko dom\u0101\u0161anu, gan ar\u012b sp\u0113ju \u0101tri pie\u0146emt l\u0113mumus. Vi\u0146a sp\u0113l\u0113tprasme ir nesaraujami saist\u012bta ar pr\u0101ta asumu un izcilu izpratni par sp\u0113les nians\u0113m, kas \u013cauj vi\u0146am saglab\u0101t sp\u0113c\u012bgu poz\u012bciju dambretes pasaules elites vid\u016b.<\/p>\n<p>Latvijas dambretisti pasaules ar\u0113n\u0101<\/p>\n<p>Latvijas Dambretes feder\u0101cijas p\u0101rst\u0101vji paudu\u0161i gandar\u012bjumu par Guntim Valnerim sasniegto rezult\u0101tu, uzsverot, ka vi\u0146a pan\u0101kumi iedvesmo jaunos sportistus un populariz\u0113 dambreti Latvij\u0101. \u0160is \u010dempion\u0101ts nebija vien\u012bgais \u0161\u012b gada noz\u012bm\u012bgais notikums Valnerim \u2013 vi\u0146\u0161 jau iepriek\u0161 \u0161ogad uzvar\u0113jis Eiropas \u010dempion\u0101t\u0101 un pasaules \u010dempion\u0101t\u0101 \u0101trsp\u0113l\u0113, bet pasaules \u010dempion\u0101t\u0101 ar klasisko laika kontroli izc\u012bn\u012bjis 3. vietu. Lai gan turn\u012brs notika \u0136\u012bn\u0101, t\u0101 starptautiskais raksturs un dal\u012bbnieku pla\u0161ais \u0123eogr\u0101fiskais p\u0101rkl\u0101jums \u2013 s\u0101kot no Eiropas valst\u012bm l\u012bdz pat \u0100frikai un \u0100zijai \u2013 apliecina dambretes k\u0101 glob\u0101la sporta veida statusu.<\/p>\n","protected":false},"excerpt":{"rendered":"Par Gunti Valneri un vi\u0146a jauno pan\u0101kumu Latvijas godu starptautiskaj\u0101 dambretes ar\u0113n\u0101 atkal pagodin\u0101jis talant\u012bgais lielmeistars Guntis Valneris,&hellip;\n","protected":false},"author":2,"featured_media":56217,"comment_status":"","ping_status":"","sticky":false,"template":"","format":"standard","meta":{"footnotes":""},"categories":[17],"tags":[15164,3701,10713,14812,35,39,38,36,37,34,40,844,67],"class_list":{"0":"post-56216","1":"post","2":"type-post","3":"status-publish","4":"format-standard","5":"has-post-thumbnail","7":"category-sports","8":"tag-100-laucinu-dambrete","9":"tag-bronzas-medala","10":"tag-dambrete","11":"tag-guntis-valneris","12":"tag-latvia","13":"tag-latvian","14":"tag-latviesu","15":"tag-latviesu-valoda","16":"tag-latviesuvaloda","17":"tag-latvija","18":"tag-lv","19":"tag-pasaules-cempionats","20":"tag-sports"},"share_on_mastodon":{"url":"https:\/\/pubeurope.com\/@lv\/115594616099241260","error":""},"_links":{"self":[{"href":"https:\/\/www.europesays.com\/lv\/wp-json\/wp\/v2\/posts\/56216","targetHints":{"allow":["GET"]}}],"collection":[{"href":"https:\/\/www.europesays.com\/lv\/wp-json\/wp\/v2\/posts"}],"about":[{"href":"https:\/\/www.europesays.com\/lv\/wp-json\/wp\/v2\/types\/post"}],"author":[{"embeddable":true,"href":"https:\/\/www.europesays.com\/lv\/wp-json\/wp\/v2\/users\/2"}],"replies":[{"embeddable":true,"href":"https:\/\/www.europesays.com\/lv\/wp-json\/wp\/v2\/comments?post=56216"}],"version-history":[{"count":0,"href":"https:\/\/www.europesays.com\/lv\/wp-json\/wp\/v2\/posts\/56216\/revisions"}],"wp:featuredmedia":[{"embeddable":true,"href":"https:\/\/www.europesays.com\/lv\/wp-json\/wp\/v2\/media\/56217"}],"wp:attachment":[{"href":"https:\/\/www.europesays.com\/lv\/wp-json\/wp\/v2\/media?parent=56216"}],"wp:term":[{"taxonomy":"category","embeddable":true,"href":"https:\/\/www.europesays.com\/lv\/wp-json\/wp\/v2\/categories?post=56216"},{"taxonomy":"post_tag","embeddable":true,"href":"https:\/\/www.europesays.com\/lv\/wp-json\/wp\/v2\/tags?post=56216"}],"curies":[{"name":"wp","href":"https:\/\/api.w.org\/{rel}","templated":true}]}}