{"id":56220,"date":"2025-11-22T17:59:09","date_gmt":"2025-11-22T17:59:09","guid":{"rendered":"https:\/\/www.europesays.com\/lv\/56220\/"},"modified":"2025-11-22T17:59:09","modified_gmt":"2025-11-22T17:59:09","slug":"bobslejisti-sezonu-sak-arpus-desmitnieka-kortina-viss-pjedestals-vaciesiem-ziemas-sports-sportacentrs-com","status":"publish","type":"post","link":"https:\/\/www.europesays.com\/lv\/56220\/","title":{"rendered":"Bobslejisti sezonu s\u0101k \u0101rpus desmitnieka, Kort\u012bn\u0101 viss pjedest\u0101ls v\u0101cie\u0161iem \u2013 Ziemas sports \u2013 Sportacentrs.com"},"content":{"rendered":"<p>J\u0113kabs Kalenda un Arnis Bebri\u0161s pirmaj\u0101 braucien\u0101 startu veica 4.92 sekund\u0113s, kas bija 16. \u0101tr\u0101kais laiks, un fini\u0161u sasniedza 12. poz\u012bcij\u0101. Otraj\u0101 braucien\u0101 vi\u0146iem par div\u0101m simtda\u013c\u0101m l\u0113n\u0101ks starts (ta\u010du dal\u012bta 11. vieta) un tikai 15. laiks fini\u0161\u0101.<\/p>\n<p>Summ\u0101 Latvijas divnieks atk\u0101p\u0101s uz 13. poz\u012bciju \u2013 nieka simtda\u013cu priek\u0161\u0101 Rum\u0101nijas un \u0136\u012bnas pilotiem Mihajam Centjam un Kaid\u017ei Su\u0146am un tikai tr\u012bs simtda\u013cas aiz fran\u010du pilota Rom\u0113na Enri\u0161a. Ja p\u0113c pirm\u0101 brauciena Kalenda no lab\u0101ko desmitnieka atpalika tikai asto\u0146as simtda\u013cas, tad p\u0113c otr\u0101 brauciena \u2013 jau 36 simtda\u013cas.<\/p>\n<p>Ren\u0101rs Granti\u0146\u0161 un Edgars Ungurs pirmaj\u0101 braucien\u0101 uzst\u016bma 13. startu (4.91 sekunde, apsteidzot ar\u012b tautie\u0161us), tom\u0113r fini\u0161\u0101 bija 23. viet\u0101 un otrajam braucienam nekvalific\u0113j\u0101s, no lab\u0101ko divdesmitnieka atpaliekot piecas simtda\u013cas.<\/p>\n<p>V\u0101cija aiz\u0146\u0113ma visu lab\u0101ko trijnieku \u2013 abos braucienos \u0101tr\u0101kais bija Johannesa Lohnera divnieks, abos braucienos otrais bija Fran\u010desko Fr\u012bdrihs, un abos braucienos tre\u0161ais bija \u0100dams Amm\u016brs. Vi\u0146iem sekoja Dienvidkorejas un ASV ekip\u0101\u017eas.<\/p>\n<p>R\u012bt plkst. 14.30 p\u0113c Latvijas laika s\u0101ksies \u010detrinieku sacens\u012bbas. Ar\u012b taj\u0101s Latvijai b\u016bs divas ekip\u0101\u017eas.<\/p>\n<p>Pasaules kausa 1. posms Kort\u012bn\u0101 d&#8217;Ampeco, bobsleja divnieki<\/p>\n<tr>VEkip\u0101\u017eaValstsLaiks<\/tr>\n<tr class=\"even\">\n<td>1.<\/td>\n<td>Lohners\/Flai\u0161hauers<\/td>\n<td>V\u0101cija<\/td>\n<td class=\"ralign\">1:51.15<\/td>\n<\/tr>\n<tr class=\"odd\">\n<td>2.<\/td>\n<td>Fr\u012bdrihs\/\u0160illers<\/td>\n<td>V\u0101cija<\/td>\n<td class=\"ralign\">+0.34<\/td>\n<\/tr>\n<tr class=\"even\">\n<td>3.<\/td>\n<td>Amm\u016brs\/\u0160allers<\/td>\n<td>V\u0101cija<\/td>\n<td class=\"ralign\">+0.60<\/td>\n<\/tr>\n<tr class=\"odd\">\n<td>4.<\/td>\n<td>Kims\/Kims<\/td>\n<td>Dienvidkoreja<\/td>\n<td class=\"ralign\">+1.05<\/td>\n<\/tr>\n<tr class=\"even\">\n<td>5.<\/td>\n<td>Del Duka\/Viljamsons<\/td>\n<td>ASV<\/td>\n<td class=\"ralign\">+1.14<\/td>\n<\/tr>\n<tr class=\"odd\">\n<td>6.<\/td>\n<td>Hols\/Batervorts<\/td>\n<td>Lielbrit\u0101nija<\/td>\n<td class=\"ralign\">+1.34<\/td>\n<\/tr>\n<tr class=\"even\">\n<td>7.<\/td>\n<td>Baumgartners\/Mir\u010da<\/td>\n<td>It\u0101lija<\/td>\n<td class=\"ralign\">+1.38<\/td>\n<\/tr>\n<tr class=\"odd\">\n<td>8.<\/td>\n<td>Folladors\/F\u0113gele<\/td>\n<td>\u0160veice<\/td>\n<td class=\"ralign\">+1.41<\/td>\n<\/tr>\n<tr class=\"even\">\n<td>9.<\/td>\n<td>Fogts\/H\u0101ss<\/td>\n<td>\u0160veice<\/td>\n<td class=\"ralign\">+1.43<\/td>\n<\/tr>\n<tr class=\"odd\">\n<td>10.<\/td>\n<td>Traihls\/Stepans<\/td>\n<td>Austrija<\/td>\n<td class=\"ralign\">+1.44<\/td>\n<\/tr>\n<tr class=\"even\">\n<td>13.<\/td>\n<td>Kalenda\/Bebri\u0161s<\/td>\n<td>Latvija<\/td>\n<td class=\"ralign\">+1.80<\/td>\n<\/tr>\n<tr class=\"odd\">\n<td>23.<\/td>\n<td>Granti\u0146\u0161\/Ungurs<\/td>\n<td>Latvija<\/td>\n<td class=\"ralign\">1. brauciens<\/td>\n<\/tr>\n<p>Piedal\u012bj\u0101s 31 ekip\u0101\u017ea<\/p>\n<p>Izmantotie resursi:<br \/><a target=\"_blank\" href=\"https:\/\/www.ibsf.org\/en\/result\/504942\/?cHash=b2922bc534a046fe8b869cab5e8f1a7c\" rel=\"nofollow noopener\">https:\/\/www.ibsf.org\/en\/result\/5049&#8230;<\/a><\/p>\n","protected":false},"excerpt":{"rendered":"J\u0113kabs Kalenda un Arnis Bebri\u0161s pirmaj\u0101 braucien\u0101 startu veica 4.92 sekund\u0113s, kas bija 16. \u0101tr\u0101kais laiks, un fini\u0161u&hellip;\n","protected":false},"author":2,"featured_media":56221,"comment_status":"","ping_status":"","sticky":false,"template":"","format":"standard","meta":{"footnotes":""},"categories":[5],"tags":[23,28,29,32,33,22,30,31,35,39,38,36,37,34,40,20,26,27,24,25,620,21],"class_list":{"0":"post-56220","1":"post","2":"type-post","3":"status-publish","4":"format-standard","5":"has-post-thumbnail","7":"category-aktualitates","8":"tag-aktualitates","9":"tag-breaking-news","10":"tag-breakingnews","11":"tag-featured-news","12":"tag-featurednews","13":"tag-headlines","14":"tag-latest-news","15":"tag-latestnews","16":"tag-latvia","17":"tag-latvian","18":"tag-latviesu","19":"tag-latviesu-valoda","20":"tag-latviesuvaloda","21":"tag-latvija","22":"tag-lv","23":"tag-news","24":"tag-popularakas-zinas","25":"tag-popularakaszinas","26":"tag-top-stories","27":"tag-topstories","28":"tag-ziemas-sports","29":"tag-zinas"},"share_on_mastodon":{"url":"https:\/\/pubeurope.com\/@lv\/115594655418288607","error":""},"_links":{"self":[{"href":"https:\/\/www.europesays.com\/lv\/wp-json\/wp\/v2\/posts\/56220","targetHints":{"allow":["GET"]}}],"collection":[{"href":"https:\/\/www.europesays.com\/lv\/wp-json\/wp\/v2\/posts"}],"about":[{"href":"https:\/\/www.europesays.com\/lv\/wp-json\/wp\/v2\/types\/post"}],"author":[{"embeddable":true,"href":"https:\/\/www.europesays.com\/lv\/wp-json\/wp\/v2\/users\/2"}],"replies":[{"embeddable":true,"href":"https:\/\/www.europesays.com\/lv\/wp-json\/wp\/v2\/comments?post=56220"}],"version-history":[{"count":0,"href":"https:\/\/www.europesays.com\/lv\/wp-json\/wp\/v2\/posts\/56220\/revisions"}],"wp:featuredmedia":[{"embeddable":true,"href":"https:\/\/www.europesays.com\/lv\/wp-json\/wp\/v2\/media\/56221"}],"wp:attachment":[{"href":"https:\/\/www.europesays.com\/lv\/wp-json\/wp\/v2\/media?parent=56220"}],"wp:term":[{"taxonomy":"category","embeddable":true,"href":"https:\/\/www.europesays.com\/lv\/wp-json\/wp\/v2\/categories?post=56220"},{"taxonomy":"post_tag","embeddable":true,"href":"https:\/\/www.europesays.com\/lv\/wp-json\/wp\/v2\/tags?post=56220"}],"curies":[{"name":"wp","href":"https:\/\/api.w.org\/{rel}","templated":true}]}}