{"id":56237,"date":"2025-11-22T18:37:10","date_gmt":"2025-11-22T18:37:10","guid":{"rendered":"https:\/\/www.europesays.com\/lv\/56237\/"},"modified":"2025-11-22T18:37:10","modified_gmt":"2025-11-22T18:37:10","slug":"pec-sis-sezonas-kriss-pols-noslegs-karjeru","status":"publish","type":"post","link":"https:\/\/www.europesays.com\/lv\/56237\/","title":{"rendered":"P\u0113c \u0161\u012bs sezonas Kriss Pols nosl\u0113gs karjeru"},"content":{"rendered":"<p>Vasar\u0101 par tobr\u012bd br\u012bv\u0101 a\u0123enta Pola piesaist\u012b\u0161anu interes\u0113j\u0101s vair\u0101kas komandas, ta\u010du basketbolists izv\u0113l\u0113j\u0101s atgriezties iepriek\u0161 p\u0101rst\u0101v\u0113taj\u0101 Losand\u017eelosas &#8220;Clippers&#8221; vien\u012bb\u0101. Losand\u017eelos\u0101 dz\u012bvo Pola \u0123imene.<\/p>\n<p>\u0160aj\u0101 sezon\u0101 Pols desmit ma\u010dos vid\u0113ji 14 min\u016bt\u0113s guvis 2,5 punktus, atdevis 3,3 rezultat\u012bvas piesp\u0113les un izc\u012bn\u012bjis 1,8 atl\u0113ku\u0161\u0101s bumbas.<\/p>\n<p>No sav\u0101m iepriek\u0161\u0113j\u0101m 20 sezon\u0101m <a href=\"https:\/\/www.apollo.lv\/term\/10004\/nba\" class=\"topicLink\" target=\"_blank\" rel=\"nofollow noopener\">NBA<\/a> Pols &#8220;Clippers&#8221; rind\u0101s sp\u0113l\u0113ja no 2011. l\u012bdz 2017. gadam. \u0160aj\u0101 laik\u0101 vi\u0146\u0161 piecreiz tika iek\u013cauts sezonas simboliskaj\u0101s izlas\u0113s, kas ir kluba rekords. T\u0101pat vi\u0146\u0161 ir &#8220;Clippers&#8221; rekordists rezultat\u012bvaj\u0101s piesp\u0113l\u0113s.<\/p>\n<p>Visu zvaig\u017e\u0146u sp\u0113l\u0113s Pols piedal\u012bjies 12 reizes un sezonas simboliskaj\u0101s izlas\u0113s iek\u013cauts 11 reizes. Pols ar\u012b devi\u0146as reizes nomin\u0113ts starp l\u012bgas lab\u0101kajiem sezonas sp\u0113l\u0113t\u0101jiem aizsardz\u012bb\u0101.<\/p>\n<p>Iepriek\u0161\u0113j\u0101 sezon\u0101 Pols p\u0101rst\u0101v\u0113ja Sanantonio &#8220;Spurs&#8221; un piedal\u012bj\u0101s vis\u0101s 82 pamatturn\u012bra sp\u0113l\u0113s. Vid\u0113ji 28 min\u016bt\u0113s ma\u010d\u0101 vi\u0146\u0161 guva 8,8 punktus, atdeva 7,4 rezultat\u012bvas piesp\u0113les, izc\u012bn\u012bja 3,6 atl\u0113ku\u0161\u0101s bumbas un p\u0101rtv\u0113ra 1,3 bumbas.<\/p>\n<p>Ar 12 532 rezultat\u012bv\u0101m piesp\u0113l\u0113m un 2 727 p\u0101rtvert\u0101m bumb\u0101m Pols \u0161ajos statistikas r\u0101d\u012bt\u0101jos ie\u0146em otro vietu l\u012bg\u0101, ta\u010du D\u017eons Stoktons \u0161osezon vi\u0146am ir neaizsniedzams.<\/p>\n","protected":false},"excerpt":{"rendered":"Vasar\u0101 par tobr\u012bd br\u012bv\u0101 a\u0123enta Pola piesaist\u012b\u0161anu interes\u0113j\u0101s vair\u0101kas komandas, ta\u010du basketbolists izv\u0113l\u0113j\u0101s atgriezties iepriek\u0161 p\u0101rst\u0101v\u0113taj\u0101 Losand\u017eelosas &#8220;Clippers&#8221;&hellip;\n","protected":false},"author":2,"featured_media":56238,"comment_status":"","ping_status":"","sticky":false,"template":"","format":"standard","meta":{"footnotes":""},"categories":[17],"tags":[145,15166,35,39,38,36,37,34,40,1258,67],"class_list":{"0":"post-56237","1":"post","2":"type-post","3":"status-publish","4":"format-standard","5":"has-post-thumbnail","7":"category-sports","8":"tag-basketbols","9":"tag-kriss-pols","10":"tag-latvia","11":"tag-latvian","12":"tag-latviesu","13":"tag-latviesu-valoda","14":"tag-latviesuvaloda","15":"tag-latvija","16":"tag-lv","17":"tag-nba","18":"tag-sports"},"share_on_mastodon":{"url":"https:\/\/pubeurope.com\/@lv\/115594804830686537","error":""},"_links":{"self":[{"href":"https:\/\/www.europesays.com\/lv\/wp-json\/wp\/v2\/posts\/56237","targetHints":{"allow":["GET"]}}],"collection":[{"href":"https:\/\/www.europesays.com\/lv\/wp-json\/wp\/v2\/posts"}],"about":[{"href":"https:\/\/www.europesays.com\/lv\/wp-json\/wp\/v2\/types\/post"}],"author":[{"embeddable":true,"href":"https:\/\/www.europesays.com\/lv\/wp-json\/wp\/v2\/users\/2"}],"replies":[{"embeddable":true,"href":"https:\/\/www.europesays.com\/lv\/wp-json\/wp\/v2\/comments?post=56237"}],"version-history":[{"count":0,"href":"https:\/\/www.europesays.com\/lv\/wp-json\/wp\/v2\/posts\/56237\/revisions"}],"wp:featuredmedia":[{"embeddable":true,"href":"https:\/\/www.europesays.com\/lv\/wp-json\/wp\/v2\/media\/56238"}],"wp:attachment":[{"href":"https:\/\/www.europesays.com\/lv\/wp-json\/wp\/v2\/media?parent=56237"}],"wp:term":[{"taxonomy":"category","embeddable":true,"href":"https:\/\/www.europesays.com\/lv\/wp-json\/wp\/v2\/categories?post=56237"},{"taxonomy":"post_tag","embeddable":true,"href":"https:\/\/www.europesays.com\/lv\/wp-json\/wp\/v2\/tags?post=56237"}],"curies":[{"name":"wp","href":"https:\/\/api.w.org\/{rel}","templated":true}]}}