{"id":56284,"date":"2025-11-22T20:23:09","date_gmt":"2025-11-22T20:23:09","guid":{"rendered":"https:\/\/www.europesays.com\/lv\/56284\/"},"modified":"2025-11-22T20:23:09","modified_gmt":"2025-11-22T20:23:09","slug":"baltijas-un-ziemelvalstu-lideri-apnemas-turpinat-ukrainas-apbrunosanu","status":"publish","type":"post","link":"https:\/\/www.europesays.com\/lv\/56284\/","title":{"rendered":"Baltijas un Zieme\u013cvalstu l\u012bderi ap\u0146emas turpin\u0101t Ukrainas apbru\u0146o\u0161anu"},"content":{"rendered":"<p>&#8220;M\u0113s turpin\u0101sim apbru\u0146ot Ukrainu un stiprin\u0101t Eiropas aizsardz\u012bbu, lai attur\u0113tu t\u0101l\u0101ku Krievijas agresiju. Kam\u0113r Krievija turpin\u0101s savu karu pret Ukrainu, m\u0113s atbalst\u012bsim ar\u012b sankciju un pla\u0161\u0101ku ekonomisko pas\u0101kumu stiprin\u0101\u0161anu,&#8221; ap\u0146em\u0161anos pau\u017e Baltijas valstu un NB8 l\u012bderi, v\u0113r\u0161oties pie Ukrainas iedz\u012bvot\u0101jiem, akcent\u0113jot vi\u0146u ap\u0146\u0113m\u012bbu, izl\u0113m\u012bbu un drosmi kop\u0161 pa\u0161a kara s\u0101kuma. &#8220;M\u0113s v\u0113lamies, lai j\u016bs zin\u0101tu, ka neesat vieni un varat pa\u013cauties uz m\u016bsu atbalstu.&#8221;<\/p>\n<blockquote class=\"twitter-tweet\">\n<p lang=\"lv\" dir=\"ltr\">Latvija kop\u0101 ar p\u0101r\u0113j\u0101m Baltijas un Zieme\u013cvalst\u012bm st\u0101v plecu pie pleca ar Ukrainu.<\/p>\n<p>M\u0113s turpin\u0101m str\u0101d\u0101t pie pl\u0101na, kas pal\u012bdz\u0113s pan\u0101kt taisn\u012bgu un notur\u012bgu mieru Ukrain\u0101, vienlaikus stiprinot Eiropas dro\u0161\u012bbu.<\/p>\n<p>NB8 valstu l\u012bderu pazi\u0146ojums \u2b07\ufe0f <a href=\"https:\/\/t.co\/cNt625amAO\" rel=\"nofollow\">https:\/\/t.co\/cNt625amAO<\/a><\/p>\n<p>\u2014 Evika Sili\u0146a \ud83c\uddf1\ud83c\uddfb\ud83c\uddfa\ud83c\udde6 (@EvikaSilina) <a href=\"https:\/\/twitter.com\/EvikaSilina\/status\/1992315257155444976?ref_src=twsrc%5Etfw\" rel=\"nofollow noopener\" target=\"_blank\">November 22, 2025<\/a><\/p><\/blockquote>\n<p>K\u0101 zi\u0146ots, NB8 valstis &#8211; Latvija, Igaunija, Lietuva, Somija, Zviedrija, D\u0101nija, Norv\u0113\u0123ija un Islande &#8211; kop\u0161 Krievijas pilna m\u0113roga iebrukuma s\u0101kuma konsekventi sniedz Ukrainai milit\u0101ru, finansi\u0101lu un praktisku atbalstu un ap\u0146\u0113mu\u0161\u0101s to turpin\u0101t, lai stiprin\u0101tu Ukrainas aizsardz\u012bbas sp\u0113jas, Eiropas dro\u0161\u012bbu un starptautiskaj\u0101s ties\u012bb\u0101s balst\u012btu k\u0101rt\u012bbu.<\/p>\n<p>T\u0101pat v\u0113st\u012bts, ka Va\u0161ingtona pied\u0101v\u0101jusi pl\u0101nu kara izbeig\u0161anai Ukrain\u0101, kas, p\u0113c visa sprie\u017eot, balst\u012bts pamat\u0101 uz Krievijas pras\u012bb\u0101m. Tas paredz ne tikai okup\u0113to teritoriju palik\u0161anu Krievijas kontrol\u0113, bet ar\u012b Ukrainas ap\u0146em\u0161anos nepievienoties NATO, alianses nepapla\u0161in\u0101\u0161anu un Krievijas atgrie\u0161anos G8, liecina zi\u0146u a\u0123ent\u016bras AFP r\u012bc\u012bb\u0101 non\u0101ku\u0161ais pl\u0101na projekts.<\/p>\n<p>ASV prezidents Donalds Tramps sestdien pazi\u0146oja, ka vi\u0146a pl\u0101ns izbeigt karu Ukrain\u0101 nav vi\u0146a gal\u012bgais pied\u0101v\u0101jums un ka &#8220;t\u0101 vai cit\u0101di&#8221; vi\u0146\u0161 cer, ka ka kaujas tiks p\u0101rtrauktas.<\/p>\n<p>Ukrainas prezidents Volodimirs Zelenskis uz \u0161o pl\u0101nu rea\u0123\u0113jis attur\u012bgi, sakot, ka vi\u0146\u0161 ierosin\u0101s &#8220;alternat\u012bvas&#8221;.<\/p>\n<p>Krievijas diktators Vladimirs Putins pazi\u0146oja, ka ir gatavs apspriest pl\u0101na deta\u013cas, bet, ja Kijiva no t\u0101 atteiksies, Maskava turpin\u0101s 2022. gada febru\u0101r\u012b s\u0101kto ofens\u012bvu Ukrain\u0101.<\/p>\n<p><script async src=\"https:\/\/platform.twitter.com\/widgets.js\" charset=\"utf-8\"><\/script><\/p>\n","protected":false},"excerpt":{"rendered":"&#8220;M\u0113s turpin\u0101sim apbru\u0146ot Ukrainu un stiprin\u0101t Eiropas aizsardz\u012bbu, lai attur\u0113tu t\u0101l\u0101ku Krievijas agresiju. Kam\u0113r Krievija turpin\u0101s savu karu&hellip;\n","protected":false},"author":2,"featured_media":56285,"comment_status":"","ping_status":"","sticky":false,"template":"","format":"standard","meta":{"footnotes":""},"categories":[5],"tags":[23,722,28,29,32,33,22,74,30,31,35,39,38,36,37,34,40,20,26,27,24,25,276,15173,21],"class_list":{"0":"post-56284","1":"post","2":"type-post","3":"status-publish","4":"format-standard","5":"has-post-thumbnail","7":"category-aktualitates","8":"tag-aktualitates","9":"tag-baltijas-valstis","10":"tag-breaking-news","11":"tag-breakingnews","12":"tag-featured-news","13":"tag-featurednews","14":"tag-headlines","15":"tag-krievijas-iebrukums-ukraina","16":"tag-latest-news","17":"tag-latestnews","18":"tag-latvia","19":"tag-latvian","20":"tag-latviesu","21":"tag-latviesu-valoda","22":"tag-latviesuvaloda","23":"tag-latvija","24":"tag-lv","25":"tag-news","26":"tag-popularakas-zinas","27":"tag-popularakaszinas","28":"tag-top-stories","29":"tag-topstories","30":"tag-ukraina","31":"tag-ziemelvalstis","32":"tag-zinas"},"share_on_mastodon":{"url":"https:\/\/pubeurope.com\/@lv\/115595221640891806","error":""},"_links":{"self":[{"href":"https:\/\/www.europesays.com\/lv\/wp-json\/wp\/v2\/posts\/56284","targetHints":{"allow":["GET"]}}],"collection":[{"href":"https:\/\/www.europesays.com\/lv\/wp-json\/wp\/v2\/posts"}],"about":[{"href":"https:\/\/www.europesays.com\/lv\/wp-json\/wp\/v2\/types\/post"}],"author":[{"embeddable":true,"href":"https:\/\/www.europesays.com\/lv\/wp-json\/wp\/v2\/users\/2"}],"replies":[{"embeddable":true,"href":"https:\/\/www.europesays.com\/lv\/wp-json\/wp\/v2\/comments?post=56284"}],"version-history":[{"count":0,"href":"https:\/\/www.europesays.com\/lv\/wp-json\/wp\/v2\/posts\/56284\/revisions"}],"wp:featuredmedia":[{"embeddable":true,"href":"https:\/\/www.europesays.com\/lv\/wp-json\/wp\/v2\/media\/56285"}],"wp:attachment":[{"href":"https:\/\/www.europesays.com\/lv\/wp-json\/wp\/v2\/media?parent=56284"}],"wp:term":[{"taxonomy":"category","embeddable":true,"href":"https:\/\/www.europesays.com\/lv\/wp-json\/wp\/v2\/categories?post=56284"},{"taxonomy":"post_tag","embeddable":true,"href":"https:\/\/www.europesays.com\/lv\/wp-json\/wp\/v2\/tags?post=56284"}],"curies":[{"name":"wp","href":"https:\/\/api.w.org\/{rel}","templated":true}]}}