{"id":56318,"date":"2025-11-22T21:31:16","date_gmt":"2025-11-22T21:31:16","guid":{"rendered":"https:\/\/www.europesays.com\/lv\/56318\/"},"modified":"2025-11-22T21:31:16","modified_gmt":"2025-11-22T21:31:16","slug":"latvijas-florbola-savieniba-lv-2025-2026-jaunumi-rigas-lauvam-lidz-uzvarai-par-emu-sk-pietrukst-dazu-minusu","status":"publish","type":"post","link":"https:\/\/www.europesays.com\/lv\/56318\/","title":{"rendered":"Latvijas Florbola savien\u012bba \u00bb LV \u00bb 2025\/2026 \u00bb Jaunumi \u00bb &#8220;R\u012bgas Lauv\u0101m&#8221; l\u012bdz uzvarai p\u0101r &#8220;EMU SK&#8221; pietr\u016bkst da\u017eu min\u016b\u0161u"},"content":{"rendered":"<p>&#8220;R\u012bgas Lauv\u0101m&#8221; l\u012bdz uzvarai p\u0101r &#8220;EMU SK&#8221; pietr\u016bkst da\u017eu min\u016b\u0161u<\/p>\n<p><\/p>\n<p>\t\t\t\t\t<img decoding=\"async\" src=\"https:\/\/www.europesays.com\/lv\/wp-content\/uploads\/2025\/11\/lauvas_kom_25.jpg\" class=\"news-title-image\" width=\"292.5\" alt=\"lauvas_kom_25.jpg\" title=\"&quot;R\u012bgas Lauv\u0101m&quot; l\u012bdz uzvarai p\u0101r &quot;EMU SK&quot; pietr\u016bkst da\u017eu min\u016b\u0161u\" \/><\/p>\n<p style=\"text-align: justify;\">Vien\u012bgaj\u0101 \u0161odien notiku\u0161aj\u0101 ELVI florbola l\u012bgas sieviet\u0113m sp\u0113l\u0113 &#8220;R\u012bgas Lauvas&#8221; sav\u0101 laukum\u0101 uz\u0146\u0113ma Tartu komandu &#8220;EMU SK&#8221;. V\u0113l septi\u0146as min\u016btes pirms pamatlaika beig\u0101m vad\u012bb\u0101 ar 2:1 atrad\u0101s r\u012bdzinieces, tom\u0113r galarezult\u0101t\u0101 ar <a href=\"https:\/\/www.floorball.lv\/lv\/2025\/proto\/52327-ril-emu\" rel=\"nofollow noopener\" target=\"_blank\">3:2<\/a> uzvar\u0113ja Tartu florbolistes. Iz\u0161\u0137iro\u0161ais v\u0101rtu guvums Marilines R\u012bves kont\u0101.<\/p>\n<p>\u00a0<\/p>\n<p style=\"text-align: justify;\">Pirm\u0101 perioda vid\u016b var\u0113ja uzgavil\u0113t &#8220;R\u012bgas Lauvu&#8221; florbolistes, jo \u0161\u012bs sp\u0113les rezult\u0101tu ar prec\u012bzu metienu atkl\u0101ja Krist\u012bne Andr\u0113jeva &#8211; 1:0. Jau 14. min\u016bt\u0113 vie\u0161\u0146\u0101m izdev\u0101s atjaunot neiz\u0161\u0137irtu rezult\u0101tu &#8211; 1:1, gols Marilines R\u012bves kont\u0101. Otraj\u0101 tre\u0161da\u013c\u0101 neviens v\u0101rtu guvums fiks\u0113ts netika, bet 50. min\u016bt\u0113 Andr\u0113jeva v\u0113lreiz izvirz\u012bja vad\u012bb\u0101 r\u012bdzinieces &#8211; 2:1. Diem\u017e\u0113l, bet \u0161o trauslo p\u0101rsvaru m\u016bsu meiten\u0113m nosarg\u0101t neizdev\u0101s, turkl\u0101t septi\u0146as min\u016btes pirms pamatlaika beig\u0101m vi\u0146as ievirz\u012bja bumbi\u0146u savos v\u0101rtos &#8211; 2:2. Puntu sp\u0113lei ar 57. min\u016bt\u0113 g\u016btiem v\u0101rtiem pielika R\u012bve, nodro\u0161inot Tartu komandai &#8220;EMU SK&#8221; uzvaru ar 3:2.<\/p>\n<p style=\"text-align: justify;\">\u00a0<\/p>\n<p style=\"text-align: justify;\">Lab\u0101k\u0101s sp\u0113l\u0113t\u0101jas balvu uzvar\u0113t\u0101ju komand\u0101 sa\u0146\u0113ma v\u0101rtsardze Kl\u0101ra K\u0101mera, kura atvair\u012bja 32 no 34 pretinie\u010du metieniem. Rezultat\u012bv\u0101k\u0101 vi\u0146as komand\u0101 ar diviem v\u0101rtu guvumiem bija Mariline R\u012bve. Abus R\u012bgas komandas v\u0101rtus guva Kr\u012bst\u012bne Andr\u0113jeva, kura tika atz\u012bta par lab\u0101ko sav\u0101 vien\u012bb\u0101. P\u0113c \u0161\u012bs uzvaras Tartu komandai &#8220;EMU SK&#8221; turn\u012bra tabul\u0101 ir 15 punktu un 3. vieta, bet &#8220;R\u012bgas Lauvas&#8221; pagaid\u0101m bez punktiem un priek\u0161p\u0113d\u0113j\u0101 poz\u012bcij\u0101.<\/p>\n<p style=\"text-align: justify;\">\u00a0<\/p>\n<p style=\"text-align: justify;\">&#8220;R\u012bgas Lauvas&#8221; \u2013 &#8220;EMU SK&#8221; &#8211; 2:3\u00a0(1:1, 0:0, 1:2)<\/p>\n<p style=\"text-align: justify;\">Metienu attiec\u012bba:<\/p>\n<p style=\"text-align: justify;\">34:37\u00a0(8:12; 15:11; 11:14)<\/p>\n<p style=\"text-align: justify;\">Rezultat\u012bv\u0101k\u0101s:<\/p>\n<p style=\"text-align: justify;\">&#8220;R\u012bgas Lauvas&#8221;\u00a0\u2013 Krist\u012bne Andr\u0113jeva 2 (2+0), Anete Gaile 1 (0+1), Paula Z\u0101lmane 1 (0+1).<\/p>\n<p style=\"text-align: justify;\">&#8220;EMU SK&#8221;\u00a0\u2013 Mariline R\u012bve 2 (2+0), Kati Kolsare 1 (0+1), Stella Starkopfa 1 (0+1).<\/p>\n<tr>\n<td style=\"text-align:center;\"><a href=\"https:\/\/www.floorball.lv\/out.php?id=229&amp;url=http%3A%2F%2Felvi.lv\" target=\"_blank\" title=\"ELVI\" rel=\"nofollow noopener\"><br \/>\n\t\t\t\t\t<img loading=\"lazy\" decoding=\"async\" class=\"banner_news_bottom\" src=\"https:\/\/www.europesays.com\/lv\/wp-content\/uploads\/2025\/11\/1537294665.jpg\" width=\"233\" height=\"66\" alt=\"ELVI\" \/><br \/>\n\t\t\t\t<\/a><\/td>\n<td style=\"text-align:center;\"><a href=\"https:\/\/www.floorball.lv\/out.php?id=334&amp;url=http%3A%2F%2Flino.lv\" target=\"_blank\" title=\"OXDOG\" rel=\"nofollow noopener\"><br \/>\n\t\t\t\t\t<img loading=\"lazy\" decoding=\"async\" class=\"banner_news_bottom\" src=\"https:\/\/www.europesays.com\/lv\/wp-content\/uploads\/2025\/09\/1531398467.jpg\" width=\"233\" height=\"66\" alt=\"OXDOG\" \/><br \/>\n\t\t\t\t<\/a><\/td>\n<\/tr>\n","protected":false},"excerpt":{"rendered":"&#8220;R\u012bgas Lauv\u0101m&#8221; l\u012bdz uzvarai p\u0101r &#8220;EMU SK&#8221; pietr\u016bkst da\u017eu min\u016b\u0161u Vien\u012bgaj\u0101 \u0161odien notiku\u0161aj\u0101 ELVI florbola l\u012bgas sieviet\u0113m sp\u0113l\u0113&hellip;\n","protected":false},"author":2,"featured_media":56319,"comment_status":"","ping_status":"","sticky":false,"template":"","format":"standard","meta":{"footnotes":""},"categories":[17],"tags":[405,15183,15185,35,39,38,36,37,34,2312,40,2727,176,67,15184,400],"class_list":{"0":"post-56318","1":"post","2":"type-post","3":"status-publish","4":"format-standard","5":"has-post-thumbnail","7":"category-sports","8":"tag-405","9":"tag-andrejeva","10":"tag-beigam","11":"tag-latvia","12":"tag-latvian","13":"tag-latviesu","14":"tag-latviesu-valoda","15":"tag-latviesuvaloda","16":"tag-latvija","17":"tag-lauvas","18":"tag-lv","19":"tag-minute","20":"tag-rigas","21":"tag-sports","22":"tag-tartu","23":"tag-vartu"},"share_on_mastodon":{"url":"https:\/\/pubeurope.com\/@lv\/115595489101908265","error":""},"_links":{"self":[{"href":"https:\/\/www.europesays.com\/lv\/wp-json\/wp\/v2\/posts\/56318","targetHints":{"allow":["GET"]}}],"collection":[{"href":"https:\/\/www.europesays.com\/lv\/wp-json\/wp\/v2\/posts"}],"about":[{"href":"https:\/\/www.europesays.com\/lv\/wp-json\/wp\/v2\/types\/post"}],"author":[{"embeddable":true,"href":"https:\/\/www.europesays.com\/lv\/wp-json\/wp\/v2\/users\/2"}],"replies":[{"embeddable":true,"href":"https:\/\/www.europesays.com\/lv\/wp-json\/wp\/v2\/comments?post=56318"}],"version-history":[{"count":0,"href":"https:\/\/www.europesays.com\/lv\/wp-json\/wp\/v2\/posts\/56318\/revisions"}],"wp:featuredmedia":[{"embeddable":true,"href":"https:\/\/www.europesays.com\/lv\/wp-json\/wp\/v2\/media\/56319"}],"wp:attachment":[{"href":"https:\/\/www.europesays.com\/lv\/wp-json\/wp\/v2\/media?parent=56318"}],"wp:term":[{"taxonomy":"category","embeddable":true,"href":"https:\/\/www.europesays.com\/lv\/wp-json\/wp\/v2\/categories?post=56318"},{"taxonomy":"post_tag","embeddable":true,"href":"https:\/\/www.europesays.com\/lv\/wp-json\/wp\/v2\/tags?post=56318"}],"curies":[{"name":"wp","href":"https:\/\/api.w.org\/{rel}","templated":true}]}}