{"id":56330,"date":"2025-11-22T21:59:22","date_gmt":"2025-11-22T21:59:22","guid":{"rendered":"https:\/\/www.europesays.com\/lv\/56330\/"},"modified":"2025-11-22T21:59:22","modified_gmt":"2025-11-22T21:59:22","slug":"video-kaulus-stindzinosi-skati-riga-notikusi-frontala-sadursme-iesaistits-bmw-un-kravas-auto","status":"publish","type":"post","link":"https:\/\/www.europesays.com\/lv\/56330\/","title":{"rendered":"VIDEO. Kaulus stindzino\u0161i skati. R\u012bg\u0101 notikusi front\u0101la sadursme: iesaist\u012bts BMW un kravas auto"},"content":{"rendered":"<p>    <img decoding=\"async\" src=\"https:\/\/www.europesays.com\/lv\/wp-content\/uploads\/2025\/11\/collage-10-1024x682.png\" alt=\"&#10;\"\/><\/p>\n<p>FOTO: LA.LV kol\u0101\u017ea\/ ekr\u0101n\u0161\u0101vi\u0146i \u201cSadursme\u201d\n<\/p>\n<p>23:01, 21. novembris 2025<\/p>\n<p>R\u012bg\u0101 notikusi front\u0101la sadursme starp div\u0101m automa\u0161\u012bn\u0101m.<\/p>\n<p>        Las\u012bt\u0101kie<br \/>\n        <a data-imagesrc=\"{&quot;300&quot;:&quot;https:\\\/\\\/lastatic.ams3.cdn.digitaloceanspaces.com\\\/2025\\\/11\\\/Noformejums-bez-nosaukuma-44-300x188.jpg&quot;,&quot;1024&quot;:&quot;https:\\\/\\\/lastatic.ams3.cdn.digitaloceanspaces.com\\\/2025\\\/11\\\/Noformejums-bez-nosaukuma-44-1024x640.jpg&quot;,&quot;1536&quot;:&quot;https:\\\/\\\/lastatic.ams3.cdn.digitaloceanspaces.com\\\/2025\\\/11\\\/Noformejums-bez-nosaukuma-44-1536x960.jpg&quot;,&quot;500&quot;:&quot;https:\\\/\\\/lastatic.ams3.cdn.digitaloceanspaces.com\\\/2025\\\/11\\\/Noformejums-bez-nosaukuma-44-500x313.jpg&quot;,&quot;800&quot;:&quot;https:\\\/\\\/lastatic.ams3.cdn.digitaloceanspaces.com\\\/2025\\\/11\\\/Noformejums-bez-nosaukuma-44-800x500.jpg&quot;,&quot;1600&quot;:&quot;https:\\\/\\\/lastatic.ams3.cdn.digitaloceanspaces.com\\\/2025\\\/11\\\/Noformejums-bez-nosaukuma-44.jpg&quot;}\" data-focuspoint=\"&quot;&quot;\" data-p=\"2469555\" href=\"https:\/\/www.la.lv\/pieci-labakie-ministri-kadi-latvija-bijusi-kops-neatkaribas-atjaunosanas-vini-butiski-mainijusi-musu-valsti\" class=\"content-item lazy-load\" wp_automatic_readability=\"27\" rel=\"nofollow noopener\" target=\"_blank\"><\/p>\n<p>                                <img decoding=\"async\" src=\"\" alt=\"\" style=\"\" data-imageid=\"\"\/><\/p>\n<p>\n                                                Pieci lab\u0101kie ministri, k\u0101di Latvij\u0101 biju\u0161i kop\u0161 neatkar\u012bbas atjauno\u0161anas \u2013 vi\u0146i b\u016btiski main\u012bju\u0161i m\u016bsu valsti<\/p>\n<p><\/a><a data-imagesrc=\"{&quot;300&quot;:&quot;https:\\\/\\\/lastatic.ams3.cdn.digitaloceanspaces.com\\\/2022\\\/08\\\/slaidins2-300x188.jpg&quot;,&quot;768&quot;:&quot;https:\\\/\\\/lastatic.ams3.cdn.digitaloceanspaces.com\\\/2022\\\/08\\\/slaidins2-768x482.jpg&quot;,&quot;200&quot;:&quot;https:\\\/\\\/lastatic.ams3.cdn.digitaloceanspaces.com\\\/2022\\\/08\\\/slaidins2-200x126.jpg&quot;,&quot;400&quot;:&quot;https:\\\/\\\/lastatic.ams3.cdn.digitaloceanspaces.com\\\/2022\\\/08\\\/slaidins2-400x251.jpg&quot;,&quot;500&quot;:&quot;https:\\\/\\\/lastatic.ams3.cdn.digitaloceanspaces.com\\\/2022\\\/08\\\/slaidins2-500x314.jpg&quot;,&quot;800&quot;:&quot;https:\\\/\\\/lastatic.ams3.cdn.digitaloceanspaces.com\\\/2022\\\/08\\\/slaidins2-800x502.jpg&quot;,&quot;988&quot;:&quot;https:\\\/\\\/lastatic.ams3.cdn.digitaloceanspaces.com\\\/2022\\\/08\\\/slaidins2.jpg&quot;}\" data-focuspoint=\"&quot;&quot;\" data-p=\"2467765\" href=\"https:\/\/www.la.lv\/slaidins-lai-ka-musu-politiki-negribetu-to-atzit-bet-latvijas-pierobeza-ir-padomju-latvija\" class=\"content-item lazy-load\" wp_automatic_readability=\"27\" rel=\"nofollow noopener\" target=\"_blank\"><\/p>\n<p>                                <img decoding=\"async\" src=\"\" alt=\"\" style=\"\" data-imageid=\"\"\/><\/p>\n<p>                                TV24<\/p>\n<p>                                            Slaidi\u0146\u0161: \u201cLai k\u0101 m\u016bsu politi\u0137i negrib\u0113tu to atz\u012bt, bet Latvijas pierobe\u017ea ir Padomju Latvija\u201d\n                            <\/p>\n<p><\/a><a data-imagesrc=\"{&quot;300&quot;:&quot;https:\\\/\\\/lastatic.ams3.cdn.digitaloceanspaces.com\\\/2025\\\/11\\\/1-11-300x188.png&quot;,&quot;1024&quot;:&quot;https:\\\/\\\/lastatic.ams3.cdn.digitaloceanspaces.com\\\/2025\\\/11\\\/1-11-1024x640.png&quot;,&quot;1536&quot;:&quot;https:\\\/\\\/lastatic.ams3.cdn.digitaloceanspaces.com\\\/2025\\\/11\\\/1-11-1536x960.png&quot;,&quot;500&quot;:&quot;https:\\\/\\\/lastatic.ams3.cdn.digitaloceanspaces.com\\\/2025\\\/11\\\/1-11-500x313.png&quot;,&quot;800&quot;:&quot;https:\\\/\\\/lastatic.ams3.cdn.digitaloceanspaces.com\\\/2025\\\/11\\\/1-11-800x500.png&quot;,&quot;1600&quot;:&quot;https:\\\/\\\/lastatic.ams3.cdn.digitaloceanspaces.com\\\/2025\\\/11\\\/1-11.png&quot;}\" data-focuspoint=\"&quot;&quot;\" data-p=\"2468495\" href=\"https:\/\/www.la.lv\/tests-kas-tev-sobrid-visvairak-vajadzigs-vestule-kuru-izvelesies-ir-visuma-atbilde-tev\" class=\"content-item lazy-load\" wp_automatic_readability=\"27\" rel=\"nofollow noopener\" target=\"_blank\"><\/p>\n<p>                                <img decoding=\"async\" src=\"\" alt=\"\" style=\"\" data-imageid=\"\"\/><\/p>\n<p>                                Kokteilis<\/p>\n<p>\n                                                TESTS. Kas tev \u0161obr\u012bd visvair\u0101k vajadz\u012bgs? V\u0113stul\u0113, kuru izv\u0113l\u0113sies, ir Visuma atbilde tev\n                            <\/p>\n<p><\/a><br \/>\n        <a class=\"read-more\" href=\"https:\/\/www.la.lv\/top\" rel=\"nofollow noopener\" target=\"_blank\">Las\u012bt citas zi\u0146as<\/a><\/p>\n<p>Profila \u201cSadursme\u201d p\u0101rst\u0101vji vietn\u0113 \u201cFacebook\u201d inform\u0113\u201d: \u201c\u0160ovakar uz Kleistu ielas, pie Bumbu kalni\u0146a, notikusi front\u0101la sadursme starp kravas automa\u0161\u012bnu un vieglo auto. Pa\u0161laik satiksme \u0161aj\u0101 posm\u0101 var b\u016bt trauc\u0113ta \u2014 brauciet uzman\u012bgi.\u201d<\/p>\n<p>Vair\u0101k inform\u0101cijas par negad\u012bjuma apst\u0101k\u013ciem un sek\u0101m \u0161obr\u012bd nav.<\/p>\n<p>    CITI \u0160OBR\u012aD LASA<\/p>\n<p>Iemesli satiksmes negad\u012bjumiem var b\u016bt da\u017e\u0101di. \u0145emot v\u0113r\u0101 \u0161\u012b br\u012b\u017ea laikapst\u0101k\u013cus, uz ce\u013ca j\u0101b\u016bt \u012bpa\u0161i uzman\u012bgiem. Piem\u0113ram, <a href=\"https:\/\/www.la.lv\/vai-tavs-auto-iztures-pirmo-salu-specialists-bridina-par-trim-kludam-kuras-autovaditaji-pielauj-katru-ziemu\" rel=\"nofollow noopener\" target=\"_blank\">rakst\u0101 par trim k\u013c\u016bd\u0101m<\/a>, kuras autovad\u012bt\u0101ji pie\u013cauj katru ziemu, speci\u0101lists k\u0101 vienu no liet\u0101m min riepu spiedienu. Kad temperat\u016bra kr\u012btas, gaiss riep\u0101s saraujas, un spiediens samazin\u0101s. Tas ietekm\u0113 gan automa\u0161\u012bnas vad\u0101m\u012bbu, gan sa\u0137eri uz apledoju\u0161iem ce\u013ciem. T\u0101 ir visbie\u017e\u0101k ignor\u0113t\u0101 p\u0101rbaude ziem\u0101, lai gan tie\u0161i riepas nosaka dro\u0161\u012bbu uz ce\u013ca.<\/p>\n<p>T\u0101pat nesen v\u0113st\u012bj\u0101m ar\u012b par <a href=\"https:\/\/www.la.lv\/gribi-ziema-uz-cela-palikt-dzivs-sis-viens-eksperta-ieteikums-palidzes-izvairities-no-nelaimes\" rel=\"nofollow noopener\" target=\"_blank\">satiksmes dro\u0161\u012bbas eksperta Oskara Irb\u012b\u0161a ieteikumu<\/a>. Vi\u0146\u0161 min \u013coti svar\u012bgu lietu, lai ziem\u0101 izvair\u012btos no sadursmes \u2013 distanci. \u201cSaprotam, ka, kad priek\u0161\u0101 brauco\u0161ajam automob\u012blim iedegas brem\u017eu lukturi, vi\u0146\u0161 jau bremz\u0113. Mums v\u0113l vajag gan norea\u0123\u0113t, gan izdar\u012bt visu p\u0101r\u0113jo, l\u012bdz ar to mums apledojo\u0161os apst\u0101k\u013cos ir j\u0101sp\u0113j ietur\u0113t liel\u0101ku distanci un j\u0101sp\u0113j saprast, k\u0101 priek\u0161\u0101 brauco\u0161ais bremz\u0113. Teiksim t\u0101 \u2014 ziem\u0101 viss j\u0101dara laic\u012bg\u0101k,\u201d sac\u012bja eksperts. <\/p>\n<p>T\u0113mas<\/p>\n<p>    SAIST\u012aTIE RAKSTI<\/p>\n","protected":false},"excerpt":{"rendered":"FOTO: LA.LV kol\u0101\u017ea\/ ekr\u0101n\u0161\u0101vi\u0146i \u201cSadursme\u201d 23:01, 21. novembris 2025 R\u012bg\u0101 notikusi front\u0101la sadursme starp div\u0101m automa\u0161\u012bn\u0101m. Las\u012bt\u0101kie Pieci&hellip;\n","protected":false},"author":2,"featured_media":56331,"comment_status":"","ping_status":"","sticky":false,"template":"","format":"standard","meta":{"footnotes":""},"categories":[5],"tags":[23,28,29,32,33,22,30,31,35,39,38,36,37,34,40,20,26,27,24,25,21],"class_list":{"0":"post-56330","1":"post","2":"type-post","3":"status-publish","4":"format-standard","5":"has-post-thumbnail","7":"category-aktualitates","8":"tag-aktualitates","9":"tag-breaking-news","10":"tag-breakingnews","11":"tag-featured-news","12":"tag-featurednews","13":"tag-headlines","14":"tag-latest-news","15":"tag-latestnews","16":"tag-latvia","17":"tag-latvian","18":"tag-latviesu","19":"tag-latviesu-valoda","20":"tag-latviesuvaloda","21":"tag-latvija","22":"tag-lv","23":"tag-news","24":"tag-popularakas-zinas","25":"tag-popularakaszinas","26":"tag-top-stories","27":"tag-topstories","28":"tag-zinas"},"share_on_mastodon":{"url":"https:\/\/pubeurope.com\/@lv\/115595599179811656","error":""},"_links":{"self":[{"href":"https:\/\/www.europesays.com\/lv\/wp-json\/wp\/v2\/posts\/56330","targetHints":{"allow":["GET"]}}],"collection":[{"href":"https:\/\/www.europesays.com\/lv\/wp-json\/wp\/v2\/posts"}],"about":[{"href":"https:\/\/www.europesays.com\/lv\/wp-json\/wp\/v2\/types\/post"}],"author":[{"embeddable":true,"href":"https:\/\/www.europesays.com\/lv\/wp-json\/wp\/v2\/users\/2"}],"replies":[{"embeddable":true,"href":"https:\/\/www.europesays.com\/lv\/wp-json\/wp\/v2\/comments?post=56330"}],"version-history":[{"count":0,"href":"https:\/\/www.europesays.com\/lv\/wp-json\/wp\/v2\/posts\/56330\/revisions"}],"wp:featuredmedia":[{"embeddable":true,"href":"https:\/\/www.europesays.com\/lv\/wp-json\/wp\/v2\/media\/56331"}],"wp:attachment":[{"href":"https:\/\/www.europesays.com\/lv\/wp-json\/wp\/v2\/media?parent=56330"}],"wp:term":[{"taxonomy":"category","embeddable":true,"href":"https:\/\/www.europesays.com\/lv\/wp-json\/wp\/v2\/categories?post=56330"},{"taxonomy":"post_tag","embeddable":true,"href":"https:\/\/www.europesays.com\/lv\/wp-json\/wp\/v2\/tags?post=56330"}],"curies":[{"name":"wp","href":"https:\/\/api.w.org\/{rel}","templated":true}]}}