{"id":56387,"date":"2025-11-23T02:12:20","date_gmt":"2025-11-23T02:12:20","guid":{"rendered":"https:\/\/www.europesays.com\/lv\/56387\/"},"modified":"2025-11-23T02:12:20","modified_gmt":"2025-11-23T02:12:20","slug":"ventspils-koncertzale-latvija-atklaj-jauno-sezonu-ar-krasniem-notikumiem-un-pasaules-klases-maksliniekiem-lente-lv","status":"publish","type":"post","link":"https:\/\/www.europesays.com\/lv\/56387\/","title":{"rendered":"Ventspils koncertz\u0101le \u00abLatvija\u00bb atkl\u0101j jauno sezonu ar kr\u0101\u0161\u0146iem notikumiem un pasaules klases m\u0101ksliniekiem\u00a0\u2014\u00a0Lente.lv"},"content":{"rendered":"<p>Jaun\u0101 sezona Ventspils koncertz\u0101l\u0113 \u201cLatvija\u201d sola muzik\u0101lu baud\u012bjumu un neaizmirstamas tik\u0161an\u0101s<\/p>\n<p>Svinot jauno koncertsezonu, Ventspils koncertz\u0101le \u201cLatvija\u201d klaus\u012bt\u0101jus aicina uz daudzveid\u012bgu un emocion\u0101li pies\u0101tin\u0101tu muzik\u0101lo ce\u013cojumu, kas sol\u0101s iepriecin\u0101t gan pieredz\u0113ju\u0161us m\u016bzikas cien\u012bt\u0101jus, gan jaunus talantus atkl\u0101t k\u0101rot\u0101jus. Sezona, kas s\u0101kas ar v\u0113rien\u012bgu atkl\u0101\u0161anas koncertu, pied\u0101v\u0101s tik\u0161an\u0101s ar izciliem m\u0101ksliniekiem un programm\u0101m, kas aptver da\u017e\u0101das m\u016bzikas laikmetus un \u017eanrus, radot patiesi bag\u0101t\u012bgu kult\u016bras pieredzi.<\/p>\n<p>Sezonas atkl\u0101\u0161ana ar grandiozu koncertu<\/p>\n<p>Jaun\u0101 sezona Ventspils koncertz\u0101l\u0113 \u201cLatvija\u201d ofici\u0101li tiks uzs\u0101kta ar iespaid\u012bgu koncertu 27. septembr\u012b. Uz skatuves k\u0101ps Latvijas Nacion\u0101lais simfoniskais or\u0137estris kop\u0101 ar Valsts Akad\u0113misko kori \u201cLatvija\u201d, pievienojoties talant\u012bgajiem solistiem \u2013 sopr\u0101nam Ninai Spinozi, klaves\u012bnistei Ievai Salietei un baritonam Halvors Meliens. Koncertu diri\u0123\u0113s \u017dans Kristofs Spinozi, un programm\u0101 skan\u0113s P\u0113tera Vaska monument\u0101lais ska\u0146darbs \u201cCantabile\u201d, Antonio Vivaldi \u201cLaudate pueri: Sit nomen domine\u201d, Johana Sebasti\u0101na Baha klaves\u012bna koncerts reminor\u0101 un Gabriela For\u0113 po\u0113tiskais \u201cRekvi\u0113ms\u201d. \u0160is pas\u0101kums ievad\u012bs klaus\u012bt\u0101jus da\u017e\u0101du laikmetu un stilu m\u016bzikas pasaul\u0113, sniedzot iesp\u0113ju izbaud\u012bt gan baroka zelta laikmeta spo\u017eumu, gan laikmet\u012bgu medit\u0101ciju un romantisma siltumu.<\/p>\n<p>Velt\u012bjums Arvo P\u0113rtam un Georgija Osokina debija<\/p>\n<p>\u0160oruden godin\u0101sim di\u017eo igau\u0146u komponistu Arvo P\u0930\u094d\u091fu, kur\u0161 atz\u012bm\u0113 savu 90. dzim\u0161anas dienu. Par godu \u0161im notikumam, izcilais pianists Georgijs Osokins izdevis jaunu albumu \u201cFor ARVO\u201d, kas ar\u012b iez\u012bm\u0113 vi\u0146a debiju presti\u017eaj\u0101 \u201cDeutsche Grammophon\u201d m\u016bzikas nama pasp\u0101rn\u0113. 9. oktobr\u012b Osokins ar \u0161o unik\u0101lo programmu viesosies Ventspils koncertz\u0101l\u0113, pied\u0101v\u0101jot klaus\u012bt\u0101jiem Perta ori\u0123in\u0101ldarbus un pa\u0161a pianista rad\u012btas klavieru transkripcijas. Daudzi no le\u0123end\u0101rajiem Perta ska\u0146darbiem pirmo reizi izskan\u0113s tie\u0161i solo klavieru versij\u0101, sniedzot jaunu skan\u0113jumu un dzi\u013cumu.<\/p>\n<p>\u201cKremerata Baltica\u201d ar jaunu un negaid\u012btu programmu<\/p>\n<p>17. oktobr\u012b koncertz\u0101li piepild\u012bs slavenais kameror\u0137estris \u201cKremerata Baltica\u201d kop\u0101 ar spo\u017eiem solistiem \u2013 vijolniekiem D\u017eeraldu Bidvu un Stellu Za\u0137i, k\u0101 ar\u012b \u010dellistiem Magdal\u0113nu Cepleti un Kristeru M\u0101rti\u0146u \u0160\u012bmani. Koncertprogramm\u0101 \u201cJauns un negaid\u012bts\u201d tiks atska\u0146oti ska\u0146darbi no Johana Sebastiana Baha, Feliksa Mendelsona, P\u0113tera Vaska, V\u012bnes Veinberga, Riharda Za\u013cupes un \u0112rika E\u0161envalda dai\u013crades, pied\u0101v\u0101jot klaus\u012bt\u0101jiem elpu aizraujo\u0161u muzik\u0101lu pieredzi.<\/p>\n<p>Mazajiem m\u016bzikas cien\u012bt\u0101jiem \u2013 \u201cP\u0113ter\u012btis un vilks\u201d<\/p>\n<p>Koncertz\u0101le \u201cLatvija\u201d ar\u012b \u0161aj\u0101 sezon\u0101 par\u016bp\u0113jusies par mazajiem m\u016bzikas baud\u012bt\u0101jiem. 29. oktobr\u012b notiks aizraujo\u0161s koncertuzvedums b\u0113rniem \u201cP\u0113ter\u012btis un vilks\u201d, kur\u0101 Liep\u0101jas Simfoniskais or\u0137estris diri\u0123enta Rei\u0146a Lapas vad\u012bb\u0101 aicin\u0101s mazos skat\u012bt\u0101jus muzik\u0101l\u0101 piedz\u012bvojum\u0101. Uzveduma varo\u0146us atveidos aktieri Liene G\u0101li\u0146a un P\u0113teris Lapi\u0146\u0161, k\u0101 ar\u012b re\u017eisors \u0122irts \u0160olis, padarot \u0161o pas\u0101kumu par neaizmirstamu pieredzi b\u0113rnu auditorijai.<\/p>\n<p>Reinis Zari\u0146\u0161 un dialogs starp Bahu un \u0160op\u0113nu<\/p>\n<p>Novembra s\u0101kums atnes\u012bs \u012bpa\u0161u notikumu \u2013 1. novembr\u012b pianists Reinis Zari\u0146\u0161 iepaz\u012bstin\u0101s ar savu jauno soloprogrammu \u201cBahs un \u0160op\u0113ns\u201d. Zari\u0146\u0161, kur\u0161 paz\u012bstams ar sav\u0101m drosm\u012bgaj\u0101m un konceptu\u0101laj\u0101m koncertprogramm\u0101m, rad\u012bjis unik\u0101lu tiltu starp baroka un romantisma laikmetiem. \u0160is koncerts, kas bag\u0101tin\u0101ts ar diviem unik\u0101liem instrumentiem \u2013 \u201cSteinway\u201d koncertfl\u012b\u0123eli un D\u0101vida K\u013cavi\u0146a vertik\u0101laj\u0101m koncertklavier\u0113m M470i \u2013 \u013caus klaus\u012bt\u0101jiem izjust da\u017e\u0101das tembr\u0101l\u0101s kr\u0101sas un izteiksmes nianses, atkl\u0101jot neparastas sakar\u012bbas abu komponistu dai\u013crad\u0113.<\/p>\n<p>Ruden\u012bg\u0101s noska\u0146as ar Ventspils kolekt\u012bviem<\/p>\n<p>15. novembr\u012b Ventspils kameror\u0137estris un jauktais koris \u201cVentspils\u201d diri\u0123enta Aigara Meri vad\u012bb\u0101 aicin\u0101s uz koncertprogrammu \u201cRuden\u012b\u201d. \u0160aj\u0101 izsmalcin\u0101taj\u0101 vakar\u0101 piedal\u012bsies ar\u012b akordeoniste Init\u0101 \u0100boli\u0146a un muzikolo\u0123e Liene Jakov\u013ceva, radot \u012bpa\u0161u noska\u0146u ar Em\u012bla D\u0101rzi\u0146a un latvie\u0161u komponistu kora m\u016bziku. Savuk\u0101rt 28. novembr\u012b Ventspils d\u017eeza kluba pas\u0101kum\u0101 uzst\u0101sies Ventspils bigbends kop\u0101 ar atrakt\u012bvo vok\u0101listi Paulu Saiju un virtuozu trombonistu Vadimu Dmitrijevu, sola d\u017eeza m\u016bzikas cien\u012bt\u0101jiem neaizmirstamu vakaru.<\/p>\n<p>Sezonas kulmin\u0101cija: Avi Avitals un Ksenija Sidorova<\/p>\n<p>Viena no gaid\u012bt\u0101kaj\u0101m sezonas virsotn\u0113m gaid\u0101ma 6. decembr\u012b, kad uz vienas skatuves satiksies pasaulslavenais mandol\u012bnists Avi Avitals un latvie\u0161u akordeona virtuoze Ksenija Sidorova, kurai \u0161is b\u016bs vien\u012bgais koncerts Latvij\u0101 \u0161ogad. Vi\u0146u kop\u012bg\u0101 uzst\u0101\u0161an\u0101s sol\u0101s b\u016bt temperament\u012bga un kaisl\u012bga, pied\u0101v\u0101jot klaus\u012bt\u0101jiem klasiskas v\u0113rt\u012bbas jaun\u0101s interpret\u0101cij\u0101s un muzik\u0101lu ce\u013cojumu uz dienvidu un Tuvo Austrumu zem\u0113m. \u0160\u012b neparast\u0101 divu instrumentu saruna sol\u0101s aizraut un p\u0101rsteigt.<\/p>\n<p>Ziemassv\u0113tku burv\u012bba un gada nosl\u0113gums<\/p>\n<p>Ziemassv\u0113tku laik\u0101 koncertz\u0101le \u201cLatvija\u201d k\u013c\u016bs par \u012bstu sv\u0113tku m\u0101jvietu. Jau 14. decembr\u012b po\u013cu \u0113r\u0123elnieks Jans Bartolomejs Bok\u0161\u010da\u0146ins iepaz\u012bstin\u0101s ar Ziemassv\u0113tku noska\u0146\u0101m. Tam sekos 20. decembra koncerts \u201cN\u0101kat iek\u0161\u0101, Ziemassv\u0113tki\u201d, kur\u0101 uzst\u0101sies Aija Andrejeva, J\u0101nis Ai\u0161purs, Ventspils bigbends un kameror\u0137estris. Savuk\u0101rt 21. decembr\u012b Ances Krauzes un Zigfr\u012bda Muktup\u0101vela koncertprogramma \u201cTik viegli un balti\u201d rad\u012bs siltumu un prieku. Gadu koncertz\u0101l\u0113 nosl\u0113gs 26. decembr\u012b notieko\u0161ais koncerts \u201cZiemassv\u0113tku v\u012bzijas\u201d, kur\u0101 piedal\u012bsies sopr\u0101ns Per\u012bna Madefa, \u0113r\u0123elniece Liene Andreta Kalnciema un saksofonists Oskars Petrauskis. Koncert\u0101 skan\u0113s gan Ziemassv\u0113tku kor\u0101\u013ci, gan \u012bpa\u0161i \u0161iem m\u0101ksliniekiem velt\u012bti komponista \u0112rika E\u0161envalda darbi, radot neaizmirstamu sv\u0113tku atmosf\u0113ru un pasaules pirmatska\u0146ojumu.<\/p>\n","protected":false},"excerpt":{"rendered":"Jaun\u0101 sezona Ventspils koncertz\u0101l\u0113 \u201cLatvija\u201d sola muzik\u0101lu baud\u012bjumu un neaizmirstamas tik\u0161an\u0101s Svinot jauno koncertsezonu, Ventspils koncertz\u0101le \u201cLatvija\u201d klaus\u012bt\u0101jus&hellip;\n","protected":false},"author":2,"featured_media":56388,"comment_status":"","ping_status":"","sticky":false,"template":"","format":"standard","meta":{"footnotes":""},"categories":[19],"tags":[89,90,35,39,38,36,37,34,40,5497],"class_list":{"0":"post-56387","1":"post","2":"type-post","3":"status-publish","4":"format-standard","5":"has-post-thumbnail","7":"category-izklaide","8":"tag-entertainment","9":"tag-izklaide","10":"tag-latvia","11":"tag-latvian","12":"tag-latviesu","13":"tag-latviesu-valoda","14":"tag-latviesuvaloda","15":"tag-latvija","16":"tag-lv","17":"tag-ventspils-koncertzale"},"share_on_mastodon":{"url":"https:\/\/pubeurope.com\/@lv\/115596593935099220","error":""},"_links":{"self":[{"href":"https:\/\/www.europesays.com\/lv\/wp-json\/wp\/v2\/posts\/56387","targetHints":{"allow":["GET"]}}],"collection":[{"href":"https:\/\/www.europesays.com\/lv\/wp-json\/wp\/v2\/posts"}],"about":[{"href":"https:\/\/www.europesays.com\/lv\/wp-json\/wp\/v2\/types\/post"}],"author":[{"embeddable":true,"href":"https:\/\/www.europesays.com\/lv\/wp-json\/wp\/v2\/users\/2"}],"replies":[{"embeddable":true,"href":"https:\/\/www.europesays.com\/lv\/wp-json\/wp\/v2\/comments?post=56387"}],"version-history":[{"count":0,"href":"https:\/\/www.europesays.com\/lv\/wp-json\/wp\/v2\/posts\/56387\/revisions"}],"wp:featuredmedia":[{"embeddable":true,"href":"https:\/\/www.europesays.com\/lv\/wp-json\/wp\/v2\/media\/56388"}],"wp:attachment":[{"href":"https:\/\/www.europesays.com\/lv\/wp-json\/wp\/v2\/media?parent=56387"}],"wp:term":[{"taxonomy":"category","embeddable":true,"href":"https:\/\/www.europesays.com\/lv\/wp-json\/wp\/v2\/categories?post=56387"},{"taxonomy":"post_tag","embeddable":true,"href":"https:\/\/www.europesays.com\/lv\/wp-json\/wp\/v2\/tags?post=56387"}],"curies":[{"name":"wp","href":"https:\/\/api.w.org\/{rel}","templated":true}]}}