{"id":56414,"date":"2025-11-23T04:13:10","date_gmt":"2025-11-23T04:13:10","guid":{"rendered":"https:\/\/www.europesays.com\/lv\/56414\/"},"modified":"2025-11-23T04:13:10","modified_gmt":"2025-11-23T04:13:10","slug":"latviesu-duets-de-mantra-ar-jauno-singlu-let-them-aicina-uz-ieksejo-brivibu-lente-lv","status":"publish","type":"post","link":"https:\/\/www.europesays.com\/lv\/56414\/","title":{"rendered":"Latvie\u0161u duets \u00abDe Mantra\u00bb ar jauno singlu \u00abLet Them\u00bb aicina uz iek\u0161\u0113jo br\u012bv\u012bbu\u00a0\u2014\u00a0Lente.lv"},"content":{"rendered":"<p>Latvie\u0161u duets \u201cDe Mantra\u201d iepriecina ar jaunu dziesmu un videoklipu \u00abLet Them\u00bb<\/p>\n<p>Latvie\u0161u m\u016bzikas duets \u201cDe Mantra\u201d, ko veido talant\u012bg\u0101s Liene Leit\u0101ne un Madara Martinkena, ir iepriecin\u0101jis savus klaus\u012bt\u0101jus ar jaunu, emocion\u0101li pies\u0101tin\u0101tu singlu ang\u013cu valod\u0101 \u2013 \u201cLet Them\u201d. Tas ir jau tre\u0161ais dueta darbs sve\u0161valod\u0101, un to papildina vizu\u0101li iespaid\u012bgs videoklips, kas spilgti atspogu\u013co dziesmas dzi\u013co v\u0113st\u012bjumu. Dziesma \u201cLet Them\u201d ir k\u013cuvusi par v\u0113stnesi ar\u012b n\u0101kam\u0101 gada notikumiem, jo ar to duets pieteicis savu dal\u012bbu 2025. gada 15. august\u0101 gaid\u0101maj\u0101 koncert\u0101 \u201cTuvums\u201d Daugavas stadion\u0101.<\/p>\n<p>V\u0113st\u012bjums par iek\u0161\u0113jo br\u012bv\u012bbu un neatkar\u012bbu<\/p>\n<p>\u201cLet Them\u201d nav vienk\u0101r\u0161i dziesma; t\u0101 ir dv\u0113selisks manifests un atg\u0101din\u0101jums par sp\u0113ju saglab\u0101t savu iek\u0161\u0113jo neatkar\u012bbu un br\u012bv\u012bbu m\u016bsdienu pasaul\u0113, kas nereti ir p\u0101rs\u0101tin\u0101ta ar negat\u012bvismu un nebeidzamu inform\u0101cijas pl\u016bsmu. T\u0101s galven\u0101 ideja mudina klaus\u012bt\u0101jus iem\u0101c\u012bties atlaist un nedot iesp\u0113ju kritikai, skaud\u012bbai vai citu cilv\u0113ku negat\u012bvajai ietekmei sevi ietekm\u0113t. T\u0101 ir drosm\u012bga aicin\u0101juma pilna kompoz\u012bcija, kas iedro\u0161ina tic\u0113t sev, saviem sap\u0146iem un v\u0113rt\u012bb\u0101m, nevienam ne\u013caujot noteikt, k\u0101dai j\u0101b\u016bt dz\u012bvei vai k\u0101diem j\u0101b\u016bt ide\u0101liem. Dueta dal\u012bbnieces uzsver, ka nevajadz\u012bga rea\u0123\u0113\u0161ana uz citu cilv\u0113ku iek\u0161\u0113j\u0101m probl\u0113m\u0101m un nepamatotiem spriedumiem ir m\u016bsu visd\u0101rg\u0101k\u0101 un ierobe\u017eot\u0101k\u0101 resursa \u2013 laika \u2013 iz\u0161\u0137\u0113rd\u0113\u0161ana. \u0160o ener\u0123iju ir daudz lietder\u012bg\u0101k ieguld\u012bt sevis att\u012bst\u012bb\u0101, nevis c\u012b\u0146\u0101 ar to, ko nesp\u0113jam kontrol\u0113t.<\/p>\n<blockquote>\n<p>\u201eDz\u012bvojam laik\u0101, kad ir viegl\u0101k redz\u0113t citu dz\u012bves nek\u0101 pa\u0161iem piedz\u012bvot sav\u0113jo. Soci\u0101lie t\u012bki bie\u017ei rada il\u016bziju, kas ved pie sal\u012bdzin\u0101\u0161anas un negat\u012bvisma. M\u0113s grib\u0113j\u0101m par\u0101d\u012bt, ka lab\u0101kais veids ir vienk\u0101r\u0161i \u013caut vi\u0146iem \u2013 \u201elet them\u201d \u2013 un dz\u012bvot savu dz\u012bvi ar tic\u012bbu sev,\u201d st\u0101sta dueta dal\u012bbnieces. Liene un Madara piebilst, ka, lai gan ikviens cilv\u0113ks sav\u0101 dz\u012bv\u0113 pie\u013cauj k\u013c\u016bdas, t\u0101s m\u016bs nenosaka. Ar \u0161o dziesmu vi\u0146as v\u0113las atg\u0101din\u0101t par savu v\u0113rt\u012bbu noz\u012bmi un to, ka cilv\u0113k\u0101 eso\u0161ais labais vienm\u0113r ir stipr\u0101ks par negat\u012bvo.<\/p>\n<\/blockquote>\n<p>Rado\u0161ais process un muzik\u0101lais skan\u0113jums<\/p>\n<p>M\u016bzikas zi\u0146\u0101 \u201cLet Them\u201d ir rad\u012bts k\u0101 rado\u0161s eksperiments, apzin\u0101ti izvairoties no stingriem \u017eanriskiem ierobe\u017eojumiem. \u201cDe Mantra\u201d dai\u013cradei rakstur\u012bgs dv\u0113selisks un emocion\u0101ls popm\u016bzikas skan\u0113jums, kas atspogu\u013co abu m\u0101kslinie\u010du iek\u0161\u0113jo pasauli un saj\u016btas. Gan dziesmas v\u0101rdi, gan m\u016bzika ir rad\u012bta kopdarb\u0101, apliecinot dueta m\u0101kslinie\u010du saska\u0146u un vienoto redz\u0113jumu. Dziesmas studijas ierakstu, miks\u0113\u0161anu un m\u0101ster\u0113\u0161anu veiku\u0161i producenti Armands Varslav\u0101ns un Edgars Vilc\u0101ns, apliecinot profesion\u0101lu pieeju ska\u0146as kvalit\u0101tei. Singlu pavada ar\u012b pa\u0161u rad\u012bts videoklips, kur\u0101 film\u0113\u0161an\u0101 piedal\u012bjies J\u0101nis V\u0101cers, bet mont\u0101\u017eu veidojusi Liene Leit\u0101ne.<\/p>\n<p>Jaun\u0101kais singls pieejams straum\u0113\u0161anas platform\u0101s<\/p>\n<p>Singls \u201cLet Them\u201d jau ir pieejams vis\u0101s popul\u0101r\u0101kaj\u0101s straum\u0113\u0161anas platform\u0101s, tostarp Spotify, YouTube un Apple Music, \u013caujot klaus\u012bt\u0101jiem vis\u0101 pasaul\u0113 baud\u012bt t\u0101 iedvesmojo\u0161o v\u0113st\u012bjumu.<\/p>\n","protected":false},"excerpt":{"rendered":"Latvie\u0161u duets \u201cDe Mantra\u201d iepriecina ar jaunu dziesmu un videoklipu \u00abLet Them\u00bb Latvie\u0161u m\u016bzikas duets \u201cDe Mantra\u201d, ko&hellip;\n","protected":false},"author":2,"featured_media":56415,"comment_status":"","ping_status":"","sticky":false,"template":"","format":"standard","meta":{"footnotes":""},"categories":[19],"tags":[6440,89,90,35,39,38,194,36,37,34,6441,6442,40,6443],"class_list":{"0":"post-56414","1":"post","2":"type-post","3":"status-publish","4":"format-standard","5":"has-post-thumbnail","7":"category-izklaide","8":"tag-de-mantra","9":"tag-entertainment","10":"tag-izklaide","11":"tag-latvia","12":"tag-latvian","13":"tag-latviesu","14":"tag-latviesu-muzika","15":"tag-latviesu-valoda","16":"tag-latviesuvaloda","17":"tag-latvija","18":"tag-let-them","19":"tag-liene-leitane","20":"tag-lv","21":"tag-madara-martinkena"},"share_on_mastodon":{"url":"https:\/\/pubeurope.com\/@lv\/115597069693096861","error":""},"_links":{"self":[{"href":"https:\/\/www.europesays.com\/lv\/wp-json\/wp\/v2\/posts\/56414","targetHints":{"allow":["GET"]}}],"collection":[{"href":"https:\/\/www.europesays.com\/lv\/wp-json\/wp\/v2\/posts"}],"about":[{"href":"https:\/\/www.europesays.com\/lv\/wp-json\/wp\/v2\/types\/post"}],"author":[{"embeddable":true,"href":"https:\/\/www.europesays.com\/lv\/wp-json\/wp\/v2\/users\/2"}],"replies":[{"embeddable":true,"href":"https:\/\/www.europesays.com\/lv\/wp-json\/wp\/v2\/comments?post=56414"}],"version-history":[{"count":0,"href":"https:\/\/www.europesays.com\/lv\/wp-json\/wp\/v2\/posts\/56414\/revisions"}],"wp:featuredmedia":[{"embeddable":true,"href":"https:\/\/www.europesays.com\/lv\/wp-json\/wp\/v2\/media\/56415"}],"wp:attachment":[{"href":"https:\/\/www.europesays.com\/lv\/wp-json\/wp\/v2\/media?parent=56414"}],"wp:term":[{"taxonomy":"category","embeddable":true,"href":"https:\/\/www.europesays.com\/lv\/wp-json\/wp\/v2\/categories?post=56414"},{"taxonomy":"post_tag","embeddable":true,"href":"https:\/\/www.europesays.com\/lv\/wp-json\/wp\/v2\/tags?post=56414"}],"curies":[{"name":"wp","href":"https:\/\/api.w.org\/{rel}","templated":true}]}}