{"id":56416,"date":"2025-11-23T04:24:12","date_gmt":"2025-11-23T04:24:12","guid":{"rendered":"https:\/\/www.europesays.com\/lv\/56416\/"},"modified":"2025-11-23T04:24:12","modified_gmt":"2025-11-23T04:24:12","slug":"devingadiga-meitene-no-jelgavas-novada-ir-sveika-un-vesela-lente-lv","status":"publish","type":"post","link":"https:\/\/www.europesays.com\/lv\/56416\/","title":{"rendered":"devi\u0146gad\u012bg\u0101 meitene no Jelgavas novada ir sveika un vesela\u00a0\u2014\u00a0Lente.lv"},"content":{"rendered":"<p>Jelgavas novads, Valgundes pagasts \u2013 V\u0113stis par pazudu\u0161\u0101s devi\u0146gad\u012bg\u0101s Gabrielas Silinieces atra\u0161an\u0101s vietu ir izrais\u012bju\u0161as atvieglojumu un prieku vis\u0101 Latvij\u0101. Valsts policija apstiprin\u0101jusi, ka meiten\u012bte ir atrasta sveika un vesela, izbeidzot vairumu satraukumu, kas rad\u0101s p\u0113c vi\u0146as pazu\u0161anas piektdienas, 21. novembra, vakar\u0101.<\/p>\n<p>Atgrie\u0161an\u0101s m\u0101j\u0101s: cer\u012bbas piepild\u012bju\u0161\u0101s<\/p>\n<p>Gabriela Siliniece, 2016. gad\u0101 dzimusi meitene, izg\u0101ja no sav\u0101m m\u0101j\u0101m Jelgavas novada Valgundes pagast\u0101 piektdien, 21. novembr\u012b, ap pulksten 16.30. Ilgsto\u0161ais klusums un zi\u0146u tr\u016bkums par vi\u0146as atra\u0161an\u0101s vietu lika Valsts policijas Dienvidzemgales iecirknim nekav\u0113joties uzs\u0101kt intens\u012bvu mekl\u0113\u0161anu. Policija \u012bpa\u0161i uzsv\u0113ra, ka meitenei ir vesel\u012bbas probl\u0113mas, kas pastiprin\u0101ja ba\u017eas un mudin\u0101ja sabiedr\u012bbu b\u016bt \u012bpa\u0161i modrai un atsauc\u012bgai.<\/p>\n<p>T\u0101 k\u0101 meitenes dz\u012bvesvietas atra\u0161an\u0101s vieta nebija zin\u0101ma ilg\u0101ku laiku, tika izplat\u012bts aicin\u0101jums ikvienam, kur\u0161 redz\u0113jis Gabrielu vai zina kaut ko par vi\u0146as iesp\u0113jamo atra\u0161an\u0101s vietu, nekav\u0113joties sazin\u0101ties ar policiju, zvanot uz \u0101rk\u0101rtas t\u0101lruni 112. Tika public\u0113ts ar\u012b meitenes att\u0113ls, lai atvieglotu vi\u0146as atpaz\u012b\u0161anu un pal\u012bdz\u0113tu operat\u012bvi atrast.<\/p>\n<p>Sabiedr\u012bbas iesaiste un policijas operat\u012bv\u0101 r\u012bc\u012bba<\/p>\n<p>\u0160\u0101da veida notikumi vienm\u0113r izsauc pla\u0161u rezonansi sabiedr\u012bb\u0101. Cilv\u0113ki, kuriem svar\u012bga ir ikviena b\u0113rna dro\u0161\u012bba, akt\u012bvi dal\u012bj\u0101s ar inform\u0101ciju soci\u0101lajos t\u012bklos un sekoja l\u012bdzi notikumu att\u012bst\u012bbai. Ir svar\u012bgi atcer\u0113ties, ka policijas pazi\u0146ojumi par bezv\u0113sts promb\u016btn\u0113 eso\u0161\u0101m person\u0101m, \u012bpa\u0161i b\u0113rniem, ir nopietni sign\u0101li, kas prasa sabiedr\u012bbas \u0101tru un koordin\u0113tu reakciju. K\u0101 nor\u0101da Valsts policija, nekav\u0113joties j\u0101zi\u0146o policijai, ja ir aizdomas par personas pazu\u0161anu, un nav nepiecie\u0161ams gaid\u012bt noteiktu laika periodu. \u0160aj\u0101 gad\u012bjum\u0101 policijas operat\u012bv\u0101 r\u012bc\u012bba un sabiedr\u012bbas modr\u012bba ir vainagojusies pan\u0101kumiem.<\/p>\n<p>Lai gan konkr\u0113tas deta\u013cas par to, k\u0101 tie\u0161i Gabriela tika atrasta, nav pla\u0161i publiskotas, galvenais un visvair\u0101k gaid\u012btais rezult\u0101ts ir tas, ka vi\u0146a ir dro\u0161\u012bb\u0101. \u0160is gad\u012bjums v\u0113lreiz apliecina, cik svar\u012bga ir cie\u0161a sadarb\u012bba starp Valsts policiju un sabiedr\u012bbu, \u012bpa\u0161i, ja runa ir par b\u0113rniem ar \u012bpa\u0161\u0101m vesel\u012bbas vajadz\u012bb\u0101m.<\/p>\n<p>Neatliekam\u0101 pal\u012bdz\u012bba b\u0113rniem ar vesel\u012bbas probl\u0113m\u0101m<\/p>\n<p>Meitenes vesel\u012bbas probl\u0113mas lika policijai un tuviniekiem v\u0113l vair\u0101k uztraukties par vi\u0146as likteni. \u0100tra atra\u0161an\u0101s vieta ir \u012bpa\u0161i svar\u012bga gad\u012bjumos, kad cilv\u0113kam ir nepiecie\u0161amas regul\u0101ras z\u0101les vai specifiska apr\u016bpe. \u0160\u0101du situ\u0101ciju risin\u0101\u0161ana prasa \u012bpa\u0161u jut\u012bgumu un koordin\u0101ciju, un Valsts policija ir nor\u0101d\u012bjusi, ka \u0161\u0101dos gad\u012bjumos ir \u013coti svar\u012bga \u0101tra un prec\u012bza inform\u0101cijas apmai\u0146a starp vis\u0101m iesaist\u012btaj\u0101m pus\u0113m.<\/p>\n<p>Ir gandar\u012bjums par to, ka viss beidzies laim\u012bgi. \u0160is ir atg\u0101din\u0101jums par to, cik sp\u0113c\u012bga var b\u016bt kop\u012bga r\u012bc\u012bba un cik svar\u012bgi ir nezaud\u0113t cer\u012bbu pat vissare\u017e\u0123\u012btakaj\u0101s situat\u012bcij\u0101s. Gabriela Siliniece ir dro\u0161\u012bb\u0101, un tas ir pats svar\u012bg\u0101kais.<\/p>\n","protected":false},"excerpt":{"rendered":"Jelgavas novads, Valgundes pagasts \u2013 V\u0113stis par pazudu\u0161\u0101s devi\u0146gad\u012bg\u0101s Gabrielas Silinieces atra\u0161an\u0101s vietu ir izrais\u012bju\u0161as atvieglojumu un prieku&hellip;\n","protected":false},"author":2,"featured_media":56417,"comment_status":"","ping_status":"","sticky":false,"template":"","format":"standard","meta":{"footnotes":""},"categories":[5],"tags":[23,15076,15224,28,29,32,33,15223,22,15074,30,31,35,39,38,36,37,34,40,20,26,27,24,25,138,21],"class_list":{"0":"post-56416","1":"post","2":"type-post","3":"status-publish","4":"format-standard","5":"has-post-thumbnail","7":"category-aktualitates","8":"tag-aktualitates","9":"tag-atrasta-sveika","10":"tag-bezvests-prombutne","11":"tag-breaking-news","12":"tag-breakingnews","13":"tag-featured-news","14":"tag-featurednews","15":"tag-gabriela-siliniece","16":"tag-headlines","17":"tag-jelgavas-novads","18":"tag-latest-news","19":"tag-latestnews","20":"tag-latvia","21":"tag-latvian","22":"tag-latviesu","23":"tag-latviesu-valoda","24":"tag-latviesuvaloda","25":"tag-latvija","26":"tag-lv","27":"tag-news","28":"tag-popularakas-zinas","29":"tag-popularakaszinas","30":"tag-top-stories","31":"tag-topstories","32":"tag-valsts-policija","33":"tag-zinas"},"share_on_mastodon":{"url":"https:\/\/pubeurope.com\/@lv\/115597113016743452","error":""},"_links":{"self":[{"href":"https:\/\/www.europesays.com\/lv\/wp-json\/wp\/v2\/posts\/56416","targetHints":{"allow":["GET"]}}],"collection":[{"href":"https:\/\/www.europesays.com\/lv\/wp-json\/wp\/v2\/posts"}],"about":[{"href":"https:\/\/www.europesays.com\/lv\/wp-json\/wp\/v2\/types\/post"}],"author":[{"embeddable":true,"href":"https:\/\/www.europesays.com\/lv\/wp-json\/wp\/v2\/users\/2"}],"replies":[{"embeddable":true,"href":"https:\/\/www.europesays.com\/lv\/wp-json\/wp\/v2\/comments?post=56416"}],"version-history":[{"count":0,"href":"https:\/\/www.europesays.com\/lv\/wp-json\/wp\/v2\/posts\/56416\/revisions"}],"wp:featuredmedia":[{"embeddable":true,"href":"https:\/\/www.europesays.com\/lv\/wp-json\/wp\/v2\/media\/56417"}],"wp:attachment":[{"href":"https:\/\/www.europesays.com\/lv\/wp-json\/wp\/v2\/media?parent=56416"}],"wp:term":[{"taxonomy":"category","embeddable":true,"href":"https:\/\/www.europesays.com\/lv\/wp-json\/wp\/v2\/categories?post=56416"},{"taxonomy":"post_tag","embeddable":true,"href":"https:\/\/www.europesays.com\/lv\/wp-json\/wp\/v2\/tags?post=56416"}],"curies":[{"name":"wp","href":"https:\/\/api.w.org\/{rel}","templated":true}]}}