{"id":56448,"date":"2025-11-23T05:36:08","date_gmt":"2025-11-23T05:36:08","guid":{"rendered":"https:\/\/www.europesays.com\/lv\/56448\/"},"modified":"2025-11-23T05:36:08","modified_gmt":"2025-11-23T05:36:08","slug":"regionalo-parvadajumu-finansejuma-trukums-var-izraisit-valdibas-beigas-lente-lv","status":"publish","type":"post","link":"https:\/\/www.europesays.com\/lv\/56448\/","title":{"rendered":"re\u0123ion\u0101lo p\u0101rvad\u0101jumu finans\u0113juma tr\u016bkums var izrais\u012bt vald\u012bbas beigas\u00a0\u2014\u00a0Lente.lv"},"content":{"rendered":"<p>ZZS br\u012bdina par vald\u012bbas kr\u012bzi: Re\u0123ion\u0101lie p\u0101rvad\u0101jumi k\u0101 potenci\u0101ls sabrukuma iemesls<\/p>\n<p>Za\u013co un Zemnieku savien\u012bbas (ZZS) valdes priek\u0161s\u0113d\u0113t\u0101js, zemkop\u012bbas ministrs Armands Krauze, izteicis nopietnu br\u012bdin\u0101jumu par iesp\u0113jam\u0101m sek\u0101m, ja netiks nodro\u0161in\u0101ts pietiekams atbalsts Latvijas re\u0123ioniem. Vi\u0146\u0161 uzsv\u0113ra, ka \u0161is jaut\u0101jums ir tik kritisks, ka tas var noz\u012bm\u0113t pa\u0161reiz\u0113j\u0101s vald\u012bbas beigas. \u0160\u012b satrauco\u0161\u0101 situ\u0101cija ir pamats ZZS valdes \u0101rk\u0101rtas s\u0113dei, kas notika 2025. gada 21. novembr\u012b, lai p\u0101rrun\u0101tu politisk\u0101s norises un rastu kop\u012bgu nost\u0101ju.<\/p>\n<p>Re\u0123ion\u0101lo p\u0101rvad\u0101jumu probl\u0113ma: S\u0101p\u012bgais punkts koal\u012bcij\u0101<\/p>\n<p>Galvenais str\u012bdu \u0101bols, kas rada spriedzi koal\u012bcijas attiec\u012bb\u0101s, ir situ\u0101cija ar re\u0123ion\u0101lajiem p\u0101rvad\u0101jumiem. Krauze nor\u0101d\u012bja, ka jau pirmdien, 24. novembr\u012b, \u0161is jaut\u0101jums tiks izskat\u012bts vald\u012bbu veidojo\u0161o partiju sadarb\u012bbas san\u0101ksm\u0113, kur\u0101 piedal\u012bsies ar\u012b Ministru prezidente Evika Sili\u0146a. Krauze pauda neapmierin\u0101t\u012bbu ar satiksmes ministra Ata \u0160vinkas (Progres\u012bvie) pied\u0101v\u0101tajiem risin\u0101jumiem, kuriem, p\u0113c vi\u0146a teikt\u0101, tr\u016bkst re\u0101la finans\u0113juma. Vi\u0146\u0161 kritiski v\u0113rt\u0113 faktu, ka l\u012bdzek\u013ci tiek mekl\u0113ti pla\u0161iem projektiem, piem\u0113ram, &#8220;Rail Baltica&#8221;, kam\u0113r re\u0123ionos tiek pl\u0101nots samazin\u0101t sabiedrisk\u0101 transporta pakalpojumu apjomu. \u0160\u0101da politika tiek uzskat\u012bta par piln\u012bgi nepie\u0146emamu un demoraliz\u0113jo\u0161u, \u012bpa\u0161i re\u0123ionu iedz\u012bvot\u0101jiem, kuriem sabiedriskais transports ir vit\u0101li svar\u012bgs, lai nok\u013c\u016btu uz darbu, skol\u0101m un medic\u012bnas iest\u0101d\u0113m.<\/p>\n<p>ZZS poz\u012bcija: Re\u0123ionu intereses ir priorit\u0101te<\/p>\n<p>Armands Krauze stingri uzsv\u0113ra, ka Za\u013co un Zemnieku savien\u012bba n\u0101k no re\u0123ioniem, un cilv\u0113ku intereses laukos vienm\u0113r b\u016bs t\u0101s galven\u0101 priorit\u0101te, pat ja tas noz\u012bm\u0113tu form\u0101lu atk\u0101pi no koal\u012bcijas vieno\u0161an\u0101s. Vi\u0146\u0161 kritiz\u0113ja partiju &#8220;Progres\u012bvie&#8221;, apgalvojot, ka t\u0101 sav\u0101s darb\u012bb\u0101s prioritiz\u0113 R\u012bgas intereses, radot spriedzi un destabiliz\u0113jot vald\u012bbu. Krauze br\u012bdin\u0101ja, ka, ja \u0161\u0101da pieeja turpin\u0101sies un re\u0123ioni netiks pien\u0101c\u012bgi atbalst\u012bti, vald\u012bba var saskarties ar savu past\u0101v\u0113\u0161anu apdraudo\u0161\u0101m sek\u0101m.<\/p>\n<p>Politisk\u0101 spriedze un vald\u012bbas stabilit\u0101te<\/p>\n<p>Situ\u0101cija ir k\u013cuvusi \u012bpa\u0161i saspringta, jo p\u0113d\u0113j\u0101 laik\u0101 ir nov\u0113rojams pieaugo\u0161s str\u012bdu skaits starp ZZS un &#8220;Progres\u012bvajiem&#8221;, kuri viens otru vaino vald\u012bbas grau\u0161anas m\u0113\u0123in\u0101jumos. Lai gan koal\u012bcijas l\u012bgums paredz sadarb\u012bbas partneru attur\u0113\u0161anos no neuztic\u012bbas izteik\u0161anas iniciat\u012bv\u0101m, ZZS deput\u0101tu Ulda Augu\u013ca un J\u0101\u0146a Vuc\u0101na balsojums par satiksmes ministra demisiju par\u0101d\u012bja eso\u0161\u0101s spriedzes l\u012bmeni. Ministru prezidente Evika Sili\u0146a (JV) \u0161o situ\u0101ciju raksturo k\u0101 &#8220;koal\u012bcijas partneru savstarp\u0113j\u0101s sadarb\u012bbas jaut\u0101jumu&#8221;. Krauze nor\u0101d\u012bjis, ka ZZS valdes s\u0113d\u0113 netika run\u0101ts par deput\u0101tu balsojumu, bet gan par &#8220;Progres\u012bvo&#8221; m\u0113\u0123in\u0101jumiem g\u0101zt vald\u012bbu un par to, k\u0101 nodro\u0161in\u0101t n\u0101kam\u0101 gada bud\u017eeta pie\u0146em\u0161anu. Politologs Juris Rozenvalds \u0161o situ\u0101ciju raksturo k\u0101 politisku &#8220;pingpongu&#8221;, kur abas puses cen\u0161as demonstr\u0113t savu principi\u0101lo poz\u012bciju.<\/p>\n<p>N\u0101kotnes perspekt\u012bvas un politisk\u0101 n\u0101kotne<\/p>\n<p>Lai gan pa\u0161laik netiek apspriests jaut\u0101jums par uztic\u012bbas balsojumu premjerei, ZZS izteiktie br\u012bdin\u0101jumi liecina par nopietn\u0101m ba\u017e\u0101m par vald\u012bbas stabilit\u0101ti. Situ\u0101cija ir k\u0101 nel\u012bdzsvarots tilts, kas notur smagu kravu \u2013 vald\u012bbas sp\u0113jas turpin\u0101t darbu b\u016bs atkar\u012bgas no sp\u0113jas atrast kop\u012bgu valodu un risin\u0101t jaut\u0101jumu par re\u0123ion\u0101lo p\u0101rvad\u0101jumu finans\u0113\u0161anu. Vai koal\u012bcijas partneri sp\u0113s vienoties un rast kompromisu, lai nodro\u0161in\u0101tu valsts stabilit\u0101ti un re\u0123ionu att\u012bst\u012bbu, vai ar\u012b politisk\u0101 spriedze turpin\u0101sies, ir jaut\u0101jums, uz kuru atbildi dos tuv\u0101k\u0101s ned\u0113\u013cas.<\/p>\n","protected":false},"excerpt":{"rendered":"ZZS br\u012bdina par vald\u012bbas kr\u012bzi: Re\u0123ion\u0101lie p\u0101rvad\u0101jumi k\u0101 potenci\u0101ls sabrukuma iemesls Za\u013co un Zemnieku savien\u012bbas (ZZS) valdes priek\u0161s\u0113d\u0113t\u0101js,&hellip;\n","protected":false},"author":2,"featured_media":56449,"comment_status":"","ping_status":"","sticky":false,"template":"","format":"standard","meta":{"footnotes":""},"categories":[5],"tags":[23,665,28,29,32,33,22,30,31,35,39,38,36,37,34,40,20,4132,26,27,15233,24,25,4338,21,666],"class_list":{"0":"post-56448","1":"post","2":"type-post","3":"status-publish","4":"format-standard","5":"has-post-thumbnail","7":"category-aktualitates","8":"tag-aktualitates","9":"tag-armands-krauze","10":"tag-breaking-news","11":"tag-breakingnews","12":"tag-featured-news","13":"tag-featurednews","14":"tag-headlines","15":"tag-latest-news","16":"tag-latestnews","17":"tag-latvia","18":"tag-latvian","19":"tag-latviesu","20":"tag-latviesu-valoda","21":"tag-latviesuvaloda","22":"tag-latvija","23":"tag-lv","24":"tag-news","25":"tag-politiska-krize","26":"tag-popularakas-zinas","27":"tag-popularakaszinas","28":"tag-regionalie-parvadajumi","29":"tag-top-stories","30":"tag-topstories","31":"tag-valdibas-stabilitate","32":"tag-zinas","33":"tag-zzs"},"share_on_mastodon":{"url":"https:\/\/pubeurope.com\/@lv\/115597396080079930","error":""},"_links":{"self":[{"href":"https:\/\/www.europesays.com\/lv\/wp-json\/wp\/v2\/posts\/56448","targetHints":{"allow":["GET"]}}],"collection":[{"href":"https:\/\/www.europesays.com\/lv\/wp-json\/wp\/v2\/posts"}],"about":[{"href":"https:\/\/www.europesays.com\/lv\/wp-json\/wp\/v2\/types\/post"}],"author":[{"embeddable":true,"href":"https:\/\/www.europesays.com\/lv\/wp-json\/wp\/v2\/users\/2"}],"replies":[{"embeddable":true,"href":"https:\/\/www.europesays.com\/lv\/wp-json\/wp\/v2\/comments?post=56448"}],"version-history":[{"count":0,"href":"https:\/\/www.europesays.com\/lv\/wp-json\/wp\/v2\/posts\/56448\/revisions"}],"wp:featuredmedia":[{"embeddable":true,"href":"https:\/\/www.europesays.com\/lv\/wp-json\/wp\/v2\/media\/56449"}],"wp:attachment":[{"href":"https:\/\/www.europesays.com\/lv\/wp-json\/wp\/v2\/media?parent=56448"}],"wp:term":[{"taxonomy":"category","embeddable":true,"href":"https:\/\/www.europesays.com\/lv\/wp-json\/wp\/v2\/categories?post=56448"},{"taxonomy":"post_tag","embeddable":true,"href":"https:\/\/www.europesays.com\/lv\/wp-json\/wp\/v2\/tags?post=56448"}],"curies":[{"name":"wp","href":"https:\/\/api.w.org\/{rel}","templated":true}]}}