{"id":56452,"date":"2025-11-23T05:42:09","date_gmt":"2025-11-23T05:42:09","guid":{"rendered":"https:\/\/www.europesays.com\/lv\/56452\/"},"modified":"2025-11-23T05:42:09","modified_gmt":"2025-11-23T05:42:09","slug":"daugavmala-tukstosiem-svin-latvijas-republikas-proklamesanas-107-gadadienu-ar-iespaidigu-militaro-paradi-lente-lv","status":"publish","type":"post","link":"https:\/\/www.europesays.com\/lv\/56452\/","title":{"rendered":"Daugavmal\u0101 t\u016bksto\u0161iem svin Latvijas Republikas proklam\u0113\u0161anas 107. gadadienu ar iespaid\u012bgu milit\u0101ro par\u0101di\u00a0\u2014\u00a0Lente.lv"},"content":{"rendered":"<p>Latvijas Republikas proklam\u0113\u0161anas 107. gadadienas svin\u012bbas pulc\u0113 t\u016bksto\u0161us uz Daugavmalu<\/p>\n<p>R\u012bg\u0101, 11. novembra krastmal\u0101, jau tradicion\u0101li pulc\u0113j\u0101s t\u016bksto\u0161iem Latvijas iedz\u012bvot\u0101ju un viesu, lai godin\u0101tu Latvijas Republikas proklam\u0113\u0161anas 107. gadadienu. Sv\u0113tku centr\u0101lais notikums bija iespaid\u012bg\u0101 Nacion\u0101lo bru\u0146oto sp\u0113ku (NBS), sabiedroto vien\u012bbu un valsts aizsardz\u012bb\u0101 iesaist\u012bto dienestu milit\u0101r\u0101 par\u0101de, kas norisin\u0101j\u0101s Daugavmal\u0101. \u0160ogad pas\u0101kums ieguva jaunu, visaptvero\u0161\u0101ku nosaukumu, uzsverot gan Latvijas aizsardz\u012bbas sist\u0113mas sp\u0113ku, gan starptautisko partneru noz\u012bm\u012bgo ieguld\u012bjumu valsts dro\u0161\u012bb\u0101.<\/p>\n<p>Par\u0101di pie\u0146\u0113ma Valsts prezidents Edgars Rink\u0113vi\u010ds, aizsardz\u012bbas ministrs Andris Spr\u016bds un NBS komandieris \u0123ener\u0101lmajors Kaspars Pud\u0101ns. Par\u0101des komandiera godu ie\u0146\u0113ma M\u0101c\u012bbu vad\u012bbas pav\u0113lniec\u012bbas komandieris, Latvijas Nacion\u0101l\u0101s aizsardz\u012bbas akad\u0113mijas rektors pulkvedis M\u0101ris Utin\u0101ns.<\/p>\n<p>Sv\u0113tku atmosf\u0113ra un dal\u012bbnieki<\/p>\n<p>Saule sp\u012bd\u0113ja spo\u017ei, pulc\u0113jot \u0123imenes ar b\u0113rniem, jaunie\u0161us un sirmus cilv\u0113kus, kuri vienoj\u0101s kop\u012bg\u0101 patriotisk\u0101 noska\u0146\u0101. Skat\u012bt\u0101ju vid\u016b man\u0101ms bija liels skaits b\u0113rnu, kuri ar ac\u012bmredzamu interesi un saj\u016bsmu v\u0113roja milit\u0101r\u0101s tehnikas demonstr\u0113jumu un karav\u012bru sol\u012bgo g\u0101jienu. Atmosf\u0113ra bija svin\u012bga un emocion\u0101li pies\u0101tin\u0101ta, radot sp\u0113c\u012bgu kop\u012bbas saj\u016btu un lepnumu par savu valsti.<\/p>\n<p>\u0160ogad \u012bpa\u0161u uzman\u012bbu piesaist\u012bja Valsts aizsardz\u012bbas dienesta karav\u012bru l\u012bdzdal\u012bba, kuri so\u013coja savu vien\u012bbu ierind\u0101s, simboliz\u0113jot Latvijas aizsardz\u012bbas n\u0101kotni un jaun\u0101s paaudzes gatav\u012bbu kalpot dzimtenei. T\u0101pat par\u0101d\u0113 pirmo reizi piedal\u012bj\u0101s Tieslietu ministrijas Ieslodz\u012bjuma vietu p\u0101rvaldes karoga grupa, apliecinot valsts aizsardz\u012bbas sist\u0113mas visaptvero\u0161umu.<\/p>\n<p>Da\u017e\u0101d\u012bba un vienot\u012bba par\u0101d\u0113<\/p>\n<p>Par\u0101des v\u0113rien\u012bgums tika demonstr\u0113ts ar pla\u0161u Latvijas un sabiedroto bru\u0146oto sp\u0113ku milit\u0101r\u0101s tehnikas kl\u0101tb\u016btni, \u013caujot kl\u0101teso\u0161ajiem kl\u0101tien\u0113 nov\u0113rt\u0113t valsts aizsardz\u012bbas sp\u0113jas un t\u0101s moderniz\u0101ciju. Gais\u0101 pac\u0113l\u0101s Latvijas un sabiedroto gaisa sp\u0113ku helikopteri un lidma\u0161\u012bnas, radot iespaid\u012bgu un svin\u012bgu skan\u0113jumu.<\/p>\n<p>Par\u0101d\u0113 piedal\u012bj\u0101s ar\u012b Valsts policijas, Valsts robe\u017esardzes, Valsts ugunsdz\u0113s\u012bbas un gl\u0101b\u0161anas dienesta un Neatliekam\u0101s medic\u012bnisk\u0101s pal\u012bdz\u012bbas dienesta vien\u012bbas, apliecinot visu valsts dro\u0161\u012bb\u0101 iesaist\u012bto dienestu cie\u0161o sadarb\u012bbu un integr\u0101ciju. Sabiedroto valstu karogu grupas \u2013 Alb\u0101nijas, Kan\u0101das, \u010cehijas, D\u0101nijas, Igaunijas, Islandes, It\u0101lijas, Lietuvas, Melnkalnes, Zieme\u013cma\u0137edonijas, Polijas, Slov\u0101kijas, Slov\u0113nijas, Sp\u0101nijas un Ukrainas \u2013 apliecin\u0101ja Latvijas cie\u0161o saikni ar NATO sabiedrotajiem un vi\u0146u nelok\u0101mo atbalstu.<\/p>\n<p>V\u0113st\u012bjums par dro\u0161\u012bbu un n\u0101kotni<\/p>\n<p>Valsts prezidents Edgars Rink\u0113vi\u010ds sav\u0101 uzrun\u0101 uzsv\u0113ra, ka dro\u0161\u012bba ir p\u0101rliec\u012bba par br\u012bv\u012bbu, neatkar\u012bbu un sp\u0113ju pasarg\u0101t savu valodu, kult\u016bru un demokr\u0101tiju. Vi\u0146\u0161 uzsv\u0113ra, ka dro\u0161\u012bba nav tikai tehnolo\u0123ijas, bet ar\u012b cilv\u0113ks \u2013 karav\u012brs, kur\u0161 zv\u0113r\u0113jis aizsarg\u0101t savu valsti, un uzticams sabiedrotais. Prezidents aicin\u0101ja m\u0101c\u012bties no Ukrainas pieredzes un turpin\u0101t atbalst\u012bt Ukrainu c\u012b\u0146\u0101 pret agresoru, pieminot kritu\u0161os karav\u012brus, kas c\u012bn\u012bju\u0161ies par mieru un br\u012bv\u012bbu.<\/p>\n<p>Pas\u0101kums k\u013cuva par sirsn\u012bgu un patriotisku kop\u0101 b\u016b\u0161anas sv\u0113tku izpausmi, \u012bpa\u0161i uzsverot valsts aizsardz\u012bbas sist\u0113mas visaptvero\u0161umu un sabiedroto noz\u012bm\u012bgo lomu Latvijas dro\u0161\u012bb\u0101. Tas bija apliecin\u0101jums tam, ka Latvija ir stipra, dro\u0161a un sp\u0113j\u012bga valsts, kuras n\u0101kotne ir stabil\u0101s rok\u0101s.<\/p>\n","protected":false},"excerpt":{"rendered":"Latvijas Republikas proklam\u0113\u0161anas 107. gadadienas svin\u012bbas pulc\u0113 t\u016bksto\u0161us uz Daugavmalu R\u012bg\u0101, 11. novembra krastmal\u0101, jau tradicion\u0101li pulc\u0113j\u0101s t\u016bksto\u0161iem&hellip;\n","protected":false},"author":2,"featured_media":56453,"comment_status":"","ping_status":"","sticky":false,"template":"","format":"standard","meta":{"footnotes":""},"categories":[5],"tags":[13390,23,28,29,15218,32,33,22,30,31,35,39,38,36,37,34,15234,40,14769,3289,20,26,27,24,25,21],"class_list":{"0":"post-56452","1":"post","2":"type-post","3":"status-publish","4":"format-standard","5":"has-post-thumbnail","7":"category-aktualitates","8":"tag-11-novembris","9":"tag-aktualitates","10":"tag-breaking-news","11":"tag-breakingnews","12":"tag-daugavmala","13":"tag-featured-news","14":"tag-featurednews","15":"tag-headlines","16":"tag-latest-news","17":"tag-latestnews","18":"tag-latvia","19":"tag-latvian","20":"tag-latviesu","21":"tag-latviesu-valoda","22":"tag-latviesuvaloda","23":"tag-latvija","24":"tag-latvijas-republikas-proklamesanas-diena","25":"tag-lv","26":"tag-militara-parade","27":"tag-nacionalie-brunotie-speki","28":"tag-news","29":"tag-popularakas-zinas","30":"tag-popularakaszinas","31":"tag-top-stories","32":"tag-topstories","33":"tag-zinas"},"share_on_mastodon":{"url":"https:\/\/pubeurope.com\/@lv\/115597419692136019","error":""},"_links":{"self":[{"href":"https:\/\/www.europesays.com\/lv\/wp-json\/wp\/v2\/posts\/56452","targetHints":{"allow":["GET"]}}],"collection":[{"href":"https:\/\/www.europesays.com\/lv\/wp-json\/wp\/v2\/posts"}],"about":[{"href":"https:\/\/www.europesays.com\/lv\/wp-json\/wp\/v2\/types\/post"}],"author":[{"embeddable":true,"href":"https:\/\/www.europesays.com\/lv\/wp-json\/wp\/v2\/users\/2"}],"replies":[{"embeddable":true,"href":"https:\/\/www.europesays.com\/lv\/wp-json\/wp\/v2\/comments?post=56452"}],"version-history":[{"count":0,"href":"https:\/\/www.europesays.com\/lv\/wp-json\/wp\/v2\/posts\/56452\/revisions"}],"wp:featuredmedia":[{"embeddable":true,"href":"https:\/\/www.europesays.com\/lv\/wp-json\/wp\/v2\/media\/56453"}],"wp:attachment":[{"href":"https:\/\/www.europesays.com\/lv\/wp-json\/wp\/v2\/media?parent=56452"}],"wp:term":[{"taxonomy":"category","embeddable":true,"href":"https:\/\/www.europesays.com\/lv\/wp-json\/wp\/v2\/categories?post=56452"},{"taxonomy":"post_tag","embeddable":true,"href":"https:\/\/www.europesays.com\/lv\/wp-json\/wp\/v2\/tags?post=56452"}],"curies":[{"name":"wp","href":"https:\/\/api.w.org\/{rel}","templated":true}]}}