{"id":56456,"date":"2025-11-23T06:01:30","date_gmt":"2025-11-23T06:01:30","guid":{"rendered":"https:\/\/www.europesays.com\/lv\/56456\/"},"modified":"2025-11-23T06:01:30","modified_gmt":"2025-11-23T06:01:30","slug":"man-ir-loti-liela-ticiba-jaunajai-paaudzei-vini-ir-gudri-lente-lv","status":"publish","type":"post","link":"https:\/\/www.europesays.com\/lv\/56456\/","title":{"rendered":"Man ir \u013coti liela tic\u012bba jaunajai paaudzei, vi\u0146i ir gudri!\u00a0\u2014\u00a0Lente.lv"},"content":{"rendered":"<p>Indra Burkovska: Jaun\u0101 paaudze ir gudr\u0101ka, nek\u0101 m\u0113s dom\u0101jam<\/p>\n<p>Aktrise Indra Burkovska, kura \u0161obr\u012bd vada senioru iepaz\u012b\u0161an\u0101s \u0161ovu &#8220;Sirdslietas&#8221;, atkl\u0101j savu optimistisko skat\u012bjumu uz jaunatni un dal\u0101s p\u0101rdom\u0101s par pag\u0101tnes noris\u0113m un m\u016bsdienu pasauli.<\/p>\n<p>Sarunas par pag\u0101tni un n\u0101kotni<\/p>\n<p>Neseno dal\u012bbu podk\u0101st\u0101 &#8220;Laika ma\u0161\u012bna&#8221; kop\u0101 ar Kristi\u0101nu Gr\u0101mati\u0146u, kuras laik\u0101 tika piemin\u0113ta ar\u012b Tallina k\u0101 \u012bpa\u0161s galam\u0113r\u0137is, Burkovska raksturo k\u0101 atgrie\u0161anos pag\u0101tn\u0113, kas \u013cauj sal\u012bdzin\u0101t toreiz\u0113jo un tagad\u0113jo. Vi\u0146a atminas laiku padomju gados, kad cilv\u0113ku laipn\u012bba bija sastopama galvenok\u0101rt bibliot\u0113k\u0101s un muzejos, un pau\u017e gandar\u012bjumu par m\u016bsdienu p\u0101rmai\u0146\u0101m, kur cilv\u0113ki ir atv\u0113rt\u0101ki un draudz\u012bg\u0101ki. Aktrise atz\u012bst, ka vi\u0146ai pat\u012bk v\u0113rot atjaunot\u0101s R\u012bgas centra \u0113kas, kas tagad izstaro skaistumu, at\u0161\u0137ir\u012bb\u0101 no agr\u0101k\u0101 pel\u0113kuma un nolaist\u012bbas.<\/p>\n<p>Tic\u012bba jaunajai paaudzei<\/p>\n<p>Neskatoties uz to, ka bie\u017ei vien tiek kritiz\u0113ta, Indra Burkovska pau\u017e stingru p\u0101rliec\u012bbu par jaun\u0101s paaudzes sp\u0113j\u0101m un gudr\u012bbu. Vi\u0146a uzskata, ka jaunie\u0161i ir gudr\u0101ki, nek\u0101 m\u0113s, vec\u0101k\u0101 paaudze, nereti dom\u0101jam, un ir sp\u0113j\u012bgi tikt gal\u0101 ar m\u016bsdienu dz\u012bves izaicin\u0101jumiem. \u0160\u012b tic\u012bba ir balst\u012bta vi\u0146as pa\u013c\u0101v\u012bb\u0101 uz cilv\u0113ku sp\u0113ju piel\u0101goties un att\u012bst\u012bties.<\/p>\n<p>&#8220;Sirdslietas&#8221; un cilv\u0113cisk\u0101s attiec\u012bbas<\/p>\n<p>K\u0101 raid\u012bjuma &#8220;Sirdslietas&#8221; vad\u012bt\u0101ja, Burkovska ikdien\u0101 saskaras ar st\u0101stiem par vientul\u012bbu un ilgo\u0161anos p\u0113c tuv\u012bbas senioru vid\u016b. Raid\u012bjums, kas demonstr\u0113, ka dz\u012bve un m\u012blest\u012bbas mekl\u0113jumi nebeidzas p\u0113c 60 vai pat 80 gadiem, ir k\u013cuvis par iedvesmas avotu daudziem. Vi\u0146a uzsver, ka &#8220;Sirdslietas&#8221; ir par drosmi nepadoties vientul\u012bbai un \u013cauties dz\u012bvei, uzsverot, ka svar\u012bga ir ne tikai digit\u0101l\u0101 komunik\u0101cija, bet ar\u012b \u012bsta cilv\u0113ciska kl\u0101tb\u016btne. Aktrise mudina ar\u012b jaun\u0101ko paaudzi iesaist\u012bties un iedro\u0161in\u0101t savus vec\u0101kus vai kaimi\u0146us pieteikties \u0161ovam, lai ar\u012b vi\u0146iem rastos iesp\u0113ja atrast laimi.<\/p>\n<p>Atzi\u0146as par dz\u012bvi un cilv\u0113kiem<\/p>\n<p>Burkovska ar\u012b atz\u012bst, ka vi\u0146ai nepat\u012bk cilv\u0113ki, kuri p\u0101rk\u0101pj likumus, piem\u0113ram, strauji un neapdom\u012bgi brauc. \u0160\u012b pieeja liecina par vi\u0146as v\u0113lmi p\u0113c k\u0101rt\u012bbas un dro\u0161\u012bbas. Vi\u0146a ar\u012b piebilst, ka bie\u017ei vien cilv\u0113ku uzved\u012bba var b\u016bt saist\u012bta ar da\u017e\u0101diem kompleksiem, kas sak\u0146ojas b\u0113rn\u012bb\u0101.<\/p>\n","protected":false},"excerpt":{"rendered":"Indra Burkovska: Jaun\u0101 paaudze ir gudr\u0101ka, nek\u0101 m\u0113s dom\u0101jam Aktrise Indra Burkovska, kura \u0161obr\u012bd vada senioru iepaz\u012b\u0161an\u0101s \u0161ovu&hellip;\n","protected":false},"author":2,"featured_media":56457,"comment_status":"","ping_status":"","sticky":false,"template":"","format":"standard","meta":{"footnotes":""},"categories":[19],"tags":[89,11588,90,3942,15235,35,39,38,36,37,34,40,6842,6459],"class_list":{"0":"post-56456","1":"post","2":"type-post","3":"status-publish","4":"format-standard","5":"has-post-thumbnail","7":"category-izklaide","8":"tag-entertainment","9":"tag-indra-burkovska","10":"tag-izklaide","11":"tag-jauna-paaudze","12":"tag-laika-masina","13":"tag-latvia","14":"tag-latvian","15":"tag-latviesu","16":"tag-latviesu-valoda","17":"tag-latviesuvaloda","18":"tag-latvija","19":"tag-lv","20":"tag-senioru-iepazisanas","21":"tag-sirdslietas"},"share_on_mastodon":{"url":"https:\/\/pubeurope.com\/@lv\/115597494373821385","error":""},"_links":{"self":[{"href":"https:\/\/www.europesays.com\/lv\/wp-json\/wp\/v2\/posts\/56456","targetHints":{"allow":["GET"]}}],"collection":[{"href":"https:\/\/www.europesays.com\/lv\/wp-json\/wp\/v2\/posts"}],"about":[{"href":"https:\/\/www.europesays.com\/lv\/wp-json\/wp\/v2\/types\/post"}],"author":[{"embeddable":true,"href":"https:\/\/www.europesays.com\/lv\/wp-json\/wp\/v2\/users\/2"}],"replies":[{"embeddable":true,"href":"https:\/\/www.europesays.com\/lv\/wp-json\/wp\/v2\/comments?post=56456"}],"version-history":[{"count":0,"href":"https:\/\/www.europesays.com\/lv\/wp-json\/wp\/v2\/posts\/56456\/revisions"}],"wp:featuredmedia":[{"embeddable":true,"href":"https:\/\/www.europesays.com\/lv\/wp-json\/wp\/v2\/media\/56457"}],"wp:attachment":[{"href":"https:\/\/www.europesays.com\/lv\/wp-json\/wp\/v2\/media?parent=56456"}],"wp:term":[{"taxonomy":"category","embeddable":true,"href":"https:\/\/www.europesays.com\/lv\/wp-json\/wp\/v2\/categories?post=56456"},{"taxonomy":"post_tag","embeddable":true,"href":"https:\/\/www.europesays.com\/lv\/wp-json\/wp\/v2\/tags?post=56456"}],"curies":[{"name":"wp","href":"https:\/\/api.w.org\/{rel}","templated":true}]}}