{"id":56466,"date":"2025-11-23T06:25:08","date_gmt":"2025-11-23T06:25:08","guid":{"rendered":"https:\/\/www.europesays.com\/lv\/56466\/"},"modified":"2025-11-23T06:25:08","modified_gmt":"2025-11-23T06:25:08","slug":"fridas-kalo-glezna-sasniedz-rekordaugstu-cenu-izsole-uzstadot-jaunus-sieviesu-maksliniecu-pardosanas-standartus-lente-lv","status":"publish","type":"post","link":"https:\/\/www.europesays.com\/lv\/56466\/","title":{"rendered":"Fr\u012bdas Kalo glezna sasniedz rekordaugstu cenu izsol\u0113, uzst\u0101dot jaunus sievie\u0161u m\u0101kslinie\u010du p\u0101rdo\u0161anas standartus\u00a0\u2014\u00a0Lente.lv"},"content":{"rendered":"<p>Fr\u012bdas Kalo darbs sasniedz jaunu rekordu m\u0101kslas izsol\u0113<\/p>\n<p>Meksikas ikonas un slaven\u0101s gleznot\u0101jas Fr\u012bdas Kalo pa\u0161portrets, glezna ar nosaukumu &#8220;El sue\u00f1o (La cama)&#8221; jeb &#8220;Sapnis (Gulta)&#8221;, izsol\u0113 \u0145ujork\u0101 sasniegusi jaunu p\u0101rdo\u0161anas rekordu, ieg\u016bstot iespaid\u012bgu summu \u2013 54,7 miljonus ASV dol\u0101ru (aptuveni 47,5 miljonus eiro). \u0160is iev\u0113rojamais notikums, kas norisin\u0101j\u0101s 20. novembr\u012b izso\u013cu nam\u0101 &#8220;Sotheby&#8217;s&#8221;, ne tikai p\u0101rsp\u0113jis pa\u0161u m\u0101kslinieces iepriek\u0161\u0113jo rekordu, bet ar\u012b uzst\u0101d\u012bjis jaunu augst\u0101ko cenu par sievie\u0161u m\u0101kslinie\u010du darbiem jebkad sasniegto izsol\u0113s.<\/p>\n<p>Glezna ar dzi\u013cu simboliku un emocion\u0101lo v\u0113rt\u012bbu<\/p>\n<p>\u0160is 1940. gad\u0101 rad\u012btais darbs, kur\u0101 Fr\u012bda Kalo att\u0113lota gu\u013cam gult\u0101 ar skeleta fig\u016bru virs galvas, izpeln\u012bjies \u012bpa\u0161u uzman\u012bbu ne tikai ar savu unik\u0101lo kompoz\u012bciju, bet ar\u012b ar dzi\u013co emocion\u0101lo pies\u0101tin\u0101jumu. Glezna interpret\u0113jama k\u0101 Kalo iek\u0161\u0113j\u0101s pasaules atspulgs, kur\u0101 savijas trauslums, s\u0101pes un sp\u0113ks. T\u0101 ir k\u013cuvusi par simbolu vi\u0146as neparastajai dz\u012bvei, ko aiz\u0113noja hroniskas s\u0101pes un traumas, ta\u010du vienlaikus ar\u012b neticam\u0101 iztur\u012bba un m\u0101ksliniecisk\u0101 br\u012bv\u012bba.<\/p>\n<p>\u0160is pa\u0161portrets ir viens no retajiem Kalo darbiem, kas atradies priv\u0101t\u0101s rok\u0101s \u0101rpus Meksikas, kur vi\u0146as dai\u013cradei ir m\u0101kslas pieminek\u013ca statuss. Interesanti, ka \u0161\u012b glezna iepriek\u0161\u0113j\u0101 reiz\u0113 izsol\u0113 p\u0101rdota pirms 45 gadiem par iev\u0113rojami zem\u0101ku summu \u2013 vien 51 000 ASV dol\u0101ru.<\/p>\n<p>Jauni rekordi un m\u0101kslas tirgus dinamika<\/p>\n<p>P\u0101rdo\u0161anas rezult\u0101ts ir ne tikai jauns rekords Fr\u012bdai Kalo un sievie\u0161u m\u0101kslinie\u010du darbiem, bet ar\u012b rekords Lat\u012b\u0146amerikas m\u0101kslas tirg\u016b. Tas demonstr\u0113 Kalo rado\u0161\u0101s mantojuma pieaugo\u0161o v\u0113rt\u012bbu un atzin\u012bbu pasaules m\u0101kslas aprit\u0113. \u0160is notikums ir da\u013ca no pla\u0161\u0101kas tendences, kur\u0101 sievie\u0161u m\u0101kslinie\u010du darbi ieg\u016bst arvien liel\u0101ku atpaz\u012bstam\u012bbu un komercv\u0113rt\u012bbu. Pirms tam sievie\u0161u m\u0101kslinie\u010du rekords pieder\u0113ja D\u017eord\u017eijai O&#8217;K\u012bfai, kuras glezna tika p\u0101rdota par 44,4 miljoniem dol\u0101ru.<\/p>\n<p>Izsole &#8220;Sotheby&#8217;s&#8221; kopum\u0101 bija \u013coti veiksm\u012bga, \u012bpa\u0161i \u0146emot v\u0113r\u0101 ar\u012b citus v\u0113rt\u012bgus darbus, kas tika p\u0101rdoti taj\u0101 pa\u0161\u0101 vakar\u0101. Tostarp Gustavs Klimts sasniedza jaunu rekordu ar savu gleznu, kas tika p\u0101rdota par 236,4 miljoniem dol\u0101ru, k\u013c\u016bstot par otro d\u0101rg\u0101ko m\u0101kslas darbu, k\u0101ds jebkad p\u0101rdots izsol\u0113. \u0160ie rezult\u0101ti apliecina m\u0101kslas tirgus dinamiku un invest\u012bciju potenci\u0101lu augstas klases m\u0101kslas darbos.<\/p>\n<p>Kalo fenomena izpratne<\/p>\n<p>Fr\u012bdas Kalo popularit\u0101te un vi\u0146as darbu piepras\u012bjums turpina pieaugt jau daudzus gadus, kas tiek d\u0113v\u0113ts par &#8220;Fridamaniju&#8221;. Vi\u0146as darbiem rakstur\u012bg\u0101 god\u012bg\u0101 atkl\u0101t\u012bba, person\u012bg\u0101 pieredze un unik\u0101lais vizu\u0101lais stils joproj\u0101m sp\u0113j aizraut un iedvesmot skat\u012bt\u0101jus vis\u0101 pasaul\u0113. Vi\u0146as biogr\u0101fisk\u0101 filma un bie\u017e\u0101s muzeju izst\u0101des ir pal\u012bdz\u0113ju\u0161as nostiprin\u0101t vi\u0146as ikonas statusu. Ar\u012b \u0161\u012b rekorda sasnieg\u0161ana apliecina, ka vi\u0146as m\u0101ksla ir ne tikai emocion\u0101li un est\u0113tiski bag\u0101ta, bet ar\u012b \u0101rk\u0101rt\u012bgi piepras\u012bta glob\u0101laj\u0101 m\u0101kslas tirg\u016b.<\/p>\n","protected":false},"excerpt":{"rendered":"Fr\u012bdas Kalo darbs sasniedz jaunu rekordu m\u0101kslas izsol\u0113 Meksikas ikonas un slaven\u0101s gleznot\u0101jas Fr\u012bdas Kalo pa\u0161portrets, glezna ar&hellip;\n","protected":false},"author":2,"featured_media":56467,"comment_status":"","ping_status":"","sticky":false,"template":"","format":"standard","meta":{"footnotes":""},"categories":[19],"tags":[89,15236,90,35,39,38,36,37,34,40,11452,15238,15237,11453],"class_list":{"0":"post-56466","1":"post","2":"type-post","3":"status-publish","4":"format-standard","5":"has-post-thumbnail","7":"category-izklaide","8":"tag-entertainment","9":"tag-frida-kalo","10":"tag-izklaide","11":"tag-latvia","12":"tag-latvian","13":"tag-latviesu","14":"tag-latviesu-valoda","15":"tag-latviesuvaloda","16":"tag-latvija","17":"tag-lv","18":"tag-makslas-izsole","19":"tag-pasportrets","20":"tag-rekorda-cena","21":"tag-sotheby"},"share_on_mastodon":{"url":"https:\/\/pubeurope.com\/@lv\/115597588861445920","error":""},"_links":{"self":[{"href":"https:\/\/www.europesays.com\/lv\/wp-json\/wp\/v2\/posts\/56466","targetHints":{"allow":["GET"]}}],"collection":[{"href":"https:\/\/www.europesays.com\/lv\/wp-json\/wp\/v2\/posts"}],"about":[{"href":"https:\/\/www.europesays.com\/lv\/wp-json\/wp\/v2\/types\/post"}],"author":[{"embeddable":true,"href":"https:\/\/www.europesays.com\/lv\/wp-json\/wp\/v2\/users\/2"}],"replies":[{"embeddable":true,"href":"https:\/\/www.europesays.com\/lv\/wp-json\/wp\/v2\/comments?post=56466"}],"version-history":[{"count":0,"href":"https:\/\/www.europesays.com\/lv\/wp-json\/wp\/v2\/posts\/56466\/revisions"}],"wp:featuredmedia":[{"embeddable":true,"href":"https:\/\/www.europesays.com\/lv\/wp-json\/wp\/v2\/media\/56467"}],"wp:attachment":[{"href":"https:\/\/www.europesays.com\/lv\/wp-json\/wp\/v2\/media?parent=56466"}],"wp:term":[{"taxonomy":"category","embeddable":true,"href":"https:\/\/www.europesays.com\/lv\/wp-json\/wp\/v2\/categories?post=56466"},{"taxonomy":"post_tag","embeddable":true,"href":"https:\/\/www.europesays.com\/lv\/wp-json\/wp\/v2\/tags?post=56466"}],"curies":[{"name":"wp","href":"https:\/\/api.w.org\/{rel}","templated":true}]}}