{"id":5655,"date":"2025-09-26T14:14:07","date_gmt":"2025-09-26T14:14:07","guid":{"rendered":"https:\/\/www.europesays.com\/lv\/5655\/"},"modified":"2025-09-26T14:14:07","modified_gmt":"2025-09-26T14:14:07","slug":"ari-ostapenko-piedzivo-zaudejumu-pekinas-wta-1000-otras-kartas-maca","status":"publish","type":"post","link":"https:\/\/www.europesays.com\/lv\/5655\/","title":{"rendered":"Ar\u012b Ostapenko piedz\u012bvo zaud\u0113jumu Pekinas \u201cWTA 1000\u201d otr\u0101s k\u0101rtas ma\u010d\u0101"},"content":{"rendered":"<p>T\u0101 k\u0101 Ostapenko no pirm\u0101s k\u0101rtas bija br\u012bva, par zaud\u0113jumu vi\u0146a sa\u0146\u0113ma desmit WTA ranga punktus.<\/p>\n<p>Hona p\u0113c div\u0101m uzvar\u0101m kvalifik\u0101cijas turn\u012br\u0101 pirmaj\u0101 k\u0101rt\u0101 ar 1-6, 6-3, 7-6 (7:4) p\u0101rsp\u0113ja \u0161veicieti Viktoriju Golubi\u010du (WTA 70.).<\/p>\n<p>Tenisistes l\u012bdz \u0161im sav\u0101 starp\u0101 nebija tiku\u0161\u0101s.<\/p>\n<p>Ostapenko \u0161osezon ir sakr\u0101jusi bilanci 18-19, bet Hona \u2013 37-19, liel\u0101koties sp\u0113l\u0113jot zem\u0101ka l\u012bme\u0146a turn\u012bros.<\/p>\n<p>\u201cWTA 1000\u201d turn\u012brs Pekin\u0101 norisin\u0101s ciet\u0101 seguma kortos.<\/p>\n<p class=\"tv3-fw-500\">Zi\u0146o par k\u013c\u016bdu rakst\u0101<\/p>\n<p class=\"d-md-block d-none\">Iez\u012bm\u0113 k\u013c\u016bdaino tekstu un spied Ctrl+Enter.<\/p>\n<p class=\"d-md-none d-block\">Iez\u012bm\u0113 k\u013c\u016bdaino tekstu un zi\u0146o par to!<\/p>\n","protected":false},"excerpt":{"rendered":"T\u0101 k\u0101 Ostapenko no pirm\u0101s k\u0101rtas bija br\u012bva, par zaud\u0113jumu vi\u0146a sa\u0146\u0113ma desmit WTA ranga punktus. Hona p\u0113c&hellip;\n","protected":false},"author":2,"featured_media":5656,"comment_status":"","ping_status":"","sticky":false,"template":"","format":"standard","meta":{"footnotes":""},"categories":[17],"tags":[2521,35,39,38,36,37,34,40,67],"class_list":{"0":"post-5655","1":"post","2":"type-post","3":"status-publish","4":"format-standard","5":"has-post-thumbnail","7":"category-sports","8":"tag-alona-ostapenkowta","9":"tag-latvia","10":"tag-latvian","11":"tag-latviesu","12":"tag-latviesu-valoda","13":"tag-latviesuvaloda","14":"tag-latvija","15":"tag-lv","16":"tag-sports"},"share_on_mastodon":{"url":"","error":""},"_links":{"self":[{"href":"https:\/\/www.europesays.com\/lv\/wp-json\/wp\/v2\/posts\/5655","targetHints":{"allow":["GET"]}}],"collection":[{"href":"https:\/\/www.europesays.com\/lv\/wp-json\/wp\/v2\/posts"}],"about":[{"href":"https:\/\/www.europesays.com\/lv\/wp-json\/wp\/v2\/types\/post"}],"author":[{"embeddable":true,"href":"https:\/\/www.europesays.com\/lv\/wp-json\/wp\/v2\/users\/2"}],"replies":[{"embeddable":true,"href":"https:\/\/www.europesays.com\/lv\/wp-json\/wp\/v2\/comments?post=5655"}],"version-history":[{"count":0,"href":"https:\/\/www.europesays.com\/lv\/wp-json\/wp\/v2\/posts\/5655\/revisions"}],"wp:featuredmedia":[{"embeddable":true,"href":"https:\/\/www.europesays.com\/lv\/wp-json\/wp\/v2\/media\/5656"}],"wp:attachment":[{"href":"https:\/\/www.europesays.com\/lv\/wp-json\/wp\/v2\/media?parent=5655"}],"wp:term":[{"taxonomy":"category","embeddable":true,"href":"https:\/\/www.europesays.com\/lv\/wp-json\/wp\/v2\/categories?post=5655"},{"taxonomy":"post_tag","embeddable":true,"href":"https:\/\/www.europesays.com\/lv\/wp-json\/wp\/v2\/tags?post=5655"}],"curies":[{"name":"wp","href":"https:\/\/api.w.org\/{rel}","templated":true}]}}