{"id":56621,"date":"2025-11-23T09:43:21","date_gmt":"2025-11-23T09:43:21","guid":{"rendered":"https:\/\/www.europesays.com\/lv\/56621\/"},"modified":"2025-11-23T09:43:21","modified_gmt":"2025-11-23T09:43:21","slug":"mumins-princese-diana-un-citas-slavenibas-kuras-gaja-boja-autoavarijas-2","status":"publish","type":"post","link":"https:\/\/www.europesays.com\/lv\/56621\/","title":{"rendered":"Mumi\u0146\u0161, princese Di\u0101na un citas slaven\u012bbas, kuras g\u0101ja boj\u0101 autoav\u0101rij\u0101s"},"content":{"rendered":"<p style=\"text-align: justify;\">Velsas princese Di\u0101na. Publicit\u0101tes foto<\/p>\n<p style=\"text-align: justify;\">Satiksmes negad\u012bjumi ne\u0161\u0137iro \u2013 jauns vai vecs, bag\u0101ts vai nabags, slavens vai \u201ccilv\u0113ks parastais\u201d, izcils vai viduv\u0113js \u2013 \u0101trums, neuzman\u012bba vai likten\u012bga sakrit\u012bba da\u017e\u0101s sekund\u0113s var izdz\u0113st jebkuru dz\u012bv\u012bbu, atst\u0101jot tikai atmi\u0146as un virkni neatbild\u0113tu jaut\u0101jumu, v\u0113sta \u201cNational Geographic\u201d.<\/p>\n<p style=\"text-align: justify;\">Pasaules Vesel\u012bbas organiz\u0101cijas dati r\u0101da, ka pasaul\u0113 ik gadu autoav\u0101rij\u0101s mirst aptuveni 1,19 miljoni cilv\u0113ku. Tas ir 8400 reizes vair\u0101k nek\u0101 aviokatastrof\u0101s, 2600 reizes vair\u0101k nek\u0101 negad\u012bjumos uz \u016bdens un 600 reizes vair\u0101k nek\u0101 dzelzce\u013ca av\u0101rij\u0101s.<\/p>\n<p style=\"text-align: justify;\">Ar\u012b Latvijas statistika ir nepiel\u016bdzama \u2013 \u0161ogad ce\u013cu satiksmes negad\u012bjumos g\u0101ju\u0161i boj\u0101 jau 103 cilv\u0113ki, liecina CSDD apkopot\u0101 inform\u0101cija. Medijos teju katru dienu izskan zi\u0146as par av\u0101rij\u0101s cietu\u0161ajiem un boj\u0101g\u0101ju\u0161ajiem.<\/p>\n<p style=\"text-align: justify;\">\u0160\u0101 gada janv\u0101r\u012b s\u0113roj\u0101m par 14 gadus jaun\u0101s ventspilnieces un vi\u0146as m\u016bzikas skolot\u0101jas n\u0101vi, kuras kop\u0101 ar v\u0113l septi\u0146iem citiem skol\u0113nu mikroautobusa pasa\u017eieriem piedz\u012bvoja smagu sadursmi ar kravas auto. Oktobra beig\u0101s tra\u0123\u0113dija R\u0113zeknes pus\u0113 at\u0146\u0113ma dz\u012bv\u012bbu pusaudzim, bet 14. novembr\u012b Bauskas novad\u0101 seniors p\u0113c av\u0101rijas sadega dz\u012bvs sav\u0101 auto.<\/p>\n<p style=\"text-align: justify;\">Skarb\u0101 statistika ir iemesls, k\u0101p\u0113c ik gadu 16. novembr\u012b tiek atz\u012bm\u0113ta Pasaules ce\u013cu satiksmes negad\u012bjumu upuru piemi\u0146as diena, lai atcer\u0113tos ikvienu, kura dz\u012bve izbeidz\u0101s uz asfalta, un atg\u0101din\u0101tu, ka katrs pie st\u016bres pie\u0146emtais l\u0113mums var b\u016bt iz\u0161\u0137iro\u0161s.<\/p>\n<p style=\"text-align: justify;\">L\u016bk,\u00a0sabiedr\u012bb\u0101 labi zin\u0101mi\u00a0cilv\u0113ki, kuri nebija dzimu\u0161i \u201claimes krekli\u0146\u0101\u201d un kuru dz\u012bve negaid\u012bti p\u0101rtr\u016bka uz ce\u013ca:<\/p>\n<p style=\"text-align: justify;\">\u201cPr\u0101ta V\u0113tras\u201d un \u201cL\u012bvu\u201d m\u016bzi\u0137u p\u0113d\u0113jie braucieni<\/p>\n<p style=\"text-align: justify;\">Gundars Mau\u0161evics (1974 \u2013 2004), kura n\u0101ve satricin\u0101ja visu Latviju, bija viens no pieciem skolasbiedriem, kuri dibin\u0101ja m\u016bzikas grupu \u201cPr\u0101ta V\u0113tra\u201d. Sabiedr\u012bbai un draugiem vi\u0146\u0161 bija lab\u0101k paz\u012bstams k\u0101 Mumi\u0146\u0161.<\/p>\n<p style=\"text-align: justify;\">Talant\u012bgais bas\u0123it\u0101rists bija tikai 29 gadus jauns, kad 2004. gada 23. maij\u0101 k\u0101ds autobusa pasa\u017eieris Jelgavas \u0161osejas 11. kilometr\u0101 paman\u012bja pamestu \u201cAudi\u201d markas automa\u0161\u012bnu un izsauca policiju. P\u0113c\u0101k Mau\u0161evics tika atrasts miris aptuveni piecdesmit metrus no t\u0101s. Pier\u0101d\u012bjumus par apreibino\u0161u vielu lieto\u0161anu policija neatrada, ta\u010du tika konstat\u0113ts, ka auto traucies ar \u0101trumu 126 km\/h un vad\u012bt\u0101js nav bijis piespr\u0101dz\u0113jies.<\/p>\n<blockquote>\n<p style=\"text-align: center;\">Ned\u0113\u013c\u0101m negad\u012bjuma viet\u0101 g\u016bla ziedi un tika iedegtas svec\u012btes, b\u0113ru dien\u0101 no m\u016bzi\u0137a atvad\u012bties ierad\u0101s simtiem vi\u0146a talanta cien\u012bt\u0101ju. Sabiedr\u012bba un grupas biedri Mumi\u0146u piemin v\u0113l aizvien \u2013 ikdien\u0101, koncertos un m\u016bzik\u0101. Vi\u0146a draugu un kol\u0113\u0123u atmi\u0146as iem\u016b\u017ein\u0101tas dokument\u0101laj\u0101 film\u0101 \u201cPr\u0101ta v\u0113tra: Starp krastiem\u201d un gr\u0101mat\u0101 \u201cPr\u0101ta v\u0113tra. Mekl\u0113t vienam otru\u201d.<\/p>\n<\/blockquote>\n<p style=\"text-align: justify;\">Autoav\u0101rijas Latvijas m\u016bzi\u0137u aprindas satricin\u0101ju\u0161as ne reizi vien. Tra\u0123iski izdzisa ar\u012b \u201cL\u012bvu\u201d solista \u0112rika \u0136i\u0123e\u013ca (1955 \u2013 1985) dz\u012bv\u012bba \u2013 vi\u0146a vad\u012btais auto 1985. gada 3. oktobr\u012b sad\u016br\u0101s ar pretimbrauco\u0161u smago automa\u0161\u012bnu. M\u016bzi\u0137im bija tikai 30 gadu. Vi\u0146a piemi\u0146ai kop\u0161 1987. gada tiek r\u012bkots rokfestiv\u0101ls \u201cSaldus saule\u201d, un viens no t\u0101 organizatoriem ir m\u016bzi\u0137a d\u0113ls F\u0113likss \u0136i\u0123elis.<\/p>\n<p style=\"text-align: justify;\">Ta\u010du 2003. gada 26. j\u016blijs ir viena no meln\u0101kaj\u0101m dien\u0101m Latvijas m\u016bzikas v\u0113stur\u0113 \u2013 uz lielce\u013ca R\u012bga\u2013Daugavpils dz\u012bv\u012bbu zaud\u0113ja divi grupas \u201cL\u012bvi\u201d dal\u012bbnieki: bundzinieks Dainis Virga (1966 \u2013 2003) un ska\u0146u re\u017eisors Juris Jakov\u013cevs (1951 \u2013 2003). Grupas vok\u0101lists J\u0101nis Grodums (1958 \u2013 2010) un \u0123it\u0101rists, Dai\u0146a br\u0101lis Ainars Virga, kur\u0161, starp citu, todien vad\u012bja auto, guva da\u017e\u0101da smaguma traumas, bet izdz\u012bvoja.<\/p>\n<p style=\"text-align: justify;\">Da\u013ca iesp\u0113jams atminas, ka 1990. gada august\u0101 uz autoce\u013ca Sloka\u2013Talsi izdzisa korejie\u0161u izcelsmes padomju dzied\u0101t\u0101ja Viktora Coja dz\u012bv\u012bba. Tiek uzskat\u012bts, ka m\u016bzi\u0137is aizmiga pie st\u016bres, iebrauca pret\u0113j\u0101 josl\u0101 un saskr\u0113j\u0101s ar autobusu.<\/p>\n<p style=\"text-align: justify;\">Nakts, kad pasaule apst\u0101j\u0101s<\/p>\n<p style=\"text-align: justify;\">1997. gada 31. augusta nakti atceras visi, kas dz\u012bvoja devi\u0146desmitajos. R\u012btam austot, pasaule mod\u0101s ar zi\u0146u, kas \u0161\u0137ita neticama \u2013 36 gadus vec\u0101 Velsas princese Di\u0101na (1961 \u2013 1997), viena no m\u012bl\u0113t\u0101kaj\u0101m sieviet\u0113m pasaul\u0113, bija g\u0101jusi boj\u0101 autoav\u0101rij\u0101 Almas tunel\u012b, Par\u012bz\u0113, net\u0101lu no Eife\u013ca tor\u0146a. Taj\u0101 br\u012bd\u012b beidz\u0101s ne tikai vi\u0146as dz\u012bve, bet ar\u012b vesela \u0113ra \u2013 pateicoties tie\u0161i princeses Di\u0101nas drosmei un cilv\u0113c\u012bbai, Lielbrit\u0101nijas kara\u013cnams un tauta pirmo reizi patiesi bija satuvin\u0101ju\u0161ies.<\/p>\n<blockquote>\n<p style=\"text-align: center;\">Tonakt princese Di\u0101na kop\u0101 ar savu partneri, \u0113\u0123iptie\u0161u miljon\u0101ru Dodi al Fajedu (1955 \u2013 1997) pameta viesn\u012bcu \u201cRitz\u201d miesassarga un person\u012bg\u0101 \u0161ofera pavad\u012bb\u0101. P\u0101ris dev\u0101s ce\u013c\u0101 ar melnu \u201cMercedes-Benz\u201d, cen\u0161oties izvair\u012bties no fotogr\u0101fiem, kas vi\u0146us vaj\u0101ja uz motocikliem.<\/p>\n<\/blockquote>\n<p style=\"text-align: justify;\">Neilgi p\u0113c pusnakts automa\u0161\u012bna liel\u0101 \u0101trum\u0101 ietriec\u0101s Almas tune\u013ca balst\u0101. Di\u0101na tika smagi ievainota. Medi\u0137iem izdev\u0101s vi\u0146u atdz\u012bvin\u0101t, ta\u010du st\u0101voklis pasliktin\u0101j\u0101s, un, par sp\u012bti centieniem un oper\u0101cijai, p\u0113c da\u017e\u0101m stund\u0101m, 31. augusta r\u012bt\u0101, Salpetrj\u0113ra slimn\u012bc\u0101 vi\u0146a nomira. Vien\u012bgais av\u0101rij\u0101 izdz\u012bvoja princeses miesassargs Trevors R\u012bss-D\u017eounss.<\/p>\n<p style=\"text-align: justify;\">Zi\u0146a par Di\u0101nas n\u0101vi izplat\u012bj\u0101s ziben\u012bgi, un jau p\u0113c da\u017e\u0101m stund\u0101m pie Kensingtonas pils London\u0101 s\u0101ka kr\u0101ties ziedu, sve\u010du un v\u0113stu\u013cu pakl\u0101js. Lielbrit\u0101nij\u0101, kur karalisk\u0101 \u0123imene tradicion\u0101li izvair\u0101s no emociju izr\u0101d\u012b\u0161anas, sabiedr\u012bba piepras\u012bja cilv\u0113c\u012bbu. Di\u0101nu d\u0113v\u0113ja par \u201ctautas princesi\u201d \u2013 sievieti, kura atkl\u0101ti un cilv\u0113c\u012bgi run\u0101ja par gar\u012bg\u0101m slim\u012bb\u0101m, HIV un vientul\u012bbu laik\u0101, kad citi par to klus\u0113ja.<\/p>\n<blockquote>\n<p style=\"text-align: center;\">S\u0101kotn\u0113ji prese tika aps\u016bdz\u0113ta slepkav\u012bb\u0101, ta\u010du pier\u0101d\u012bjumu tr\u016bkuma d\u0113\u013c lieta tika izbeigta. Fotogr\u0101fiem tika piespriests simbolisks naudas sods par priv\u0101tuma aizskar\u0161anu \u2013 viens eiro katram.<\/p>\n<\/blockquote>\n<p style=\"text-align: justify;\">Princese tika apglab\u0101ta 6. septembr\u012b net\u0101lu no sav\u0101m b\u0113rn\u012bbas m\u0101j\u0101m \u2013 Altorp\u0101, Nortempton\u0161\u012br\u0101. Vi\u0146as atdusas vieta ir neliela sala Ov\u0101laj\u0101 ezer\u0101, ko ieskauj koki. T\u0101s krast\u0101 ier\u012bkota memori\u0101l\u0101 aleja ar marmora urn\u0101m un v\u0101rtiem, kas simboliz\u0113 mieru un \u0161\u0137\u012bst\u012bbu. T\u0101 k\u013cuvusi gandr\u012bz vai par sv\u0113tvietu, kur cilv\u0113ki joproj\u0101m noliek ziedus un piemin princesi Di\u0101nu.<\/p>\n<p style=\"text-align: justify;\">\u0100trums, kas nogalina bez \u017e\u0113last\u012bbas<\/p>\n<p style=\"text-align: justify;\">Uz ce\u013ca dz\u012bvi beidza ar\u012b le\u0123end\u0101r\u0101s filmu fran\u0161\u012bzes \u201c\u0100trs un bez \u017e\u0113last\u012bbas\u201d zvaigzne Pols Volkers (1973 \u2013 2013). Vi\u0146\u0161 kop\u0101 ar savu draugu un finan\u0161u konsultantu Rod\u017eeru Rodasu (1975 \u2013 2013) dev\u0101s uz k\u0101du labdar\u012bbas pas\u0101kumu Losand\u017eelos\u0101, kad nezin\u0101mu iemeslu d\u0113\u013c pie \u201cPorsche\u201d st\u016bres s\u0113do\u0161ais Rodass zaud\u0113ja kontroli un auto avar\u0113ja, vispirms uzbraucot uz ietves un ietriecoties kok\u0101, tad latern\u0101. P\u0113c triecieniem auto apmet\u0101s otr\u0101di un turpin\u0101ja sl\u012bd\u0113t, l\u012bdz atkal ietriec\u0101s kok\u0101 un aizdeg\u0101s.<\/p>\n<p style=\"text-align: justify;\">Izmekl\u0113\u0161ana apliecin\u0101ja \u2013 ne pats Volkers, ne ar\u012b vi\u0146a draugs, kur\u0161 turkl\u0101t bija profesion\u0101ls sac\u012bk\u0161u brauc\u0113js, nebija lietojis narkotiskas vai apreibino\u0161as vielas. Netika ar\u012b atrasti pier\u0101d\u012bjumi, kas liecin\u0101tu par slepkav\u012bbas m\u0113\u0123in\u0101jumu vai cita veida \u013caunpr\u0101t\u012bg\u0101m darb\u012bb\u0101m. Ta\u010du zin\u0101ms, ka auto negad\u012bjuma br\u012bd\u012b brauca ar 160 km\/h lielu \u0101trumu.<\/p>\n<p style=\"text-align: justify;\">Volkeram bija tikai 40 gadu. Aktiera n\u0101ve satricin\u0101ja vi\u0146a fanus vis\u0101 pasaul\u0113 \u2013 ne tikai t\u0101p\u0113c, ka vi\u0146\u0161 bija kulta filmas zvaigzne, bet ar\u012b t\u0101p\u0113c, ka \u012bstaj\u0101 dz\u012bv\u0113 Volkers bija \u0101rk\u0101rt\u012bgi l\u012bdz\u012bgs savam varonim: mier\u012bgs, sirsn\u012bgs un vienm\u0113r gatavs pal\u012bdz\u0113t. N\u0101kamaj\u0101s dien\u0101s \u201c\u0100trs un bez \u017e\u0113last\u012bbas 7\u201d (2015) film\u0113\u0161ana tika aptur\u0113ta un Volkera kol\u0113\u0123i Vins D\u012bzels, Mi\u0161ela Rodrigesa un citi velt\u012bja vi\u0146am aizkustino\u0161us v\u0101rdus.<\/p>\n<blockquote>\n<p style=\"text-align: center;\">Lai pabeigtu filmas sept\u012bto da\u013cu, talk\u0101 n\u0101ca Volkera br\u0101\u013ci Kodijs un Keilebs, kuri film\u0113j\u0101s k\u0101 vi\u0146a aizst\u0101j\u0113ji, un viet\u0101m filmas veidot\u0101ji ar specefektu un tehnolo\u0123iju pal\u012bdz\u012bbu pievienoja Pola seju. Turpm\u0101k Volkera varonis film\u0101 vairs nepar\u0101d\u012bj\u0101s, ta\u010du vi\u0146a t\u0113ls turpina dz\u012bvot fanu atmi\u0146\u0101s.<\/p>\n<\/blockquote>\n<p style=\"text-align: justify;\">Vins D\u012bzels, vi\u0146a tuvs draugs uz ekr\u0101na un dz\u012bv\u0113, pat nosauca savu meitu par godu Polam, un 2015. gad\u0101, sa\u0146emot balvu \u201cTeen Choice Awards\u201d, D\u012bzels publiski pateic\u0101s ar\u012b Pola v\u0101rd\u0101, sakot: \u201cEs nevaru \u0161eit st\u0101v\u0113t un sa\u0146emt \u0161\u0101du atzin\u012bbu, nerun\u0101jot par k\u0101du mums \u013coti, \u013coti, \u013coti svar\u012bgu cilv\u0113ku. Viena no lab\u0101kaj\u0101m m\u0101c\u012bb\u0101m m\u016bsu dz\u012bv\u0113 ir t\u0101, ka mums bija iesp\u0113ja saukt \u201cPablo\u201d par savu br\u0101li. Pols Volkers ir \u0161eit \u2013 m\u016bsu sird\u012bs.\u201d<\/p>\n<p style=\"text-align: justify;\">No Holivudas film\u0101m l\u012bdz Monako Karalistei<\/p>\n<p style=\"text-align: justify;\">Vi\u0146as dz\u012bve atg\u0101din\u0101ja pasaku \u2013 Holivudas zvaigzne, kura k\u013cuva par \u012bstu princesi. Greisa Kellija (1929 \u2013 1982), \u201cOskara\u201d balvas laure\u0101te un viena no spo\u017e\u0101kaj\u0101m 20. gadsimta ikon\u0101m, 1956. gad\u0101 apprec\u0113j\u0101s ar Monako princi Renj\u0113 III (1949\u00a0\u2013 2005) un uz visiem laikiem atst\u0101ja kino pasauli. Ta\u010du 1982. gada 14. septembris vi\u0146as st\u0101st\u0101 bija iz\u0161\u0137iro\u0161s.<\/p>\n<p style=\"text-align: justify;\">Dienu iepriek\u0161 Kellija dev\u0101s uz \u0123imenes lauku rezidenci kop\u0101 ar savu 17 gadus jauno meitu Stef\u0101niju. Ce\u013c\u0101 atpaka\u013c uz m\u0101j\u0101m, atrodoties pie automa\u0161\u012bnas \u201cRover 3500\u201d st\u016bres, 52 gadus vec\u0101 princese piedz\u012bvoja insultu. Braucot pa l\u012bkumotajiem kalnu ce\u013ciem, vi\u0146a zaud\u0113ja kontroli p\u0101r automa\u0161\u012bnu, un t\u0101 noripoja vair\u0101k nek\u0101 30 metrus lejup pa nog\u0101zi un aizdeg\u0101s. Kellijas meita bija centusies noraut st\u0101vbremzi, lai aptur\u0113tu av\u0101riju, ta\u010du neveiksm\u012bgi.<\/p>\n<blockquote>\n<p style=\"text-align: center;\">Stef\u0101nija \u2013 lai ar\u012b guva vair\u0101kus kaulu l\u016bzumus \u2013 izdz\u012bvoja, ta\u010du Greisa Kellija n\u0101kamaj\u0101 dien\u0101 p\u0113c av\u0101rijas dev\u0101s aizsaul\u0113. Monako slimn\u012bc\u0101 \u0101rsti vair\u0101kas stundas cent\u0101s uztur\u0113t vi\u0146u pie dz\u012bv\u012bbas, ta\u010du gl\u0101bt princesi vairs nebija iesp\u0113jams.<\/p>\n<\/blockquote>\n<p style=\"text-align: justify;\">Zi\u0146a par princeses n\u0101vi satricin\u0101ja gan Monako, gan Holivudu. Cilv\u0113ki, kas vi\u0146u bija pazinu\u0161i, uzsv\u0113ra vi\u0146as neparasto sirsn\u012bbu, pietic\u012bbu un pa\u0161aizliedz\u012bbu \u2013 vi\u0146a bija talant\u012bga aktrise, kas atteic\u0101s no kino slavas, lai kalpotu Monako tautai un pal\u012bdz\u0113tu tiem, kam tas visvair\u0101k bija nepiecie\u0161ams.<\/p>\n<p style=\"text-align: justify;\">Greisa Kellija tika apglab\u0101ta Monako Katedr\u0101l\u0113, kur v\u0113l joproj\u0101m atdusas blakus princim Renj\u0113 III. Katru gadu t\u016bksto\u0161iem cilv\u0113ku ierodas \u0161aj\u0101 baltaj\u0101, klusaj\u0101 sv\u0113tn\u012bc\u0101, lai piemin\u0113tu princesi.<\/p>\n<p style=\"text-align: justify;\">M\u016b\u017e\u012bgais dumpinieks \u0101das jak\u0101 un ar cigareti zobos<\/p>\n<p style=\"text-align: justify;\">D\u017eeimss D\u012bns (1933 \u2013 1955) bija Holivudas nemiera gars \u2013 jauns un b\u012bstami harism\u0101tisks. Vi\u0146\u0161 ien\u0101ca kino, iemiesojot veselas paaudzes vientul\u012bbu un pretest\u012bbu film\u0101s \u201cDumpinieks bez iemesla\u201d (1955), \u201cUz austrumiem no \u0112denes\u201d (1955) un \u201cGigants\u201d (1956). Ar \u0161\u012bm lom\u0101m pietika, lai aktieris k\u013c\u016btu par le\u0123endu. Laikabiedri st\u0101sta, ka dz\u012bv\u0113 vi\u0146\u0161 bija tie\u0161i t\u0101ds pats k\u0101 uz ekr\u0101na \u2013 impuls\u012bvs, nemier\u012bgs un aizraut\u012bgs par \u0101trumu.<\/p>\n<blockquote>\n<p style=\"text-align: center;\">1955. gada 30. septembra p\u0113cpusdien\u0101, tikai 24 gadu vecum\u0101, D\u012bns s\u0113d\u0101s sav\u0101 jaunaj\u0101, sudrabotaj\u0101 \u201cPorsche\u201d, ko pats bija iesaucis par \u201cLittle Bastard\u201d jeb \u201cMazo nelieti\u201d. Vi\u0146\u0161 dev\u0101s uz autosac\u012bkst\u0113m Kalifornij\u0101 \u2013 kam\u0113r pie st\u016bres bija aktieris pats, vi\u0146am blakus s\u0113d\u0113ja v\u0101cu in\u017eenieris un sac\u012bk\u0161u brauc\u0113js Rolfs V\u012bterihs (1927 \u2013 1981).<\/p>\n<\/blockquote>\n<p style=\"text-align: justify;\">Ce\u013c\u0101 vi\u0146i non\u0101ca front\u0101l\u0101 sadursm\u0113 ar \u201cFord\u201d automa\u0161\u012bnu, ko vad\u012bja 23 gadus jauns students Donalds T\u0113rnaps\u012bds (1932 \u2013 1995). Vi\u0146\u0161 negaid\u012bti izbrauca priek\u0161\u0101 aktiera vad\u012btajai automa\u0161\u012bnai, izraisot sadursmi. D\u012bnu kop\u0101 ar pasa\u017eieri nog\u0101d\u0101ja slimn\u012bc\u0101, kur aktieris taj\u0101 pa\u0161\u0101 vakar\u0101 mira. V\u012bterihs izdz\u012bvoja, lai gan guva smagas traumas, bet T\u0113rnaps\u012bds tika cauri sveik\u0101 vien ar nelieliem ievainojumiem un p\u0113c \u012bsas nopratin\u0101\u0161anas tika atbr\u012bvots.<\/p>\n<p style=\"text-align: justify;\">D\u017eeimsa D\u012bna n\u0101ve satricin\u0101ja visu Ameriku. Tas bija \u0161oks \u2013 50. gadu jaunie\u0161u elks un v\u012bri\u0161\u0137\u012bbas simbols, kas visiem \u0161\u0137ita tik neievainojams, p\u0113k\u0161\u0146i k\u013cuva par pier\u0101d\u012bjumu tam, cik trausla var b\u016bt jaun\u012bba un br\u012bv\u012bba. Jau dr\u012bz vi\u0146a t\u0113ls k\u013cuva par kult\u016bras manifestu \u2013 \u0101das jaka, d\u017einsi, cigarete un nemier\u012bgs skatiens.<\/p>\n<p style=\"text-align: justify;\">Tikai viena no D\u012bna film\u0101m pasp\u0113ja izn\u0101kt, kam\u0113r aktieris v\u0113l bija dz\u012bvs, \u2013 \u201cDumpinieks bez iemesla\u201d. P\u0101r\u0113j\u0101s pirmizr\u0101di piedz\u012bvoja p\u0113c vi\u0146a n\u0101ves. V\u0113l\u0101k vi\u0146\u0161 tika nomin\u0113ts \u201cOskara\u201d balvai k\u0101 lab\u0101kais aktieris gan pa filmu \u201cUz austrumiem no \u0112denes\u201d, gan \u201cGigantu\u201d. D\u017eeimss D\u012bns apglab\u0101ts dzimtaj\u0101 Indi\u0101nas \u0161tat\u0101, net\u0101lu no sav\u0101m b\u0113rn\u012bbas m\u0101j\u0101m.<\/p>\n<p style=\"text-align: justify;\">Lasiet ar\u012b:\u00a0<\/p>\n<p style=\"text-align: justify;\"><a href=\"https:\/\/ritakafija.lv\/2025\/11\/21\/loti-skarbi-nosacijumi-ukrainai-nopludinatas-trampa-miera-plana-detalas\/\" target=\"_blank\" rel=\"noopener nofollow\">\u013boti skarbi nosac\u012bjumi Ukrainai \u2013 nopludin\u0101tas Trampa \u00abmiera\u00bb pl\u0101na deta\u013cas<\/a><\/p>\n<p style=\"text-align: justify;\"><a style=\"color: #800000;\" href=\"https:\/\/ritakafija.lv\/2025\/11\/21\/iecerets-aizliegt-jaungada-nakti-ugunot-pec-maskavas-laika\/\" target=\"_blank\" rel=\"noopener nofollow\">Iecer\u0113ts aizliegt Jaungada nakt\u012b ugu\u0146ot p\u0113c Maskavas laika<\/a><\/p>\n<p style=\"text-align: justify;\"><a style=\"color: #800000;\" href=\"https:\/\/ritakafija.lv\/2025\/11\/21\/nesabisties-nakamnedel-uz-iedzivotaju-viedtalruniem-tiks-nosutiti-sunu-apraides-pazinojumi\/\" target=\"_blank\" rel=\"noopener nofollow\">Nesab\u012bsties! N\u0101kamned\u0113\u013c uz iedz\u012bvot\u0101ju viedt\u0101lru\u0146iem tiks nos\u016bt\u012bti\u00a0\u0161\u016bnu apraides pazi\u0146ojumi<\/a><\/p>\n<p style=\"text-align: justify;\"><a style=\"color: #800000;\" href=\"https:\/\/ritakafija.lv\/2025\/11\/21\/ridziniekus-aicina-iesutit-idejas-filmas-straume-telu-pastavigajai-atrasanas-vietai\/\" target=\"_blank\" rel=\"noopener nofollow\">Aicina ies\u016bt\u012bt idejas filmas\u00a0Straume\u00a0t\u0113lu\u00a0past\u0101v\u012bgajai atra\u0161\u0101n\u0101s vietai<\/a><\/p>\n<p style=\"text-align: justify;\"><a style=\"color: #800000;\" href=\"https:\/\/ritakafija.lv\/2025\/11\/21\/augulis-viriskiga-riciba-no-svinkas-puses-butu-atkapties-no-amata\/\" target=\"_blank\" rel=\"noopener nofollow\">Augulis: V\u012bri\u0161\u0137\u012bga r\u012bc\u012bba no \u0160vinkas puses b\u016btu atk\u0101pties no amata<\/a><\/p>\n<p style=\"text-align: justify;\"><a style=\"color: #800000;\" href=\"https:\/\/ritakafija.lv\/2025\/11\/21\/nedelas-horoskops-21-27-novembris\/\" target=\"_blank\" rel=\"noopener nofollow\">Ned\u0113\u013cas horoskops: 21. \u2013 27.novembris<\/a><\/p>\n<p style=\"text-align: justify;\"><a href=\"https:\/\/ritakafija.lv\/2025\/10\/24\/saeima-konceptuali-atbalsta-latvijas-izstasanos-no-stambulas-konvencijas\/\" rel=\"nofollow noopener\" target=\"_blank\">Seko mums ar\u012b\u00a0Facebook,X,\u00a0Instagram\u00a0un\u00a0Draugiem<\/a><\/p>\n","protected":false},"excerpt":{"rendered":"Velsas princese Di\u0101na. Publicit\u0101tes foto Satiksmes negad\u012bjumi ne\u0161\u0137iro \u2013 jauns vai vecs, bag\u0101ts vai nabags, slavens vai \u201ccilv\u0113ks&hellip;\n","protected":false},"author":2,"featured_media":56622,"comment_status":"","ping_status":"","sticky":false,"template":"","format":"standard","meta":{"footnotes":""},"categories":[19],"tags":[12928,15288,15289,15290,15291,89,15292,15293,15294,90,15295,35,39,38,36,37,34,15296,40,15297,15298,9653,15299,15300,15301,15302,15303,15304,1640,15305,15306],"class_list":{"0":"post-56621","1":"post","2":"type-post","3":"status-publish","4":"format-standard","5":"has-post-thumbnail","7":"category-izklaide","8":"tag-ainars-virga","9":"tag-dainis-virga","10":"tag-diana","11":"tag-donalds-ternapsids","12":"tag-dzeimss-dins","13":"tag-entertainment","14":"tag-felikss-kigelis","15":"tag-greisa-kellija","16":"tag-gundars-mausevics","17":"tag-izklaide","18":"tag-janis-grodums","19":"tag-latvia","20":"tag-latvian","21":"tag-latviesu","22":"tag-latviesu-valoda","23":"tag-latviesuvaloda","24":"tag-latvija","25":"tag-livi","26":"tag-lv","27":"tag-misela-rodrigesa","28":"tag-mumins-eriks-kigelis","29":"tag-national-geographic","30":"tag-pols-volkers","31":"tag-prata-vetra","32":"tag-renje-iii","33":"tag-rodzers-rodass","34":"tag-rolfs-viterihs","35":"tag-trevors-riss-dzounss","36":"tag-velsas-princese","37":"tag-viktors-cojs","38":"tag-vins-dizels"},"share_on_mastodon":{"url":"","error":"Validation failed: Text character limit of 500 exceeded"},"_links":{"self":[{"href":"https:\/\/www.europesays.com\/lv\/wp-json\/wp\/v2\/posts\/56621","targetHints":{"allow":["GET"]}}],"collection":[{"href":"https:\/\/www.europesays.com\/lv\/wp-json\/wp\/v2\/posts"}],"about":[{"href":"https:\/\/www.europesays.com\/lv\/wp-json\/wp\/v2\/types\/post"}],"author":[{"embeddable":true,"href":"https:\/\/www.europesays.com\/lv\/wp-json\/wp\/v2\/users\/2"}],"replies":[{"embeddable":true,"href":"https:\/\/www.europesays.com\/lv\/wp-json\/wp\/v2\/comments?post=56621"}],"version-history":[{"count":0,"href":"https:\/\/www.europesays.com\/lv\/wp-json\/wp\/v2\/posts\/56621\/revisions"}],"wp:featuredmedia":[{"embeddable":true,"href":"https:\/\/www.europesays.com\/lv\/wp-json\/wp\/v2\/media\/56622"}],"wp:attachment":[{"href":"https:\/\/www.europesays.com\/lv\/wp-json\/wp\/v2\/media?parent=56621"}],"wp:term":[{"taxonomy":"category","embeddable":true,"href":"https:\/\/www.europesays.com\/lv\/wp-json\/wp\/v2\/categories?post=56621"},{"taxonomy":"post_tag","embeddable":true,"href":"https:\/\/www.europesays.com\/lv\/wp-json\/wp\/v2\/tags?post=56621"}],"curies":[{"name":"wp","href":"https:\/\/api.w.org\/{rel}","templated":true}]}}