{"id":56625,"date":"2025-11-23T09:48:10","date_gmt":"2025-11-23T09:48:10","guid":{"rendered":"https:\/\/www.europesays.com\/lv\/56625\/"},"modified":"2025-11-23T09:48:10","modified_gmt":"2025-11-23T09:48:10","slug":"maskavas-apgabala-termoelektrostacija-izcelas-ugunsgreks-pec-ukrainu-lidrobotu-uzlidojuma-tvnet","status":"publish","type":"post","link":"https:\/\/www.europesays.com\/lv\/56625\/","title":{"rendered":"Maskavas apgabala termoelektrostacij\u0101 izce\u013cas ugunsgr\u0113ks p\u0113c ukrai\u0146u lidrobotu uzlidojuma &#8211; TVNET"},"content":{"rendered":"<ol>\n<li><a href=\"https:\/\/news.google.com\/rss\/articles\/CBMiugFBVV95cUxQUm9RREpQdzhjQ3E3RldWZ2Q3RUlZMk04bEg1b2FVaVpJX2FtVE9lNkp1MW84N2hKakNpWnZUN2Jld3NlaXpWbTB3NV8wNWtPNDdKOHk4bmt6VTJGbVpJVU9VaDZOSUZsTVU2OWZ5aDRUUW1KSTlxSC1ZbVpmUWxxR3ZOaGpmRjFzbzFRWS1oTlBfUFh4LUdtUjNMaTRJU05ra3g5aDBuM2xyNGdEbTJYeWt1YlJtaXlBVHc?oc=5\" target=\"_blank\" rel=\"nofollow noopener\">Maskavas apgabala termoelektrostacij\u0101 izce\u013cas ugunsgr\u0113ks p\u0113c ukrai\u0146u lidrobotu uzlidojuma<\/a>&nbsp;&nbsp;TVNET<\/li>\n<li><a href=\"https:\/\/news.google.com\/rss\/articles\/CBMiugFBVV95cUxNd3Y4d2FtR0wzMmdDdm5OQkdhWG56Uno4UHBfWmNzLXo1MDdWQURMVW9fM1JpeU1VZ3VhcUlZQ0swTjJya3d2WktaQldLWlloZzlxQmZLQ1BEVzZBSHpiT253VEc0UVpaZWFnNUpBbXBjS2NrXzdrZXdFa05KenQya1MzWUs3Uy1NQWgyNF9kMERoLWVCTkcxa3RQLTBhdnlLTVBNTEhmUzNsTEs0VFlYZ0UwQTZJVnRpSEE?oc=5\" target=\"_blank\" rel=\"nofollow noopener\">Ukrainas droni tr\u0101p\u012bju\u0161i Krievijas naftas p\u0101rstr\u0101des r\u016bpn\u012bcai Rjaza\u0146as apgabal\u0101<\/a>&nbsp;&nbsp;Jauns.lv<\/li>\n<li><a href=\"https:\/\/news.google.com\/rss\/articles\/CBMingFBVV95cUxOU0RJTUtTenF5VF9mNGJZRWt0MlhaVTljYVJTUGJGamZLVl8zT1lHRTRfR3hMQ1VSQnk0WmlhOWpjQ1dRc01VQ19zS2RxMEJLemxQa3hJLVVtQnRfSlVuUEV4cjVFeVhQUjhWY3k2UkVPTVFJR1VRdHB0QlNTS1pEaGR1THI0bWNPdVNiRGxnLU5fYVdubVMwaWRWUnFLdw?oc=5\" target=\"_blank\" rel=\"nofollow noopener\">VIDEO \u27e9 Krievij\u0101 p\u0113c Ukrainas dronu uzbrukuma deg termoelektrostacija<\/a>&nbsp;&nbsp;Apollo.lv<\/li>\n<li><a href=\"https:\/\/news.google.com\/rss\/articles\/CBMipwFBVV95cUxPcVNNalFpNHFsRW5qc2Z5U2V0NHNHMF9oOUVqTmw4V0cxMXVMS3lhcENuWG44dlFuQkszUHRRX2Q5bVNtYlNUdWtXVHd5SU5wTF9vWklOMUxXQVlDbHZQcnpzckRVTGc1UkJHV3Jycm5VbnNMcUpac0V3MmpZR3A3UEU3cGNZOGFnbm16QktLdGhIVU5BNnFKRFhyMjhoYjdER1dFZ1N2NA?oc=5\" target=\"_blank\" rel=\"nofollow noopener\">VIDEO. Ukraina veikusi triecienu pa Maskavas liel\u0101ko elektrostaciju \u2013 izc\u0113lies ugunsgr\u0113ks<\/a>&nbsp;&nbsp;LA.LV<\/li>\n<li><a href=\"https:\/\/news.google.com\/rss\/articles\/CBMikgFBVV95cUxOUHZNUExlNVVzMUhMZUZvSFBsOHBFZHNUSnNQYmtrWjZCYXR0TkdkN3pYdGgxY1pBRGFvUE1oNW8wekxGUVF3MjNuX0VmdWF3bkdGbFFTcXB3NUx6THM5M1RMaWxUZE9zLVFsNWxmR3Q0VlBMdXMxMDZsdlhBRDFYRWx1TkFzeTRwVkg1SHE5aTQyUQ?oc=5\" target=\"_blank\" rel=\"nofollow noopener\">Dronu triecien\u0101 uzliesmo Maskavas liel\u0101k\u0101 elektrostacija<\/a>&nbsp;&nbsp;tv3.lv<\/li>\n<\/ol>\n","protected":false},"excerpt":{"rendered":"Maskavas apgabala termoelektrostacij\u0101 izce\u013cas ugunsgr\u0113ks p\u0113c ukrai\u0146u lidrobotu uzlidojuma&nbsp;&nbsp;TVNET Ukrainas droni tr\u0101p\u012bju\u0161i Krievijas naftas p\u0101rstr\u0101des r\u016bpn\u012bcai Rjaza\u0146as apgabal\u0101&nbsp;&nbsp;Jauns.lv&hellip;\n","protected":false},"author":2,"featured_media":56626,"comment_status":"","ping_status":"","sticky":false,"template":"","format":"standard","meta":{"footnotes":""},"categories":[5],"tags":[23,28,29,32,33,22,74,30,31,35,39,38,36,37,34,40,20,26,27,24,25,276,21],"class_list":{"0":"post-56625","1":"post","2":"type-post","3":"status-publish","4":"format-standard","5":"has-post-thumbnail","7":"category-aktualitates","8":"tag-aktualitates","9":"tag-breaking-news","10":"tag-breakingnews","11":"tag-featured-news","12":"tag-featurednews","13":"tag-headlines","14":"tag-krievijas-iebrukums-ukraina","15":"tag-latest-news","16":"tag-latestnews","17":"tag-latvia","18":"tag-latvian","19":"tag-latviesu","20":"tag-latviesu-valoda","21":"tag-latviesuvaloda","22":"tag-latvija","23":"tag-lv","24":"tag-news","25":"tag-popularakas-zinas","26":"tag-popularakaszinas","27":"tag-top-stories","28":"tag-topstories","29":"tag-ukraina","30":"tag-zinas"},"share_on_mastodon":{"url":"https:\/\/pubeurope.com\/@lv\/115598387007306487","error":""},"_links":{"self":[{"href":"https:\/\/www.europesays.com\/lv\/wp-json\/wp\/v2\/posts\/56625","targetHints":{"allow":["GET"]}}],"collection":[{"href":"https:\/\/www.europesays.com\/lv\/wp-json\/wp\/v2\/posts"}],"about":[{"href":"https:\/\/www.europesays.com\/lv\/wp-json\/wp\/v2\/types\/post"}],"author":[{"embeddable":true,"href":"https:\/\/www.europesays.com\/lv\/wp-json\/wp\/v2\/users\/2"}],"replies":[{"embeddable":true,"href":"https:\/\/www.europesays.com\/lv\/wp-json\/wp\/v2\/comments?post=56625"}],"version-history":[{"count":0,"href":"https:\/\/www.europesays.com\/lv\/wp-json\/wp\/v2\/posts\/56625\/revisions"}],"wp:featuredmedia":[{"embeddable":true,"href":"https:\/\/www.europesays.com\/lv\/wp-json\/wp\/v2\/media\/56626"}],"wp:attachment":[{"href":"https:\/\/www.europesays.com\/lv\/wp-json\/wp\/v2\/media?parent=56625"}],"wp:term":[{"taxonomy":"category","embeddable":true,"href":"https:\/\/www.europesays.com\/lv\/wp-json\/wp\/v2\/categories?post=56625"},{"taxonomy":"post_tag","embeddable":true,"href":"https:\/\/www.europesays.com\/lv\/wp-json\/wp\/v2\/tags?post=56625"}],"curies":[{"name":"wp","href":"https:\/\/api.w.org\/{rel}","templated":true}]}}